{"id":7657,"date":"2022-01-20T04:21:20","date_gmt":"2022-01-20T03:21:20","guid":{"rendered":"http:\/\/www.infokuryr.cz\/n\/?p=7657"},"modified":"2022-01-20T04:21:20","modified_gmt":"2022-01-20T03:21:20","slug":"hodne-spatne-zpravy-z-nemecka-zelene-silenstvi-sili-a-plyn-dochazi","status":"publish","type":"post","link":"https:\/\/www.infokuryr.cz\/n\/2022\/01\/20\/hodne-spatne-zpravy-z-nemecka-zelene-silenstvi-sili-a-plyn-dochazi\/","title":{"rendered":"Hodn\u011b \u0161patn\u00e9 zpr\u00e1vy z N\u011bmecka. Zelen\u00e9 \u0161\u00edlenstv\u00ed s\u00edl\u00ed a plyn doch\u00e1z\u00ed"},"content":{"rendered":"<div id=\"fb-root\"><\/div>\n<p><strong>Podle mezin\u00e1rodn\u00edch i n\u011bmeck\u00fdch informac\u00ed stoj\u00ed N\u011bmecko p\u0159ed pr\u00e1zdn\u00fdmi z\u00e1sobn\u00edky na plyn. M\u00e1 z\u00e1soby pouze na 18 dn\u00ed. Hroz\u00ed hladov\u00e1 zima? pt\u00e1 se Deutsche Wirtschaftsnachrichten. M\u00e1me informaci, jak jsme na tom v \u010cesku?<\/strong><\/p>\n<p>Ochrana \u017eivotn\u00edho prost\u0159ed\u00ed m\u00e1 podle nov\u00e9ho n\u011bmeck\u00e9ho spolkov\u00e9ho ministra hospod\u00e1\u0159stv\u00ed &#8222;drastick\u00e9 zpo\u017ed\u011bn\u00ed&#8220;. Bude proto co nejrychleji novelizov\u00e1n p\u0159\u00edslu\u0161n\u00fd z\u00e1kon, kter\u00fd krom\u011b povinnosti osazovat novostavby sol\u00e1ry a dal\u0161\u00edho zv\u00fdhod\u0148ov\u00e1n\u00ed v\u00fdroby zelen\u00e9ho vod\u00edku v\u00fdrazn\u011b podpo\u0159\u00ed v\u00fdrobu energie z v\u011btru a slunce. Ke zd\u011b\u0161en\u00ed \u010dten\u00e1\u0159\u016f \u010dl\u00e1nku bude z\u00e1konem stanoveno, \u017ee na v\u00fdstavbu v\u011btrn\u00fdch za\u0159\u00edzen\u00ed budou ur\u010dena dv\u011b procenta celkov\u00e9 plochy zem\u011b, co\u017e je mnohem v\u00edc, ne\u017e tomu bylo doposud. Aby toho bylo mo\u017eno dos\u00e1hnout, m\u00e1 b\u00fdt v\u00fdstavba v\u011btrn\u00edk\u016f &#8222;usm\u00ed\u0159ena&#8220; s ochranou druh\u016f. V\u0161e prokazateln\u011b na \u00fakor zdrav\u00ed, na \u00fakor krajiny. Ministerstvo p\u0159edpokl\u00e1d\u00e1, \u017ee p\u0159i spr\u00e1vn\u00e9m nastaven\u00ed dojde k dynamice, kter\u00e1 zp\u016fsob\u00ed boom nov\u00fdch technologi\u00ed s nov\u00fdm pr\u016fmyslov\u00fdm vyu\u017eit\u00edm a s nov\u00fdmi pracovn\u00edmi m\u00edsty.<\/p>\n<div>Jsem zv\u011bdav\u00e1, do jak\u00e9 m\u00edry ovlivn\u00ed a ohroz\u00ed z\u00e1padn\u00ed infantilizace politiky i politiku na\u0161\u00ed vl\u00e1dy. Jak si jeden \u010dten\u00e1\u0159 tohoto \u010dl\u00e1nku povzdechl: &#8222;Technick\u00fd pokrok p\u0159ich\u00e1zel d\u0159\u00edve s vynal\u00e9z\u00e1n\u00edm, b\u00e1d\u00e1n\u00edm a s in\u017een\u00fdrskou v\u011bdou, dnes ho p\u0159ikazuj\u00ed profesion\u00e1ln\u00ed politici bez jak\u00e9hokoliv odborn\u00e9ho z\u00e1zem\u00ed.&#8220;<\/div>\n<div><\/div>\n<div>Greenpeace podpo\u0159ili n\u011bmeck\u00e9ho spolkov\u00e9ho ministra zem\u011bd\u011blstv\u00ed Cema \u00d6zdemira (Zelen\u00ed) a po\u017eaduj\u00ed, aby byla zv\u00fd\u0161ena DPH na maso a ml\u00e9\u010dn\u00e9 v\u00fdrobky, naopak na zeleninu a ovoce sn\u00ed\u017eena, nebo zcela odstran\u011bna. \u00d6zdemir kritizoval dumpingov\u00e9 ceny potravin a agr\u00e1rn\u00edch produkt\u016f. Zm\u011bnu, ke kter\u00e9 patrn\u011b n\u011bmeck\u00e1 vl\u00e1da p\u0159istoup\u00ed, od\u016fvod\u0148uje zv\u00fd\u0161en\u00edm blaha zv\u00ed\u0159at, z\u00e1chranou drobn\u00fdch zem\u011bd\u011blc\u016f, podporou udr\u017een\u00ed rozmanitosti druh\u016f i zm\u00edrn\u011bn\u00ed z\u00e1t\u011b\u017ee klimatu. H\u00e1dejte, jak se to projev\u00ed v na\u0161ich cen\u00e1ch?<\/p>\n<\/div>\n<div><strong>Helena Molottova<\/strong><\/div>\n<div><\/div>\n<div>Zdroje:\u00a0<a href=\"https:\/\/www.welt.de\/politik\/deutschland\/article236141720\/Habeck-will-umfassende-Sofortmassnahmen-fuer-mehr-Klimaschutz.html\">WELT<\/a>\u00a0&#8211;\u00a0<a href=\"https:\/\/www.welt.de\/politik\/deutschland\/article236207852\/Bundestag-Faeser-sagt-Rechtsextremismus-mit-Aktionsplan-den-Kampf-an.html\">WELT\u00a0<\/a>&#8211;\u00a0<a href=\"https:\/\/deutsche-wirtschafts-nachrichten.de\/516969\/Schock-Bericht-Erdgas-in-Deutschland-reicht-nur-noch-fuer-18-Tage\">deutsche-wirtschafts-nachrichten.de<\/a>\u00a0&#8211;\u00a0<a href=\"https:\/\/www.welt.de\/wirtschaft\/article235941172\/Greenpeace-fordert-hoehere-Mehrwertsteuer-fuer-Fleisch-und-Milch.html\">WELT<\/a><\/div>\n<div><\/div>\n<div><\/div>\n","protected":false},"excerpt":{"rendered":"<p>Podle mezin\u00e1rodn\u00edch i n\u011bmeck\u00fdch informac\u00ed stoj\u00ed N\u011bmecko p\u0159ed pr\u00e1zdn\u00fdmi z\u00e1sobn\u00edky na plyn. M\u00e1 z\u00e1soby pouze&#8230;<\/p>\n","protected":false},"author":2,"featured_media":5988,"comment_status":"closed","ping_status":"closed","sticky":false,"template":"","format":"standard","meta":[],"categories":[7],"tags":[67,285,29,84,103],"_links":{"self":[{"href":"https:\/\/www.infokuryr.cz\/n\/wp-json\/wp\/v2\/posts\/7657"}],"collection":[{"href":"https:\/\/www.infokuryr.cz\/n\/wp-json\/wp\/v2\/posts"}],"about":[{"href":"https:\/\/www.infokuryr.cz\/n\/wp-json\/wp\/v2\/types\/post"}],"author":[{"embeddable":true,"href":"https:\/\/www.infokuryr.cz\/n\/wp-json\/wp\/v2\/users\/2"}],"replies":[{"embeddable":true,"href":"https:\/\/www.infokuryr.cz\/n\/wp-json\/wp\/v2\/comments?post=7657"}],"version-history":[{"count":0,"href":"https:\/\/www.infokuryr.cz\/n\/wp-json\/wp\/v2\/posts\/7657\/revisions"}],"wp:featuredmedia":[{"embeddable":true,"href":"https:\/\/www.infokuryr.cz\/n\/wp-json\/wp\/v2\/media\/5988"}],"wp:attachment":[{"href":"https:\/\/www.infokuryr.cz\/n\/wp-json\/wp\/v2\/media?parent=7657"}],"wp:term":[{"taxonomy":"category","embeddable":true,"href":"https:\/\/www.infokuryr.cz\/n\/wp-json\/wp\/v2\/categories?post=7657"},{"taxonomy":"post_tag","embeddable":true,"href":"https:\/\/www.infokuryr.cz\/n\/wp-json\/wp\/v2\/tags?post=7657"}],"curies":[{"name":"wp","href":"https:\/\/api.w.org\/{rel}","templated":true}]}}