{"id":7656,"date":"2022-01-20T04:19:23","date_gmt":"2022-01-20T03:19:23","guid":{"rendered":"http:\/\/www.infokuryr.cz\/n\/?p=7656"},"modified":"2022-01-20T04:19:23","modified_gmt":"2022-01-20T03:19:23","slug":"macron-hodla-vest-eu-k-rozhovorum-s-ruskem-o-bezpecnosti","status":"publish","type":"post","link":"https:\/\/www.infokuryr.cz\/n\/2022\/01\/20\/macron-hodla-vest-eu-k-rozhovorum-s-ruskem-o-bezpecnosti\/","title":{"rendered":"Macron hodl\u00e1 v\u00e9st EU k rozhovor\u016fm s Ruskem o bezpe\u010dnosti"},"content":{"rendered":"<div id=\"fb-root\"><\/div>\n<p>Nehled\u011b na to, co anglosa\u0161t\u00ed mimokontinent\u00e1ln\u00ed v\u00e1le\u010dn\u00ed \u0161tv\u00e1\u010di chystaj\u00ed s p\u00e1r v\u00fdchodn\u00edmi hujery na Ukrajin\u011b, francouzsk\u00fd prezident Macron chce za sou\u010dasn\u00e9ho p\u0159edsednictv\u00ed v\u00e9st EU k rozhovor\u016fm Ruskem o nastolen\u00ed pravidel bezpe\u010dnosti v Evrop\u011b. Prezident P\u00e1t\u00e9 R\u00e9publiky to prohl\u00e1sil to dnes v Evropsk\u00e9m parlamentu ve \u0160trasburku. Dialog s Ruskem h\u00e1j\u00edm u\u017e l\u00e9ta, a nen\u00ed na vybranou, \u0159ekl Emmanuel Macron. Rusof\u00f3bn\u00ed hujery s jejich troj\u010den\u00edm tak poslal &#8230; v\u00edte kam.<\/p>\n<p><a href=\"https:\/\/www.france24.com\/fr\/europe\/20220119-emmanuel-macron-d%C3%A9fend-ses-priorit%C3%A9s-face-aux-d%C3%A9put%C3%A9s-europ%C3%A9ens\">ZDROJ<\/a><\/p>\n<p>&nbsp;<\/p>\n","protected":false},"excerpt":{"rendered":"<p>Nehled\u011b na to, co anglosa\u0161t\u00ed mimokontinent\u00e1ln\u00ed v\u00e1le\u010dn\u00ed \u0161tv\u00e1\u010di chystaj\u00ed s p\u00e1r v\u00fdchodn\u00edmi hujery na Ukrajin\u011b,&#8230;<\/p>\n","protected":false},"author":2,"featured_media":3057,"comment_status":"closed","ping_status":"closed","sticky":false,"template":"","format":"standard","meta":[],"categories":[7],"tags":[41,130,307,22],"_links":{"self":[{"href":"https:\/\/www.infokuryr.cz\/n\/wp-json\/wp\/v2\/posts\/7656"}],"collection":[{"href":"https:\/\/www.infokuryr.cz\/n\/wp-json\/wp\/v2\/posts"}],"about":[{"href":"https:\/\/www.infokuryr.cz\/n\/wp-json\/wp\/v2\/types\/post"}],"author":[{"embeddable":true,"href":"https:\/\/www.infokuryr.cz\/n\/wp-json\/wp\/v2\/users\/2"}],"replies":[{"embeddable":true,"href":"https:\/\/www.infokuryr.cz\/n\/wp-json\/wp\/v2\/comments?post=7656"}],"version-history":[{"count":0,"href":"https:\/\/www.infokuryr.cz\/n\/wp-json\/wp\/v2\/posts\/7656\/revisions"}],"wp:featuredmedia":[{"embeddable":true,"href":"https:\/\/www.infokuryr.cz\/n\/wp-json\/wp\/v2\/media\/3057"}],"wp:attachment":[{"href":"https:\/\/www.infokuryr.cz\/n\/wp-json\/wp\/v2\/media?parent=7656"}],"wp:term":[{"taxonomy":"category","embeddable":true,"href":"https:\/\/www.infokuryr.cz\/n\/wp-json\/wp\/v2\/categories?post=7656"},{"taxonomy":"post_tag","embeddable":true,"href":"https:\/\/www.infokuryr.cz\/n\/wp-json\/wp\/v2\/tags?post=7656"}],"curies":[{"name":"wp","href":"https:\/\/api.w.org\/{rel}","templated":true}]}}