{"id":7652,"date":"2022-01-20T03:35:18","date_gmt":"2022-01-20T02:35:18","guid":{"rendered":"http:\/\/www.infokuryr.cz\/n\/?p=7652"},"modified":"2022-01-20T03:35:18","modified_gmt":"2022-01-20T02:35:18","slug":"cina-zverejnila-plan-na-zlepseni-dopravnich-siti-do-roku-2025","status":"publish","type":"post","link":"https:\/\/www.infokuryr.cz\/n\/2022\/01\/20\/cina-zverejnila-plan-na-zlepseni-dopravnich-siti-do-roku-2025\/","title":{"rendered":"\u010c\u00edna zve\u0159ejnila pl\u00e1n na zlep\u0161en\u00ed dopravn\u00edch s\u00edt\u00ed do roku 2025"},"content":{"rendered":"<div id=\"fb-root\"><\/div>\n<p>\u010c\u00edna zve\u0159ejnila pl\u00e1n nasti\u0148uj\u00edc\u00ed hlavn\u00ed c\u00edle rozvoje dopravn\u00ed s\u00edt\u011b v obdob\u00ed 14. p\u011btilet\u00e9ho pl\u00e1nu (2021-2025).<\/p>\n<p>Vysokorychlostn\u00ed \u017eeleznice se do roku 2025 prot\u00e1hnou na celkovou d\u00e9lku 50.000 kilometr\u016f, z 38.000 km v roce 2020, a o\u010dek\u00e1v\u00e1 se, \u017ee vlaky o rychlosti 250 km\/h pokryj\u00ed 95 procent m\u011bst s po\u010dtem obyvatel nad 500.000, uv\u00e1d\u00ed dokument zve\u0159ejn\u011bn\u00fd \u010d\u00ednskou St\u00e1tn\u00ed radou.<\/p>\n<p>\u010c\u00edna bude m\u00edt v roce 2025 \u017eeleznice o celkov\u00e9 d\u00e9lce 165.000 km oproti 146.000 km v roce 2020; v\u00edce ne\u017e 270 civiln\u00edch leti\u0161\u0165 oproti 241; 10.000 km linek metra v m\u011bstsk\u00fdch oblastech oproti 6.600 km; 190.000 km rychlostn\u00edch silnic oproti 161.000 km; a 18.500 km vysoko\u00farov\u0148ov\u00fdch vnitrozemsk\u00fdch vodn\u00edch cest oproti 16.100 km.<\/p>\n<p>Dopravn\u00ed syst\u00e9m bude tak\u00e9 zelen\u011bj\u0161\u00ed. M\u011bsta budou m\u00edt 72 procent autobus\u016f poh\u00e1n\u011bn\u00fdch nov\u00fdmi energiemi, co\u017e je zlep\u0161en\u00ed z 66,2 procenta, a intenzita emis\u00ed oxidu uhli\u010dit\u00e9ho klesne o 5 procent.<\/p>\n<p>Hlavn\u00edm c\u00edlem je dos\u00e1hnout podle pl\u00e1nu integrovan\u00e9ho rozvoje v roce 2025 s hmatateln\u00fdmi pr\u016flomy v inteligentn\u00ed a zelen\u00e9 transformaci dopravn\u00edho syst\u00e9mu.<\/p>\n<p>P\u0159i pohledu do roku 2035 je c\u00edlem pl\u00e1nu vybudovat \u201ekruhy 1-2-3\u201c pro cesty cestuj\u00edc\u00edch a p\u0159epravu zbo\u017e\u00ed.<\/p>\n<p>To znamen\u00e1, \u017ee doba cestov\u00e1n\u00ed v r\u00e1mci m\u011bst a seskupen\u00ed m\u011bst a mezi metropolemi se zkr\u00e1t\u00ed na jednu hodinu, dv\u011b hodiny a t\u0159i hodiny. Po\u0161ta zaslan\u00e1 expresn\u00edmi slu\u017ebami bude doru\u010dena b\u011bhem jednoho dne v r\u00e1mci \u010c\u00edny, dvou dn\u016f p\u0159i odes\u00edl\u00e1n\u00ed do sousedn\u00edch zem\u00ed, a t\u0159\u00ed dn\u016f p\u0159i odes\u00edl\u00e1n\u00ed do velk\u00fdch m\u011bst po cel\u00e9m sv\u011bt\u011b.<\/p>\n<p>V roce 2025 bude m\u00edt bezpe\u010dnost p\u0159epravy obil\u00ed, energie a rud v hlavn\u00edch kan\u00e1lech siln\u011bj\u0161\u00ed z\u00e1ruku a mezin\u00e1rodn\u00ed logistick\u00e9 dodavatelsk\u00e9 \u0159et\u011bzce budou podle pl\u00e1nu l\u00e9pe chr\u00e1n\u011bny.<\/p>\n<p>Pl\u00e1n mimo jin\u00e9 uv\u00e1d\u00ed, \u017ee se zlep\u0161\u00ed tak\u00e9 mezin\u00e1rodn\u00ed konektivita, specifikuje \u00fasil\u00ed o zlep\u0161en\u00ed dopravn\u00ed infrastruktury se sousedn\u00edmi zem\u011bmi a prosazuje vysoce kvalitn\u00ed rozvoj tras n\u00e1kladn\u00edch vlak\u016f mezi \u010c\u00ednou a Evropou a vybudov\u00e1n\u00ed \u201evzdu\u0161n\u00e9 Hedv\u00e1bn\u00e9 stezky.\u201c<\/p>\n<p><img decoding=\"async\" loading=\"lazy\" class=\"alignnone size-full wp-image-1185\" src=\"http:\/\/www.infokuryr.cz\/n\/wp-content\/uploads\/2021\/04\/kuryr-podpis.png\" alt=\"\" width=\"84\" height=\"24\" \/><\/p>\n<p>&nbsp;<\/p>\n","protected":false},"excerpt":{"rendered":"<p>\u010c\u00edna zve\u0159ejnila pl\u00e1n nasti\u0148uj\u00edc\u00ed hlavn\u00ed c\u00edle rozvoje dopravn\u00ed s\u00edt\u011b v obdob\u00ed 14. p\u011btilet\u00e9ho pl\u00e1nu (2021-2025)&#8230;.<\/p>\n","protected":false},"author":2,"featured_media":7653,"comment_status":"closed","ping_status":"closed","sticky":false,"template":"","format":"standard","meta":[],"categories":[7],"tags":[30,1743,1742],"_links":{"self":[{"href":"https:\/\/www.infokuryr.cz\/n\/wp-json\/wp\/v2\/posts\/7652"}],"collection":[{"href":"https:\/\/www.infokuryr.cz\/n\/wp-json\/wp\/v2\/posts"}],"about":[{"href":"https:\/\/www.infokuryr.cz\/n\/wp-json\/wp\/v2\/types\/post"}],"author":[{"embeddable":true,"href":"https:\/\/www.infokuryr.cz\/n\/wp-json\/wp\/v2\/users\/2"}],"replies":[{"embeddable":true,"href":"https:\/\/www.infokuryr.cz\/n\/wp-json\/wp\/v2\/comments?post=7652"}],"version-history":[{"count":0,"href":"https:\/\/www.infokuryr.cz\/n\/wp-json\/wp\/v2\/posts\/7652\/revisions"}],"wp:featuredmedia":[{"embeddable":true,"href":"https:\/\/www.infokuryr.cz\/n\/wp-json\/wp\/v2\/media\/7653"}],"wp:attachment":[{"href":"https:\/\/www.infokuryr.cz\/n\/wp-json\/wp\/v2\/media?parent=7652"}],"wp:term":[{"taxonomy":"category","embeddable":true,"href":"https:\/\/www.infokuryr.cz\/n\/wp-json\/wp\/v2\/categories?post=7652"},{"taxonomy":"post_tag","embeddable":true,"href":"https:\/\/www.infokuryr.cz\/n\/wp-json\/wp\/v2\/tags?post=7652"}],"curies":[{"name":"wp","href":"https:\/\/api.w.org\/{rel}","templated":true}]}}