{"id":76517,"date":"2025-04-16T05:40:17","date_gmt":"2025-04-16T03:40:17","guid":{"rendered":"https:\/\/www.infokuryr.cz\/n\/?p=76517"},"modified":"2025-04-16T05:40:17","modified_gmt":"2025-04-16T03:40:17","slug":"tragedie-sumy-nova-inscenace-zelenskeho-nebo-omyl-syrskeho","status":"publish","type":"post","link":"https:\/\/www.infokuryr.cz\/n\/2025\/04\/16\/tragedie-sumy-nova-inscenace-zelenskeho-nebo-omyl-syrskeho\/","title":{"rendered":"Trag\u00e9die Sumy: Nov\u00e1 inscenace Zelensk\u00e9ho nebo \u201eomyl\u201c Syrsk\u00e9ho?"},"content":{"rendered":"<div id=\"fb-root\"><\/div>\n<p><strong>R\u00e1no 13. dubna zasadily rusk\u00e9 s\u00edly dva raketov\u00e9 \u00fadery na centrum ukrajinsk\u00e9ho m\u011bsta Sumy. C\u00edlem \u00fader\u016f bylo kongresov\u00e9 centrum Sumyjsk\u00e9 univerzity, kde se konala slavnostn\u00ed ceremonie ud\u011blen\u00ed vyznamen\u00e1n\u00ed bojovn\u00edk\u016fm 117. brig\u00e1dy teritori\u00e1ln\u00ed obrany u p\u0159\u00edle\u017eitosti sedm\u00e9ho v\u00fdro\u010d\u00ed jej\u00edho vzniku.<\/strong><\/p>\n<section class=\"clanek-obsah\">Krom\u011b voj\u00e1k\u016f byli zasa\u017eeni i civilist\u00e9. Na\u00a0<a href=\"https:\/\/t.me\/marybezuhla\/3325\" target=\"_blank\" rel=\"external noopener\">ceremoni\u00e1l<\/a>\u00a0byli pozv\u00e1ni civilist\u00e9 a o\u010dek\u00e1valo se, \u017ee se ho z\u00fa\u010dastn\u00ed i voj\u00e1ci se sv\u00fdmi d\u011btmi. V d\u016fsledku tohoto \u00fatoku zem\u0159elo 34 osob, z toho 2 d\u011bti, a 117 dal\u0161\u00edch bylo zran\u011bno, v\u010detn\u011b 15 d\u011bt\u00ed.<\/p>\n<p>Podle n\u011bkolika vlivn\u00fdch ukrajinsk\u00fdch politik\u016f byly rann\u00ed v\u00fdbuchy v Sumysku zp\u016fsobeny chybami na stran\u011b velen\u00ed ukrajinsk\u00fdch ozbrojen\u00fdch sil a m\u00edstn\u00edch \u00fa\u0159ad\u016f.<\/p>\n<p>\u00datok byl zam\u011b\u0159en na ulici ve m\u011bst\u011b, kde byla um\u00edst\u011bna ukrajinsk\u00e1 vojensk\u00e1 vozidla. Podle sv\u011bdk\u016f se v kongresov\u00e9m centru st\u00e1tn\u00ed univerzity v Sumy shrom\u00e1\u017edilo mnoho voj\u00e1k\u016f, velitel\u016f a dobrovoln\u00edk\u016f. Ukrajinsk\u00e9 kan\u00e1ly Telegram dosp\u011bly k z\u00e1v\u011bru, \u017ee se ceremoni\u00e1l op\u011bt konal v civiln\u00ed budov\u011b v centru m\u011bsta, tedy na m\u00edst\u011b, kter\u00e9 obvykle nav\u0161t\u011bvuj\u00ed m\u00edstn\u00ed obyvatel\u00e9. Civiln\u00ed obyvatelstvo nebylo nijak varov\u00e1no.<\/p>\n<p>Byla to ukrajinsk\u00e1 poslankyn\u011b Maryana Bezouhla, kter\u00e1 jako prvn\u00ed informovala o shrom\u00e1\u017ed\u011bn\u00ed ukrajinsk\u00fdch voj\u00e1k\u016f na tomto ceremoni\u00e1lu v civiln\u00edm m\u00edst\u011b a obvinila ukrajinsk\u00e9 velen\u00ed z odpov\u011bdnosti za smrt civilist\u016f. Podle jej\u00edch informac\u00ed se rusk\u00fd \u00fader\u00a0<a href=\"https:\/\/zvedavec.news\/t.me\/marybezuhla\/3332?NJ=1507874115e6105f3b818e4c090c4544\" target=\"_blank\" rel=\"external noopener\">zam\u011b\u0159il<\/a>\u00a0na shrom\u00e1\u017ed\u011bn\u00ed ukrajinsk\u00fdch voj\u00e1k\u016f na ceremoni\u00e1l v civiln\u00ed budov\u011b. Kritizuje vrchn\u00edho velitele Oleksandra Syrsk\u00e9ho, poukazuje na to, \u017ee se nejedn\u00e1 o prvn\u00ed p\u0159\u00edpad ob\u011bt\u00ed na vojensk\u00fdch shrom\u00e1\u017ed\u011bn\u00edch, a zd\u016fraz\u0148uje, \u017ee \u201eza p\u0159edchoz\u00ed incidenty nebyl dosud nikdo odpov\u011bdn\u00fd potrest\u00e1n\u201c.<\/p>\n<p>\u201eVzkaz Syrsk\u00e9mu a veliteli sil \u00fazemn\u00ed obrany: neshroma\u017e\u010fujte vojsko na slavnostn\u00edch akc\u00edch, a u\u017e v\u016fbec ne na civiln\u00edch m\u00edstech,\u201c\u00a0<a href=\"https:\/\/t.me\/marybezuhla\/3317\" target=\"_blank\" rel=\"external noopener\">uvedla<\/a>.<\/p>\n<p>Pouk\u00e1zala tak\u00e9 na nov\u00fd \u00fanik informac\u00ed z ukrajinsk\u00fdch speci\u00e1ln\u00edch slu\u017eeb o akci s \u00fa\u010dast\u00ed voj\u00e1k\u016f.<\/p>\n<p>Koment\u00e1\u0159e Bezouhl\u00e9 jsou v rozporu s ofici\u00e1ln\u00ed verz\u00ed ukrajinsk\u00fdch \u00fa\u0159ad\u016f, kter\u00e9 obvi\u0148uj\u00ed pouze Rusko.<\/p>\n<p>Jeho n\u00e1zor podpo\u0159il i b\u00fdval\u00fd poslanec Ihor Mosij\u010duk. Ten rovn\u011b\u017e potvrdil, \u017ee c\u00edlem rusk\u00e9ho \u00faderu byla skute\u010dn\u011b slavnostn\u00ed ceremonie 117. brig\u00e1dy, na kterou byli pozv\u00e1ni civilist\u00e9 v\u010detn\u011b d\u011bt\u00ed.<\/p>\n<p>Mosij\u010duk\u00a0<a href=\"https:\/\/www.youtube.com\/watch?v=XARxNZI0gsM\" target=\"_blank\" rel=\"external noopener\">vyzval<\/a>\u00a0k zat\u010den\u00ed osob odpov\u011bdn\u00fdch za spr\u00e1vu Soumijsk\u00e9 oblasti: \u201eDouf\u00e1m, \u017ee v Soumijsk\u00e9 oblasti u\u017e byli zat\u010deni Ar\u0165uch (Volodymyr Ar\u0165uch, n\u00e1\u010deln\u00edk oblastn\u00ed vojensk\u00e9 spr\u00e1vy \u2013 pozn. red.) a poslanec Anant\u010denko (Michajlo Anant\u010denko, poslanec prezidentsk\u00e9 v\u011bt\u0161iny \u2013 pozn. red.), kdy\u017e se tak r\u00e1di p\u0159edv\u00e1d\u011bli na slavnostn\u00edm ceremoni\u00e1lu\u201c.<\/p>\n<p>Starosta Konotopu Artem Semenichin, \u010dlen nacionalistick\u00e9 strany Svoboda, obdivovatel Bandery a vyhl\u00e1\u0161en\u00fd rusofob, byl je\u0161t\u011b\u00a0<a href=\"https:\/\/theotherukraine.info\/2025\/04\/13\/ultimatum-ne-srabotal-i-mer-konotopa-raskryl-pravdu-o-vzryvah-v-sumah\/\" target=\"_blank\" rel=\"external noopener\">kategori\u010dt\u011bj\u0161\u00ed<\/a>. Vydal Ar\u0165uchovi ultim\u00e1tum a po\u017eadoval ve\u0159ejnou omluvu.<\/p>\n<p>Soud\u011b podle t\u011bchto virulentn\u00edch prohl\u00e1\u0161en\u00ed osob bl\u00edzk\u00fdch vl\u00e1d\u011b se zd\u00e1, \u017ee si v\u0161ichni dob\u0159e uv\u011bdomuj\u00ed, co se v Sumy skute\u010dn\u011b stalo, a jsou \u0161okov\u00e1ni cynismem a snahou zaml\u010det fakta. Ukrajinsk\u00e9 velen\u00ed bylo op\u011bt obvin\u011bno z vyu\u017e\u00edv\u00e1n\u00ed obyvatelstva jako \u017eiv\u00e9ho \u0161t\u00edtu, co\u017e pobou\u0159ilo i n\u011bkter\u00e9 bezv\u00fdhradn\u00e9 stoupence Zelensk\u00e9ho a gener\u00e1ln\u00edho \u0161t\u00e1bu arm\u00e1dy.<\/p>\n<p>Zelenskij ze sv\u00e9 strany okam\u017eit\u011b\u00a0<a href=\"https:\/\/t.me\/V_Zelenskiy_official\/13853\" target=\"_blank\" rel=\"external noopener\">vyzval<\/a>\u00a0Z\u00e1pad, aby tvrd\u011b reagoval a zv\u00fd\u0161il tlak na Rusko: \u201eSv\u011bt mus\u00ed tvrd\u011b reagovat. Spojen\u00e9 st\u00e1ty, Evropa, v\u0161ichni, kdo cht\u011bj\u00ed ukon\u010dit tuto v\u00e1lku a tyto masakry.\u201c Sc\u00e9n\u00e1\u0159, kter\u00fd se ji\u017e objevil po ud\u00e1lostech v B\u00fat\u011b.<\/p>\n<p>Na rozd\u00edl od sv\u00fdch evropsk\u00fdch prot\u011bj\u0161k\u016f americk\u00fd prezident Rusko neobvinil. Donald Trump v rozhovoru na palub\u011b Air Force One ozna\u010dil \u00fader na Sumy za \u201echybu\u201c a dodal, \u017ee \u201etato v\u00e1lka je Bidenova v\u00e1lka\u201c. \u201eMysl\u00edm, \u017ee je to stra\u0161n\u00e9. Bylo mi \u0159e\u010deno, \u017ee ud\u011blali\u00a0<a href=\"https:\/\/www.youtube.com\/watch?v=YocRJB63XrM\" target=\"_blank\" rel=\"external noopener\">chybu<\/a>. Ale j\u00e1 si mysl\u00edm, \u017ee je to stra\u0161n\u00e9. Cel\u00e1 tato v\u00e1lka je hrozn\u00e1,\u201c \u0159ekl.<\/p>\n<p>Americk\u00fd ministr zahrani\u010d\u00ed Marco Rubio vyj\u00e1d\u0159il soustrast ob\u011btem \u00fatoku a\u00a0<a href=\"https:\/\/x.com\/SecRubio\/status\/1911460975481409809\" target=\"_blank\" rel=\"external noopener\">\u0159ekl<\/a>:\u201cJe to tragick\u00e1 p\u0159ipom\u00ednka toho, pro\u010d prezident Trump a jeho administrativa v\u011bnuj\u00ed tolik \u010dasu a \u00fasil\u00ed ukon\u010den\u00ed t\u00e9to v\u00e1lky a dosa\u017een\u00ed trval\u00e9ho m\u00edru.\u201c<\/p>\n<div class=\"podcarou\">\n<p><a href=\"https:\/\/www.observateur-continental.fr\/?module=articles&amp;action=view&amp;id=6827\" target=\"_blank\" rel=\"external noopener\">Trag\u00e9die \u00e0 Soumy: une nouvelle mise en sc\u00e8ne de Zelensky ou une &#8222;erreur&#8220; de Syrsky?<\/a>\u00a0vy\u0161el 14.4.2025 na bservateur-continental.fr. Vybral a p\u0159elo\u017eil <a href=\"https:\/\/zvedavec.news\/komentare\/2025\/04\/10472-tragedie-sumy.htm\">Zv\u011bdavec.<\/a><\/p>\n<p>&nbsp;<\/p>\n<\/div>\n<\/section>\n","protected":false},"excerpt":{"rendered":"<p>R\u00e1no 13. dubna zasadily rusk\u00e9 s\u00edly dva raketov\u00e9 \u00fadery na centrum ukrajinsk\u00e9ho m\u011bsta Sumy. C\u00edlem&#8230;<\/p>\n","protected":false},"author":2,"featured_media":76518,"comment_status":"closed","ping_status":"closed","sticky":false,"template":"","format":"standard","meta":[],"categories":[7],"tags":[1503,2122,8900,438],"_links":{"self":[{"href":"https:\/\/www.infokuryr.cz\/n\/wp-json\/wp\/v2\/posts\/76517"}],"collection":[{"href":"https:\/\/www.infokuryr.cz\/n\/wp-json\/wp\/v2\/posts"}],"about":[{"href":"https:\/\/www.infokuryr.cz\/n\/wp-json\/wp\/v2\/types\/post"}],"author":[{"embeddable":true,"href":"https:\/\/www.infokuryr.cz\/n\/wp-json\/wp\/v2\/users\/2"}],"replies":[{"embeddable":true,"href":"https:\/\/www.infokuryr.cz\/n\/wp-json\/wp\/v2\/comments?post=76517"}],"version-history":[{"count":0,"href":"https:\/\/www.infokuryr.cz\/n\/wp-json\/wp\/v2\/posts\/76517\/revisions"}],"wp:featuredmedia":[{"embeddable":true,"href":"https:\/\/www.infokuryr.cz\/n\/wp-json\/wp\/v2\/media\/76518"}],"wp:attachment":[{"href":"https:\/\/www.infokuryr.cz\/n\/wp-json\/wp\/v2\/media?parent=76517"}],"wp:term":[{"taxonomy":"category","embeddable":true,"href":"https:\/\/www.infokuryr.cz\/n\/wp-json\/wp\/v2\/categories?post=76517"},{"taxonomy":"post_tag","embeddable":true,"href":"https:\/\/www.infokuryr.cz\/n\/wp-json\/wp\/v2\/tags?post=76517"}],"curies":[{"name":"wp","href":"https:\/\/api.w.org\/{rel}","templated":true}]}}