{"id":76505,"date":"2025-04-16T00:32:32","date_gmt":"2025-04-15T22:32:32","guid":{"rendered":"https:\/\/www.infokuryr.cz\/n\/?p=76505"},"modified":"2025-04-15T20:55:44","modified_gmt":"2025-04-15T18:55:44","slug":"velky-reset-v-ohrozeni-schwab-odstupuje-z-wef-a-krale-karla-iii-vyzyvaji-aby-se-vzdal-kralovskych-povinnosti","status":"publish","type":"post","link":"https:\/\/www.infokuryr.cz\/n\/2025\/04\/16\/velky-reset-v-ohrozeni-schwab-odstupuje-z-wef-a-krale-karla-iii-vyzyvaji-aby-se-vzdal-kralovskych-povinnosti\/","title":{"rendered":"Velk\u00fd reset v ohro\u017een\u00ed? Schwab odstupuje z WEF a kr\u00e1le Karla III vyz\u00fdvaj\u00ed, aby se vzdal kr\u00e1lovsk\u00fdch povinnost\u00ed"},"content":{"rendered":"<div id=\"fb-root\"><\/div>\n<p><span>Zd\u00e1 se, \u017ee \u010dasy se m\u011bn\u00ed, tedy minim\u00e1ln\u011b pro dva mocn\u00e9 mu\u017ee, kte\u0159\u00ed jsou nejv\u00edce spojov\u00e1ni s takzvan\u00fdm Velk\u00fdm resetem.<\/span><\/p>\n<p><span>B\u011bhem n\u011bkolika dn\u00ed bylo ozn\u00e1meno, \u017ee Klaus Schwab odstupuje z \u010dela spr\u00e1vn\u00ed rady Sv\u011btov\u00e9ho ekonomick\u00e9ho f\u00f3ra (WEF) a kr\u00e1l Charles III je vyz\u00fdv\u00e1n, aby se vzdal \u201ekl\u00ed\u010dov\u00fdch kr\u00e1lovsk\u00fdch povinnost\u00ed\u201c.<\/span><\/p>\n<p><span>Dne 3. \u010dervna 2020 pou\u017eil tehdej\u0161\u00ed princ Charles svou ofici\u00e1ln\u00ed webovou str\u00e1nku ke spu\u0161t\u011bn\u00ed nov\u00e9 glob\u00e1ln\u00ed iniciativy s n\u00e1zvem The Great Reset (Velk\u00fd reset). Ve stejn\u00fd den zve\u0159ejnilo Sv\u011btov\u00e9 ekonomick\u00e9 f\u00f3rum (WEF) video p\u0159i p\u0159\u00edle\u017eitosti spu\u0161t\u011bn\u00ed Velk\u00e9ho resetu.<\/span><\/p>\n<p><span>Jeden z c\u00edl\u016f Velk\u00e9ho resetu, mezi mnoha, lze shrnout takto: &#8222;Nebude\u0161 vlastnit nic. A bude\u0161 \u0161\u0165astn\u00fd.&#8220;<\/span><\/p>\n<h2><span>Klaus Schwab odstupuje<\/span><\/h2>\n<p><span>Dne 3. dubna 2025 noviny\u00a0<\/span><em><span>Financial Times<\/span><\/em><span>\u00a0informovaly, \u017ee Klaus Schwab, 87let\u00fd zakladatel WEF, zah\u00e1j\u00ed proces odstoupen\u00ed z funkce p\u0159edsedy dozor\u010d\u00ed rady. Doch\u00e1z\u00ed k tomu n\u011bkolik t\u00fddn\u016f pot\u00e9, co organizace sl\u00edbila reorganizaci po vy\u0161et\u0159ov\u00e1n\u00ed diskriminace na pracovi\u0161ti.<\/span><\/p>\n<p><span>V dopise Schwab uvedl, \u017ee WEF mus\u00ed po obdob\u00ed nepokoj\u016f obnovit sv\u016fj \u201esmysl pro posl\u00e1n\u00ed\u201c.<\/span><\/p>\n<p><em><span>&#8222;Jsem hluboce p\u0159esv\u011bd\u010den, \u017ee v dne\u0161n\u00edm speci\u00e1ln\u00edm kontextu je Sv\u011btov\u00e9 ekonomick\u00e9 f\u00f3rum d\u016fle\u017eit\u011bj\u0161\u00ed a relevantn\u011bj\u0161\u00ed ne\u017e kdykoli p\u0159edt\u00edm,&#8220;<\/span><\/em><span>\u00a0\u0159ekl.<\/span><\/p>\n<p><em><span>&#8222;I finan\u010dn\u011b je velmi dob\u0159e vybaveno. To, co je nyn\u00ed podstatn\u00e9 po nepokoj\u00edch v posledn\u00edch m\u011bs\u00edc\u00edch, je obnovit n\u00e1\u0161 smysl pro misi,&#8220;<\/span><\/em><span>\u00a0\u0159ekl Schwab, ani\u017e by specifikoval, zda neklid, o kter\u00e9m mluvil, byl reakc\u00ed na druh\u00e9 prezidentsk\u00e9 obdob\u00ed Donalda Trumpa nebo na vy\u0161et\u0159ov\u00e1n\u00ed WEF.<\/span><\/p>\n<p><span>Schwab uvedl, \u017ee prohl\u00e1\u0161en\u00ed ze dne 1. dubna 2025 m\u011blo zvl\u00e1\u0161tn\u00ed v\u00fdznam vzhledem k tomu, \u017ee p\u0159esn\u011b v tento den p\u0159ed 55 lety za\u010dal rozv\u00edjet koncept \u201eglob\u00e1ln\u00ed vesnice\u201c.<\/span><\/p>\n<p><span>Neposkytl v\u0161ak \u010dasov\u00fd pl\u00e1n sv\u00e9ho odchodu z WEF, \u0159ekl jen, \u017ee proces by m\u011bl b\u00fdt dokon\u010den do ledna 2027. V sou\u010dasn\u00e9m obdob\u00ed se soust\u0159ed\u00ed na psan\u00ed sv\u00fdch memo\u00e1r\u016f.<\/span><\/p>\n<p><span>Ji\u017e p\u0159ed rokem Schwab ozn\u00e1mil svou rezignaci na post v\u00fdkonn\u00e9ho p\u0159edsedy WEF po v\u00edce ne\u017e p\u016flstolet\u00ed v \u010dele nejzn\u00e1m\u011bj\u0161\u00ed ekonomick\u00e9 konference na sv\u011bt\u011b. Ozn\u00e1men\u00ed n\u00e1sledovalo po mnoha m\u011bs\u00edc\u00edch v\u00fdzev, aby odstoupil, a spekulac\u00edch o tom, kdo p\u0159evezme veden\u00ed.<\/span><\/p>\n<p><span>Jeho n\u00e1stupcem se stal B\u00f8rge Brende, kter\u00fd p\u0159evzal post p\u0159edsedy a v\u00fdkonn\u00e9ho \u0159editele spr\u00e1vn\u00ed rady, zat\u00edmco Schwab p\u0159evzal roli p\u0159edsedy dozor\u010d\u00ed rady WEF.<\/span><\/p>\n<p><span>P\u00e1r t\u00fddn\u016f p\u0159ed Schwabov\u00fdm ozn\u00e1men\u00edm v roce 2024 byl princ Charles korunov\u00e1n za kr\u00e1le Karla III a dal\u0161\u00edch 14 oblast\u00ed Commonwealthu.<\/span><\/p>\n<h2><span>Kr\u00e1l Karel III. je vyz\u00fdv\u00e1n aby se vzdal kl\u00ed\u010dov\u00fdch kr\u00e1lovsk\u00fdch povinnost\u00ed<\/span><\/h2>\n<p><span>Ve st\u0159edu, den p\u0159edt\u00edm, ne\u017e byla zve\u0159ejn\u011bna zpr\u00e1va o Schwabov\u011b odchodu ze spr\u00e1vn\u00ed rady WEF, bylo ozn\u00e1meno, \u017ee kr\u00e1l\u00a0<\/span><a href=\"https:\/\/www.badatel.net\/kral-karol-iii-planuje-urychlit-velky-reset-a-dalsie-protiludske-ciele-globalistov\/\"><span>Karel III.<\/span><\/a><span>\u00a0byl vyzv\u00e1n, aby po ned\u00e1vn\u00e9 hospitalizaci kv\u016fli vedlej\u0161\u00edm \u00fa\u010dink\u016fm l\u00e9\u010dby rakoviny se vzdal kl\u00ed\u010dov\u00fdch kr\u00e1lovsk\u00fdch povinnost\u00ed a ochr\u00e1nil si tak sv\u00e9 zdrav\u00ed.<\/span><\/p>\n<p><span>Karel III. m\u00e1 rakovinu u\u017e v\u00edce ne\u017e rok a n\u011bkte\u0159\u00ed si mysl\u00ed, \u017ee by m\u011bl zpomalit. P\u0159esv\u011bd\u010dit kr\u00e1le, aby pracoval m\u00e9n\u011b, v\u0161ak byl v\u017edy notoricky n\u00e1ro\u010dn\u00fd \u00fakol. Kr\u00e1lovsk\u00fd pobo\u010dn\u00edk ned\u00e1vno pro \u010dasopis Newsweek \u0159ekl, \u017ee kr\u00e1lovna Camilla byla jedin\u00e1, kter\u00e9 se \u00fasp\u011b\u0161n\u011b poda\u0159ilo po\u017e\u00e1dat kr\u00e1le, aby zpomalil.<\/span><\/p>\n<p><span>Mezi t\u011bmi, kdo si mysl\u00ed, \u017ee panovn\u00edk by m\u011bl zpomalit sv\u016fj nabit\u00fd pracovn\u00ed program, je i Ingrid Sewardov\u00e1, autorka knihy o kr\u00e1lovsk\u00e9 rodin\u011b \u201eMoje matka a j\u00e1\u201c.<\/span><\/p>\n<p><span>Sewardov\u00e1 pro Newsweek \u0159ekla, \u017ee panovn\u00edk by m\u011bl prodat \u010d\u00e1st sv\u00e9 pr\u00e1ce jin\u00fdm \u010dlen\u016fm kr\u00e1lovsk\u00e9 rodiny, kte\u0159\u00ed ji dokon\u010d\u00ed jeho jm\u00e9nem, \u200b\u200bv\u010detn\u011b ob\u0159ad\u016f investitury.<\/span><\/p>\n<p><em><span>&#8222;Mohl by prost\u011b odstoupit od investitur. Mysl\u00edm, \u017ee by to byl dobr\u00fd n\u00e1pad,&#8220;<\/span><\/em><span>\u00a0\u0159ekla.<\/span><\/p>\n<p><span>76let\u00fd monarcha nastoupil na t\u00fddenn\u00ed l\u00e9\u010dbu ve \u010dtvrtek 27. b\u0159ezna 2025, ale poci\u0165oval p\u0159i n\u00ed vedlej\u0161\u00ed \u00fa\u010dinky, kter\u00e9 si vy\u017e\u00e1daly obdob\u00ed pro pozorov\u00e1n\u00ed v soukrom\u00e9 nemocnici The London Clinic.<\/span><\/p>\n<p><span>Karel III. byl v \u00fater\u00fd 1. dubna 2025 zp\u011bt v pr\u00e1ci a vykonal zdlouhavou ceremonii, v jej\u00edm\u017e r\u00e1mci pasoval jednu osobu za ryt\u00ed\u0159e a p\u0159ed\u00e1val vyznamen\u00e1n\u00ed dal\u0161\u00edm des\u00edtk\u00e1m lid\u00ed.<\/span><\/p>\n<p><span>Slavnostn\u00ed investice je form\u00e1ln\u00ed ud\u00e1lost, p\u0159i kter\u00e9 lid\u00e9 dost\u00e1vaj\u00ed vyznamen\u00e1n\u00ed nebo jsou uvedeni do funkce autority. Ve Spojen\u00e9m kr\u00e1lovstv\u00ed se investitury konaj\u00ed v Buckinghamsk\u00e9m pal\u00e1ci, na hrad\u011b Windsor nebo v pal\u00e1ci Holyroodhouse, kde p\u0159\u00edjemci p\u0159eb\u00edraj\u00ed vyznamen\u00e1n\u00ed od \u010dlena kr\u00e1lovsk\u00e9 rodiny.<\/span><\/p>\n<p><span>Tato vyznamen\u00e1n\u00ed zahrnuj\u00ed ryt\u00ed\u0159sk\u00e9 tituly, MBE (\u010dlen \u0158\u00e1du Britsk\u00e9ho imp\u00e9ria), OBE (D\u016fstojn\u00edk \u0158\u00e1du Britsk\u00e9ho imp\u00e9ria) a dal\u0161\u00ed ocen\u011bn\u00ed.<\/span><\/p>\n<p><span>Mo\u017enost\u00ed by bylo, kdyby princ William provedl v\u00edce ob\u0159ad\u016f investitury, ne\u017e ned\u00e1vno uskute\u010dnil jeho otec Karoll III., kter\u00e9 se mohou prot\u00e1hnout na cel\u00e9 hodiny.<\/span><\/p>\n<p><span>Je zde i princezna Anne (kr\u00e1lova sestra) a princ Edward (pozn.: ten podez\u0159el\u00fd pedofil s kontakty na Epsteina) by tak\u00e9 mohl d\u011blat investituru.<\/span><\/p>\n<p><em><span>&#8222;Nen\u00ed d\u016fvod, pro\u010d by nemohl,&#8220;<\/span><\/em><span> \u0159ekla Sewardov\u00e1.<\/span><\/p>\n<p><span>Autor: Rhoda Wilsonov\u00e1, Zdroj:\u00a0<\/span><a href=\"https:\/\/expose-news.com\/2025\/04\/04\/the-great-reset-under-fire\/\" target=\"_blank\" rel=\"noopener\"><span>expose-news.com<\/span><\/a><\/p>\n<p>&nbsp;<\/p>\n","protected":false},"excerpt":{"rendered":"<p>Zd\u00e1 se, \u017ee \u010dasy se m\u011bn\u00ed, tedy minim\u00e1ln\u011b pro dva mocn\u00e9 mu\u017ee, kte\u0159\u00ed jsou nejv\u00edce&#8230;<\/p>\n","protected":false},"author":2,"featured_media":76506,"comment_status":"closed","ping_status":"closed","sticky":false,"template":"","format":"standard","meta":[],"categories":[7],"tags":[3291,291,235,613],"_links":{"self":[{"href":"https:\/\/www.infokuryr.cz\/n\/wp-json\/wp\/v2\/posts\/76505"}],"collection":[{"href":"https:\/\/www.infokuryr.cz\/n\/wp-json\/wp\/v2\/posts"}],"about":[{"href":"https:\/\/www.infokuryr.cz\/n\/wp-json\/wp\/v2\/types\/post"}],"author":[{"embeddable":true,"href":"https:\/\/www.infokuryr.cz\/n\/wp-json\/wp\/v2\/users\/2"}],"replies":[{"embeddable":true,"href":"https:\/\/www.infokuryr.cz\/n\/wp-json\/wp\/v2\/comments?post=76505"}],"version-history":[{"count":0,"href":"https:\/\/www.infokuryr.cz\/n\/wp-json\/wp\/v2\/posts\/76505\/revisions"}],"wp:featuredmedia":[{"embeddable":true,"href":"https:\/\/www.infokuryr.cz\/n\/wp-json\/wp\/v2\/media\/76506"}],"wp:attachment":[{"href":"https:\/\/www.infokuryr.cz\/n\/wp-json\/wp\/v2\/media?parent=76505"}],"wp:term":[{"taxonomy":"category","embeddable":true,"href":"https:\/\/www.infokuryr.cz\/n\/wp-json\/wp\/v2\/categories?post=76505"},{"taxonomy":"post_tag","embeddable":true,"href":"https:\/\/www.infokuryr.cz\/n\/wp-json\/wp\/v2\/tags?post=76505"}],"curies":[{"name":"wp","href":"https:\/\/api.w.org\/{rel}","templated":true}]}}