{"id":76503,"date":"2025-04-16T00:31:14","date_gmt":"2025-04-15T22:31:14","guid":{"rendered":"https:\/\/www.infokuryr.cz\/n\/?p=76503"},"modified":"2025-04-15T20:53:10","modified_gmt":"2025-04-15T18:53:10","slug":"odhaleny-podrobnosti-o-iranskych-jadernych-pozadavcich","status":"publish","type":"post","link":"https:\/\/www.infokuryr.cz\/n\/2025\/04\/16\/odhaleny-podrobnosti-o-iranskych-jadernych-pozadavcich\/","title":{"rendered":"Odhaleny podrobnosti o \u00edr\u00e1nsk\u00fdch jadern\u00fdch po\u017eadavc\u00edch"},"content":{"rendered":"<div id=\"fb-root\"><\/div>\n<h3>Teher\u00e1n je \u00fadajn\u011b ochoten poskytnout z\u00e1ruky, \u017ee jeho atomov\u00fd program je nevojensk\u00fd, v\u00fdm\u011bnou za uvoln\u011bn\u00ed sankc\u00ed<\/h3>\n<p><span>\u00cdr\u00e1n je p\u0159ipraven poskytnout uji\u0161t\u011bn\u00ed, \u017ee se nesna\u017e\u00ed ozbrojit sv\u016fj jadern\u00fd program v\u00fdm\u011bnou za uvoln\u011bn\u00ed americk\u00fdch sankc\u00ed, prohl\u00e1sil nejvy\u0161\u0161\u00ed diplomat zem\u011b, jak citoval Tehran Times. Seyed Abbas Araghchi vedl v sobotu \u00edr\u00e1nskou delegaci b\u011bhem nep\u0159\u00edm\u00fdch jedn\u00e1n\u00ed s americk\u00fdm vyslancem Stevem Witkoffem v om\u00e1nsk\u00e9m hlavn\u00edm m\u011bst\u011b Maskat.<\/span><\/p>\n<p><span>Setk\u00e1n\u00ed bylo prvn\u00edm diplomatick\u00fdm st\u0159etnut\u00edm mezi Washingtonem a Teher\u00e1nem po letech, p\u0159i\u010dem\u017e diskuse se zam\u011b\u0159ily na \u00edr\u00e1nsk\u00fd jadern\u00fd program a potenci\u00e1ln\u00ed zm\u00edrn\u011bn\u00ed americk\u00fdch sankc\u00ed.<\/span><\/p>\n<p><span>Podle zpravodajsk\u00e9ho m\u00e9dia Araghchi uvedl, \u017ee \u00cdr\u00e1n chce\u00a0<\/span><em><span>\u201eoboustrann\u011b v\u00fdhodnou dohodu\u201c<\/span><\/em><span>\u00a0a\u00a0<\/span><em><span>\u201eza \u017e\u00e1dn\u00fdch okolnost\u00ed by nesouhlasil s demont\u00e1\u017e\u00ed sv\u00e9ho jadern\u00e9ho programu\u201c.<\/span><\/em><\/p>\n<p><span>\u0158ekl v\u0161ak, \u017ee zem\u011b je\u00a0<\/span><em><span>\u201eochotn\u00e1 podniknout kroky, aby poskytla z\u00e1ruky proti militarizaci sv\u00fdch jadern\u00fdch aktivit\u201c.<\/span><\/em><span>\u00a0To by zahrnovalo povolen\u00ed p\u0159\u00edstupu Mezin\u00e1rodn\u00ed agentury pro atomovou energii do jadern\u00fdch lokalit v zemi.<\/span><\/p>\n<p><span>Na opl\u00e1tku Teher\u00e1n chce, aby byly americk\u00e9 sankce na n\u011bkolik sektor\u016f zru\u0161eny, ani\u017e by bylo mo\u017en\u00e9 vr\u00e1tit je\u00a0<\/span><em><span>\u201epod jinou z\u00e1minkou\u201c,<\/span><\/em><span>\u00a0jak uv\u00e1d\u00ed Tehran Times.<\/span><\/p>\n<p><span>Publikace uvedla, \u017ee se dozv\u011bd\u011bla, \u017ee Witkoff uznal, \u017ee USA mus\u00ed ud\u011blat \u00fastupky. B\u011bhem rozhovor\u016f se vyslanec \u00fadajn\u011b nezm\u00ednil o potenci\u00e1ln\u00ed demont\u00e1\u017ei \u00edr\u00e1nsk\u00e9ho jadern\u00e9ho programu a neodk\u00e1zal ani na p\u016fvodn\u00ed dohodu, Spole\u010dn\u00fd komplexn\u00ed ak\u010dn\u00ed pl\u00e1n (JCPOA), od kter\u00e9ho americk\u00fd prezident Donald Trump odstoupil v roce 2018 b\u011bhem sv\u00e9ho prvn\u00edho funk\u010dn\u00edho obdob\u00ed.<\/span><\/p>\n<p><span>V pond\u011bln\u00edm rozhovoru pro Fox News se Witkoff zastavil a vyzval Teher\u00e1n, aby zlikvidoval sv\u016fj jadern\u00fd program, a to navzdory po\u017eadavk\u016fm dal\u0161\u00edch americk\u00fdch p\u0159edstavitel\u016f, v\u010detn\u011b poradce B\u00edl\u00e9ho domu pro n\u00e1rodn\u00ed bezpe\u010dnost Mikea Waltze.<\/span><\/p>\n<p><em><span>&#8222;Rozhovor s \u00cdr\u00e1nci se bude t\u00fdkat dvou kritick\u00fdch bod\u016f,&#8220;<\/span><\/em><span>\u00a0\u0159ekl Witkoff. Prvn\u00edm je ov\u011b\u0159en\u00ed obohacov\u00e1n\u00ed uranu,\u00a0<\/span><em><span>\u201ea nakonec ov\u011b\u0159en\u00ed zbrojen\u00ed, kter\u00e9 zahrnuje st\u0159ely, typ st\u0159el, kter\u00e9 tam maj\u00ed naskladn\u011bny, a zahrnuje spou\u0161\u0165 pro bombu\u201c.<\/span><\/em><\/p>\n<p><span>Sbor isl\u00e1msk\u00fdch revolu\u010dn\u00edch gard (IRGC) v\u0161ak od t\u00e9 doby trv\u00e1 na tom, \u017ee vojensk\u00e9 schopnosti \u00cdr\u00e1nu jsou mimo limity.<\/span><\/p>\n<p><em><span>&#8222;N\u00e1rodn\u00ed bezpe\u010dnost, obrana a vojensk\u00e1 s\u00edla pat\u0159\u00ed mezi \u010derven\u00e9 linie \u00cdr\u00e1nsk\u00e9 isl\u00e1msk\u00e9 republiky, o kter\u00fdch nelze za \u017e\u00e1dn\u00fdch okolnost\u00ed diskutovat ani vyjedn\u00e1vat,&#8220;<\/span><\/em><span>\u00a0\u0159ekl v \u00fater\u00fd mluv\u010d\u00ed IRGC Ali Mohammad Naini podle r\u016fzn\u00fdch m\u00e9di\u00ed.<\/span><\/p>\n<p><span>O\u010dek\u00e1v\u00e1 se, \u017ee dal\u0161\u00ed kolo rozhovor\u016f mezi \u00cdr\u00e1nem a USA se uskute\u010dn\u00ed 19. dubna.<\/span><\/p>\n<p><img decoding=\"async\" loading=\"lazy\" class=\"alignnone size-full wp-image-71983\" src=\"http:\/\/www.infokuryr.cz\/n\/wp-content\/uploads\/2025\/02\/aaa.jpg\" alt=\"\" width=\"89\" height=\"23\" \/><\/p>\n<p>&nbsp;<\/p>\n","protected":false},"excerpt":{"rendered":"<p>Teher\u00e1n je \u00fadajn\u011b ochoten poskytnout z\u00e1ruky, \u017ee jeho atomov\u00fd program je nevojensk\u00fd, v\u00fdm\u011bnou za uvoln\u011bn\u00ed&#8230;<\/p>\n","protected":false},"author":2,"featured_media":76504,"comment_status":"closed","ping_status":"closed","sticky":false,"template":"","format":"standard","meta":[],"categories":[7],"tags":[3702,38,1060,37],"_links":{"self":[{"href":"https:\/\/www.infokuryr.cz\/n\/wp-json\/wp\/v2\/posts\/76503"}],"collection":[{"href":"https:\/\/www.infokuryr.cz\/n\/wp-json\/wp\/v2\/posts"}],"about":[{"href":"https:\/\/www.infokuryr.cz\/n\/wp-json\/wp\/v2\/types\/post"}],"author":[{"embeddable":true,"href":"https:\/\/www.infokuryr.cz\/n\/wp-json\/wp\/v2\/users\/2"}],"replies":[{"embeddable":true,"href":"https:\/\/www.infokuryr.cz\/n\/wp-json\/wp\/v2\/comments?post=76503"}],"version-history":[{"count":0,"href":"https:\/\/www.infokuryr.cz\/n\/wp-json\/wp\/v2\/posts\/76503\/revisions"}],"wp:featuredmedia":[{"embeddable":true,"href":"https:\/\/www.infokuryr.cz\/n\/wp-json\/wp\/v2\/media\/76504"}],"wp:attachment":[{"href":"https:\/\/www.infokuryr.cz\/n\/wp-json\/wp\/v2\/media?parent=76503"}],"wp:term":[{"taxonomy":"category","embeddable":true,"href":"https:\/\/www.infokuryr.cz\/n\/wp-json\/wp\/v2\/categories?post=76503"},{"taxonomy":"post_tag","embeddable":true,"href":"https:\/\/www.infokuryr.cz\/n\/wp-json\/wp\/v2\/tags?post=76503"}],"curies":[{"name":"wp","href":"https:\/\/api.w.org\/{rel}","templated":true}]}}