{"id":76500,"date":"2025-04-16T00:29:04","date_gmt":"2025-04-15T22:29:04","guid":{"rendered":"https:\/\/www.infokuryr.cz\/n\/?p=76500"},"modified":"2025-04-15T20:48:32","modified_gmt":"2025-04-15T18:48:32","slug":"usa-nepodpori-v-g7-odsouzeni-ruska-kvuli-raketovemu-uderu-v-sumy","status":"publish","type":"post","link":"https:\/\/www.infokuryr.cz\/n\/2025\/04\/16\/usa-nepodpori-v-g7-odsouzeni-ruska-kvuli-raketovemu-uderu-v-sumy\/","title":{"rendered":"USA nepodpo\u0159\u00ed v G7 odsouzen\u00ed Ruska kv\u016fli raketov\u00e9mu \u00faderu v Sumy"},"content":{"rendered":"<div id=\"fb-root\"><\/div>\n<h3>Moskva uvedla, \u017ee c\u00edlem raketov\u00e9ho \u00fatoku byli vysoce postaven\u00ed ukrajin\u0161t\u00ed a zahrani\u010dn\u00ed vojen\u0161t\u00ed d\u016fstojn\u00edci<\/h3>\n<p><span>Administrativa americk\u00e9ho prezidenta Donalda Trumpa odm\u00edtla podpo\u0159it prohl\u00e1\u0161en\u00ed G7 odsuzuj\u00edc\u00ed ned\u00e1vn\u00fd rusk\u00fd raketov\u00fd \u00fatok na ukrajinsk\u00e9 m\u011bsto Sumy, podle zdroj\u016f citovan\u00fdch agenturou Bloomberg.<\/span><\/p>\n<p><span>V pond\u011bl\u00ed rusk\u00e9 ministerstvo obrany potvrdilo odp\u00e1len\u00ed dvou raket Iskander-M o den d\u0159\u00edve, kter\u00e9 zam\u00ed\u0159ily na shrom\u00e1\u017ed\u011bn\u00ed ukrajinsk\u00e9ho a z\u00e1padn\u00edho velitelsk\u00e9ho \u0161t\u00e1bu a zabily nejm\u00e9n\u011b 60 vy\u0161\u0161\u00edch voj\u00e1k\u016f.<\/span><\/p>\n<p><span>Ukrajinsk\u00e9 \u00fa\u0159ady v\u0161ak tvrdily, \u017ee rusk\u00e9 rakety zas\u00e1hly p\u0159i slavnostn\u00edm p\u0159ed\u00e1v\u00e1n\u00ed vojensk\u00fdch cen a zabily 35 civilist\u016f a 129 dal\u0161\u00edch bylo zran\u011bno. Po \u00fatoku Ukrajina a \u0159ada jej\u00edch mezin\u00e1rodn\u00edch podporovatel\u016f obvinila Rusko, \u017ee se z\u00e1m\u011brn\u011b zam\u011b\u0159uje na civilisty a podkop\u00e1v\u00e1 m\u00edrov\u00e1 jedn\u00e1n\u00ed.<\/span><\/p>\n<p><span>Podle agentury Bloomberg skupina G7, kter\u00e9 letos p\u0159edsed\u00e1 Kanada, navrhla spole\u010dn\u00e9 prohl\u00e1\u0161en\u00ed odsuzuj\u00edc\u00ed \u00fader na Sumyho, ale kv\u016fli nedostatku podpory USA je nezve\u0159ejnila. V n\u00e1vrhu prohl\u00e1\u0161en\u00ed, kter\u00e9 tento server vid\u011bl, skupina uvedla, \u017ee \u00fatok byl d\u016fkazem, \u017ee Rusko je odhodl\u00e1no pokra\u010dovat v nep\u0159\u00e1telstv\u00ed.<\/span><\/p>\n<p><span>Bloomberg ozn\u00e1mil, \u017ee Trump\u016fv t\u00fdm skupin\u011b \u0159ekl, \u017ee nem\u016f\u017ee prohl\u00e1\u0161en\u00ed podepsat, proto\u017ee\u00a0<\/span><em><span>\u201epracuje na zachov\u00e1n\u00ed prostoru pro vyjedn\u00e1v\u00e1n\u00ed m\u00edru\u201c.<\/span><\/em><\/p>\n<p><span>Od lednov\u00e9ho n\u00e1stupu do \u00fa\u0159adu se Trump sna\u017eil dostat k jednac\u00edmu stolu jak Moskvu, tak Kyjev a obnovil p\u0159\u00edm\u00e9 kontakty s Ruskem s c\u00edlem usnadnit m\u00edrovou dohodu.<\/span><\/p>\n<p><span>B\u011bhem ukrajinsk\u00e9ho konfliktu Moskva tvrdila, \u017ee nikdy nec\u00edl\u00ed na civiln\u00ed infrastrukturu. Mluv\u010d\u00ed Kremlu Dmitrij Peskov ned\u00e1vno zd\u016fraznil, \u017ee Rusko \u00fato\u010d\u00ed pouze na vojensk\u00e9 c\u00edle.<\/span><\/p>\n<p><span>Ru\u0161t\u00ed p\u0159edstavitel\u00e9 tak\u00e9 prohl\u00e1sili, \u017ee Moskva z\u016fst\u00e1v\u00e1 otev\u0159en\u00e1 m\u00edrov\u00e9mu \u0159e\u0161en\u00ed ukrajinsk\u00e9ho konfliktu, ale zd\u016fraznili, \u017ee jak\u00e9koli urovn\u00e1n\u00ed mus\u00ed \u0159e\u0161it jeho z\u00e1kladn\u00ed p\u0159\u00ed\u010diny. Moskva po\u017eadovala, aby Kyjev demilitarizoval, denacifikoval, vzdal se sv\u00fdch ambic\u00ed v NATO a dr\u017eel se neutr\u00e1ln\u00edho postoje a uznal teritori\u00e1ln\u00ed\u00a0<\/span><em><span>\u201erealitu na m\u00edst\u011b\u201c.<\/span><\/em><\/p>\n<p><img decoding=\"async\" loading=\"lazy\" class=\"alignnone size-full wp-image-71983\" src=\"http:\/\/www.infokuryr.cz\/n\/wp-content\/uploads\/2025\/02\/aaa.jpg\" alt=\"\" width=\"89\" height=\"23\" \/><\/p>\n<p>&nbsp;<\/p>\n","protected":false},"excerpt":{"rendered":"<p>Moskva uvedla, \u017ee c\u00edlem raketov\u00e9ho \u00fatoku byli vysoce postaven\u00ed ukrajin\u0161t\u00ed a zahrani\u010dn\u00ed vojen\u0161t\u00ed d\u016fstojn\u00edci Administrativa&#8230;<\/p>\n","protected":false},"author":2,"featured_media":76501,"comment_status":"closed","ping_status":"closed","sticky":false,"template":"","format":"standard","meta":[],"categories":[7],"tags":[323,8900,37],"_links":{"self":[{"href":"https:\/\/www.infokuryr.cz\/n\/wp-json\/wp\/v2\/posts\/76500"}],"collection":[{"href":"https:\/\/www.infokuryr.cz\/n\/wp-json\/wp\/v2\/posts"}],"about":[{"href":"https:\/\/www.infokuryr.cz\/n\/wp-json\/wp\/v2\/types\/post"}],"author":[{"embeddable":true,"href":"https:\/\/www.infokuryr.cz\/n\/wp-json\/wp\/v2\/users\/2"}],"replies":[{"embeddable":true,"href":"https:\/\/www.infokuryr.cz\/n\/wp-json\/wp\/v2\/comments?post=76500"}],"version-history":[{"count":0,"href":"https:\/\/www.infokuryr.cz\/n\/wp-json\/wp\/v2\/posts\/76500\/revisions"}],"wp:featuredmedia":[{"embeddable":true,"href":"https:\/\/www.infokuryr.cz\/n\/wp-json\/wp\/v2\/media\/76501"}],"wp:attachment":[{"href":"https:\/\/www.infokuryr.cz\/n\/wp-json\/wp\/v2\/media?parent=76500"}],"wp:term":[{"taxonomy":"category","embeddable":true,"href":"https:\/\/www.infokuryr.cz\/n\/wp-json\/wp\/v2\/categories?post=76500"},{"taxonomy":"post_tag","embeddable":true,"href":"https:\/\/www.infokuryr.cz\/n\/wp-json\/wp\/v2\/tags?post=76500"}],"curies":[{"name":"wp","href":"https:\/\/api.w.org\/{rel}","templated":true}]}}