{"id":7650,"date":"2022-01-20T03:33:22","date_gmt":"2022-01-20T02:33:22","guid":{"rendered":"http:\/\/www.infokuryr.cz\/n\/?p=7650"},"modified":"2022-01-20T03:33:22","modified_gmt":"2022-01-20T02:33:22","slug":"v-americke-ekonomice-existuje-systemova-nerovnost","status":"publish","type":"post","link":"https:\/\/www.infokuryr.cz\/n\/2022\/01\/20\/v-americke-ekonomice-existuje-systemova-nerovnost\/","title":{"rendered":"V americk\u00e9 ekonomice existuje syst\u00e9mov\u00e1 nerovnost"},"content":{"rendered":"<div id=\"fb-root\"><\/div>\n<p>Dne 17. ledna m\u00edstn\u00edho \u010dasu vystoupila americk\u00e1 ministryn\u011b financ\u00ed Janet L. Yellenov\u00e1 na akci p\u0159ipom\u00ednaj\u00edc\u00ed Martina Luthera Kinga Jr., kde hovo\u0159ila o syst\u00e9mov\u00e9 nerovnosti, kter\u00e1 st\u00e1le \u010d\u00edh\u00e1 v americk\u00e9 ekonomice, a bez obalu prohl\u00e1sila, \u017ee s lidmi jin\u00e9 barvy pleti, jako jsou Afroameri\u010dan\u00e9, se nikdy nezach\u00e1zelo spravedliv\u011b.<\/p>\n<p>Podle zpr\u00e1vy ABC se Yellenov\u00e1 t\u00e9ho\u017e dne zm\u00ednila o ot\u00e1zce nerovnosti v ekonomice USA a \u0159ekla, \u017ee a\u017e dosud se s Afroameri\u010dany a v\u0161emi lidmi jin\u00fdch ras nikdy nezach\u00e1zelo spravedliv\u011b. \u0158ekla tak\u00e9, \u017ee \u201ena americk\u00e9m ministerstvu financ\u00ed je je\u0161t\u011b mnoho pr\u00e1ce, kterou je t\u0159eba vykonat p\u0159i odstra\u0148ov\u00e1n\u00ed rozd\u00edl\u016f v bohatstv\u00ed mezi rasami.\u201c<\/p>\n<p>Americk\u00e1 m\u00e9dia upozornila, \u017ee n\u00e1zor Yellenov\u00e9 podporuj\u00ed i relevantn\u00ed statistiky. Odborn\u00edci tvrd\u00ed, \u017ee z\u00e1kladn\u00ed d\u011bdictv\u00ed otroctv\u00ed ve Spojen\u00fdch st\u00e1tech a desetilet\u00ed rasistick\u00e9 politiky, kter\u00e1 n\u00e1sledovala, p\u0159isp\u011bly k syst\u00e9mov\u00fdm ekonomick\u00fdm probl\u00e9m\u016fm, kter\u00e9 p\u0159etrv\u00e1vaj\u00ed dodnes, jako je propast v bohatstv\u00ed mezi rasami. A pandemie COVID-19 za posledn\u00ed rok si vybrala ne\u00fam\u011brnou da\u0148 na komunit\u00e1ch men\u0161inov\u00fdch ras, co\u017e d\u00e1le prohlubuje rozd\u00edly.<\/p>\n<p>Zpr\u00e1va Brookings Institution vydan\u00e1 v roce 2021 zjistila, \u017ee \u010dist\u00e9 jm\u011bn\u00ed typick\u00e9 b\u00edl\u00e9 rodiny ve Spojen\u00fdch st\u00e1tech (171.000 $) je t\u00e9m\u011b\u0159 10kr\u00e1t vy\u0161\u0161\u00ed ne\u017e \u010dist\u00e9 jm\u011bn\u00ed afroamerick\u00e9 rodiny (17.150 $). Nejnov\u011bj\u0161\u00ed \u00fadaje z Feder\u00e1ln\u00edho rezervn\u00edho syst\u00e9mu ukazuj\u00ed, \u017ee v roce 2019 bylo bohatstv\u00ed typick\u00e9 b\u00edl\u00e9 rodiny ve Spojen\u00fdch st\u00e1tech osmkr\u00e1t vy\u0161\u0161\u00ed ne\u017e u typick\u00e9 afroamerick\u00e9 rodiny a p\u011btkr\u00e1t vy\u0161\u0161\u00ed ne\u017e u typick\u00e9 hisp\u00e1nsk\u00e9 rodiny.<\/p>\n<p><img decoding=\"async\" loading=\"lazy\" class=\"alignnone size-full wp-image-1185\" src=\"http:\/\/www.infokuryr.cz\/n\/wp-content\/uploads\/2021\/04\/kuryr-podpis.png\" alt=\"\" width=\"84\" height=\"24\" \/><\/p>\n<p>&nbsp;<\/p>\n","protected":false},"excerpt":{"rendered":"<p>Dne 17. ledna m\u00edstn\u00edho \u010dasu vystoupila americk\u00e1 ministryn\u011b financ\u00ed Janet L. Yellenov\u00e1 na akci p\u0159ipom\u00ednaj\u00edc\u00ed&#8230;<\/p>\n","protected":false},"author":2,"featured_media":7651,"comment_status":"closed","ping_status":"closed","sticky":false,"template":"","format":"standard","meta":[],"categories":[7],"tags":[],"_links":{"self":[{"href":"https:\/\/www.infokuryr.cz\/n\/wp-json\/wp\/v2\/posts\/7650"}],"collection":[{"href":"https:\/\/www.infokuryr.cz\/n\/wp-json\/wp\/v2\/posts"}],"about":[{"href":"https:\/\/www.infokuryr.cz\/n\/wp-json\/wp\/v2\/types\/post"}],"author":[{"embeddable":true,"href":"https:\/\/www.infokuryr.cz\/n\/wp-json\/wp\/v2\/users\/2"}],"replies":[{"embeddable":true,"href":"https:\/\/www.infokuryr.cz\/n\/wp-json\/wp\/v2\/comments?post=7650"}],"version-history":[{"count":0,"href":"https:\/\/www.infokuryr.cz\/n\/wp-json\/wp\/v2\/posts\/7650\/revisions"}],"wp:featuredmedia":[{"embeddable":true,"href":"https:\/\/www.infokuryr.cz\/n\/wp-json\/wp\/v2\/media\/7651"}],"wp:attachment":[{"href":"https:\/\/www.infokuryr.cz\/n\/wp-json\/wp\/v2\/media?parent=7650"}],"wp:term":[{"taxonomy":"category","embeddable":true,"href":"https:\/\/www.infokuryr.cz\/n\/wp-json\/wp\/v2\/categories?post=7650"},{"taxonomy":"post_tag","embeddable":true,"href":"https:\/\/www.infokuryr.cz\/n\/wp-json\/wp\/v2\/tags?post=7650"}],"curies":[{"name":"wp","href":"https:\/\/api.w.org\/{rel}","templated":true}]}}