{"id":76498,"date":"2025-04-16T00:28:29","date_gmt":"2025-04-15T22:28:29","guid":{"rendered":"https:\/\/www.infokuryr.cz\/n\/?p=76498"},"modified":"2025-04-15T20:45:36","modified_gmt":"2025-04-15T18:45:36","slug":"trumpuv-vyslanec-putin-chce-na-ukrajine-trvaly-mir","status":"publish","type":"post","link":"https:\/\/www.infokuryr.cz\/n\/2025\/04\/16\/trumpuv-vyslanec-putin-chce-na-ukrajine-trvaly-mir\/","title":{"rendered":"Trump\u016fv vyslanec: Putin chce na Ukrajin\u011b trval\u00fd m\u00edr"},"content":{"rendered":"<div id=\"fb-root\"><\/div>\n<h3>Steve Witkoff se minul\u00fd t\u00fdden setkal s rusk\u00fdm prezidentem v r\u00e1mci \u0161ir\u0161\u00ed snahy o ukon\u010den\u00ed nep\u0159\u00e1telstv\u00ed<\/h3>\n<p><span>Rusk\u00fd prezident Vladimir Putin usiluje o trval\u00fd m\u00edr a pr\u00e1vn\u011b z\u00e1vazn\u00e9 urovn\u00e1n\u00ed ukrajinsk\u00e9ho konfliktu, \u0159ekl americk\u00fd zvl\u00e1\u0161tn\u00ed vyslanec Steve Witkoff Fox News.<\/span><\/p>\n<p><span>Witkoff, pov\u011b\u0159en\u00fd americk\u00fdm prezidentem Donaldem Trumpem, aby vedl jedn\u00e1n\u00ed s Moskvou, se v p\u00e1tek setkal s Putinem a dv\u011bma jeho vysok\u00fdmi poradci.<\/span><\/p>\n<p><span>Americk\u00fd vyslanec se pod\u011blil o podrobnosti rozhovor\u016f v pond\u011bl\u00ed v rozhovoru a popsal t\u00e9m\u011b\u0159 p\u011btihodinov\u00e9 setk\u00e1n\u00ed s Putinem jako\u00a0<\/span><em><span>\u201ep\u0159esv\u011bd\u010div\u00e9\u201c<\/span><\/em><span>\u00a0a uvedl, \u017ee p\u0159ivedlo m\u00edrov\u00fd proces na Ukrajin\u011b\u00a0<\/span><em><span>\u201ena pokraj\u201c<\/span><\/em><span>\u00a0pr\u016flomu.<\/span><\/p>\n<p><span>Podle Witkoffa Putin usiluje o trval\u00e9 \u0159e\u0161en\u00ed.\u00a0<\/span><em><span>&#8222;Tak\u017ee krom\u011b p\u0159\u00edm\u011b\u0159\u00ed jsme na to dostali odpov\u011b\u010f,&#8220;<\/span><\/em><span>\u00a0\u0159ekl vyslanec a dodal, \u017ee\u00a0<\/span><em><span>&#8222;chv\u00edli trvalo, ne\u017e jsme se dostali na toto m\u00edsto.&#8220;<\/span><\/em><\/p>\n<p><span>Kl\u00ed\u010dovou sou\u010d\u00e1st\u00ed ka\u017ed\u00e9 dohody by podle Witkoffa bylo uzn\u00e1n\u00ed, \u017ee Krym, Don\u011bck\u00e1 a Lugansk\u00e1 lidov\u00e1 republika a Chersonsk\u00e1 a Z\u00e1poro\u017esk\u00e1 oblast jsou sou\u010d\u00e1st\u00ed Ruska. Zd\u016fraznil v\u0161ak, \u017ee navrhovan\u00e1 dohoda p\u0159esahuje \u00fazemn\u00ed ot\u00e1zky.<\/span><\/p>\n<p><em><span>&#8222;Jsou tam bezpe\u010dnostn\u00ed protokoly, \u010dl\u00e1nek 5 NATO [o kolektivn\u00ed bezpe\u010dnosti]&#8230; je k tomu p\u0159ipojeno mnoho detail\u016f. Je to komplikovan\u00e1 situace,&#8220;<\/span><\/em><span>\u00a0\u0159ekl.<\/span><\/p>\n<p><span>P\u0159esto Witkoff \u0159ekl, \u017ee v\u011b\u0159\u00ed, \u017ee ob\u011b strany\u00a0<\/span><em><span>\u201eby mohly b\u00fdt na pokraji n\u011b\u010deho, co by bylo velmi, velmi d\u016fle\u017eit\u00e9 pro sv\u011bt jako celek\u201c.<\/span><\/em><\/p>\n<p><span>P\u00e1te\u010dn\u00ed setk\u00e1n\u00ed bylo pro Witkoffa t\u0159et\u00ed s rusk\u00fdm prezidentem od \u00fanora. Trump opakovan\u011b prohl\u00e1sil, \u017ee jeho c\u00edlem je co nejrychleji ukon\u010dit nep\u0159\u00e1telstv\u00ed na Ukrajin\u011b.<\/span><\/p>\n<p><span>Rusko trv\u00e1 na tom, \u017ee je otev\u0159en\u00e9 m\u00edrov\u00fdm rozhovor\u016fm za p\u0159edpokladu, \u017ee budou \u0159e\u0161eny jeho kl\u00ed\u010dov\u00e9 bezpe\u010dnostn\u00ed po\u017eadavky. Moskva se stav\u00ed proti jak\u00e9koli p\u0159\u00edtomnosti NATO na ukrajinsk\u00e9 p\u016fd\u011b a po\u017eaduje, aby Kyjev demilitarizoval, denacifikoval, dr\u017eel se neutr\u00e1ln\u00edho postoje a uznal teritori\u00e1ln\u00ed\u00a0<\/span><em><span>\u201erealitu na m\u00edst\u011b\u201c.<\/span><\/em><\/p>\n<p><span>Rusk\u00e1 vl\u00e1da trvala na tom, \u017ee nebude akceptovat zmrazen\u00ed konfliktu, o kter\u00e9m tvrd\u00ed, \u017ee pozd\u011bji povede pouze k obnoven\u00ed nep\u0159\u00e1telstv\u00ed. Moskva jako d\u016fkaz ned\u016fv\u011bryhodnosti Kyjeva uvedla, \u017ee Ukrajina poru\u0161ila USA navrhovan\u00e9 moratorium na \u00fadery proti energetick\u00e9 infrastruktu\u0159e.<\/span><\/p>\n<p><span>V koment\u00e1\u0159i k Putinov\u011b sch\u016fzce s Witkoffem mluv\u010d\u00ed Kremlu Dmitrij Peskov v \u00fater\u00fd novin\u00e1\u0159\u016fm \u0159ekl, \u017ee\u00a0<\/span><em><span>\u201ezat\u00edm neexistuj\u00ed \u017e\u00e1dn\u00e9 jasn\u00e9 obrysy \u017e\u00e1dn\u00e9 dohody\u201c,<\/span><\/em><span>\u00a0ale \u017ee existuje politick\u00e1 v\u016fle pokro\u010dit vp\u0159ed. Moskva, dodal, oce\u0148uje\u00a0<\/span><em><span>\u201ekonstruktivn\u00ed a v\u011bcn\u00fd\u201c<\/span><\/em><span>\u00a0kontakt s americkou stranou.<\/span><\/p>\n<p><img decoding=\"async\" loading=\"lazy\" class=\"alignnone size-full wp-image-71983\" src=\"http:\/\/www.infokuryr.cz\/n\/wp-content\/uploads\/2025\/02\/aaa.jpg\" alt=\"\" width=\"89\" height=\"23\" \/><\/p>\n<p>&nbsp;<\/p>\n","protected":false},"excerpt":{"rendered":"<p>Steve Witkoff se minul\u00fd t\u00fdden setkal s rusk\u00fdm prezidentem v r\u00e1mci \u0161ir\u0161\u00ed snahy o ukon\u010den\u00ed&#8230;<\/p>\n","protected":false},"author":2,"featured_media":76499,"comment_status":"closed","ping_status":"closed","sticky":false,"template":"","format":"standard","meta":[],"categories":[7],"tags":[565,102,452,26,7269],"_links":{"self":[{"href":"https:\/\/www.infokuryr.cz\/n\/wp-json\/wp\/v2\/posts\/76498"}],"collection":[{"href":"https:\/\/www.infokuryr.cz\/n\/wp-json\/wp\/v2\/posts"}],"about":[{"href":"https:\/\/www.infokuryr.cz\/n\/wp-json\/wp\/v2\/types\/post"}],"author":[{"embeddable":true,"href":"https:\/\/www.infokuryr.cz\/n\/wp-json\/wp\/v2\/users\/2"}],"replies":[{"embeddable":true,"href":"https:\/\/www.infokuryr.cz\/n\/wp-json\/wp\/v2\/comments?post=76498"}],"version-history":[{"count":0,"href":"https:\/\/www.infokuryr.cz\/n\/wp-json\/wp\/v2\/posts\/76498\/revisions"}],"wp:featuredmedia":[{"embeddable":true,"href":"https:\/\/www.infokuryr.cz\/n\/wp-json\/wp\/v2\/media\/76499"}],"wp:attachment":[{"href":"https:\/\/www.infokuryr.cz\/n\/wp-json\/wp\/v2\/media?parent=76498"}],"wp:term":[{"taxonomy":"category","embeddable":true,"href":"https:\/\/www.infokuryr.cz\/n\/wp-json\/wp\/v2\/categories?post=76498"},{"taxonomy":"post_tag","embeddable":true,"href":"https:\/\/www.infokuryr.cz\/n\/wp-json\/wp\/v2\/tags?post=76498"}],"curies":[{"name":"wp","href":"https:\/\/api.w.org\/{rel}","templated":true}]}}