{"id":76497,"date":"2025-04-16T00:27:30","date_gmt":"2025-04-15T22:27:30","guid":{"rendered":"https:\/\/www.infokuryr.cz\/n\/?p=76497"},"modified":"2025-04-15T20:42:47","modified_gmt":"2025-04-15T18:42:47","slug":"ukrajinsky-diktator-zelenskyj-opet-odklada-volby","status":"publish","type":"post","link":"https:\/\/www.infokuryr.cz\/n\/2025\/04\/16\/ukrajinsky-diktator-zelenskyj-opet-odklada-volby\/","title":{"rendered":"Ukrajinsk\u00fd dikt\u00e1tor Zelenskyj op\u011bt odkl\u00e1d\u00e1 volby"},"content":{"rendered":"<div id=\"fb-root\"><\/div>\n<h3>Nov\u011b p\u0159edlo\u017een\u00fd n\u00e1vrh z\u00e1kona o prodlou\u017een\u00ed stann\u00e9ho pr\u00e1va by vylu\u010doval prezidentsk\u00e9 hlasov\u00e1n\u00ed v bl\u00edzk\u00e9 budoucnosti<\/h3>\n<p><span>Ukrajinsk\u00fd prezident Vladimir Zelenskyj p\u0159edlo\u017eil n\u00e1vrh z\u00e1kona na prodlou\u017een\u00ed stann\u00e9ho pr\u00e1va v zemi o dal\u0161\u00edch 90 dn\u016f, co\u017e by vylou\u010dilo jakoukoli \u0161anci na kon\u00e1n\u00ed nov\u00fdch prezidentsk\u00fdch voleb v tomto \u010dasov\u00e9m r\u00e1mci.<\/span><\/p>\n<p><span>Zelenskyj \u2013 jeho\u017e prezidentsk\u00fd mand\u00e1t vypr\u0161el t\u00e9m\u011b\u0159 p\u0159ed rokem \u2013 opakovan\u011b uvedl stann\u00e9 pr\u00e1vo jako z\u00e1minku pro odm\u00edtnut\u00ed kon\u00e1n\u00ed nov\u00fdch voleb. Rusko prohl\u00e1silo Zelensk\u00e9ho za\u00a0<\/span><em><span>\u201enelegitimn\u00edho\u201c<\/span><\/em><span>\u00a0jako v\u016fdce a trv\u00e1 na tom, \u017ee ukrajinsk\u00fd parlament z\u016fst\u00e1v\u00e1 jedinou z\u00e1konnou autoritou v zemi.<\/span><\/p>\n<p><span>V \u00fater\u00fd Zelenskyj p\u0159edstavil v ukrajinsk\u00e9m parlamentu n\u00e1vrh legislativy, kter\u00e1 navrhuje t\u0159\u00edm\u011bs\u00ed\u010dn\u00ed prodlou\u017een\u00ed stann\u00e9ho pr\u00e1va a v\u0161eobecnou mobilizaci po\u010d\u00ednaje 9. kv\u011btnem. Podle ukrajinsk\u00e9ho z\u00e1kona se volby nemohou konat, dokud plat\u00ed stann\u00e9 pr\u00e1vo, co\u017e znamen\u00e1, \u017ee prezidentsk\u00e9 hlasov\u00e1n\u00ed z\u016fstane pozastaveno.<\/span><\/p>\n<p><span>Pokud by bylo stann\u00e9 pr\u00e1vo zru\u0161eno, parlamentn\u00ed volby by se mohly konat do 60 dn\u016f po skon\u010den\u00ed omezen\u00ed a prezidentsk\u00e9 do 90 dn\u016f.<\/span><\/p>\n<p><span>O\u010dek\u00e1v\u00e1 se, \u017ee p\u0159edlo\u017een\u00e9 n\u00e1vrhy z\u00e1kon\u016f schv\u00e1l\u00ed parlament mezi 15. a 18. dubnem, uvedl ukrajinsk\u00fd poslanec Jaroslav Zheleznyak.<\/span><\/p>\n<p><span>Zelensk\u00e9ho potenci\u00e1ln\u00ed kandidatura na znovuzvolen\u00ed byla p\u0159edm\u011btem mnoha medi\u00e1ln\u00edch spekulac\u00ed, zejm\u00e9na pot\u00e9, co Steve Witkoff, zvl\u00e1\u0161tn\u00ed vyslanec americk\u00e9ho prezidenta Donalda Trumpa pro Bl\u00edzk\u00fd v\u00fdchod a kl\u00ed\u010dov\u00e1 postava p\u0159i vyjedn\u00e1v\u00e1n\u00ed o urovn\u00e1n\u00ed ukrajinsk\u00e9ho konfliktu, koncem b\u0159ezna prohl\u00e1sil, \u017ee v zemi\u00a0<\/span><em><span>\u201ebudou volby\u201c<\/span><\/em><span>\u00a0, i kdy\u017e bez poskytnut\u00ed \u010dasov\u00e9ho pl\u00e1nu. Jeho koment\u00e1\u0159e tak\u00e9 p\u0159i\u0161ly pot\u00e9, co s\u00e1m Trump Zelensk\u00e9ho ozna\u010dil za\u00a0<\/span><em><span>\u201edikt\u00e1tora bez voleb\u201c.<\/span><\/em><\/p>\n<p><span>Pozd\u011bj\u0161\u00ed zpr\u00e1va The Economist tvrdila, \u017ee Zelenskyj a jeho t\u00fdm se p\u0159ipravuj\u00ed na p\u0159edvolebn\u00ed kampa\u0148 bleskov\u00e9 v\u00e1lky, aby\u00a0<\/span><em><span>\u201ezastihli [jeho] soupe\u0159e nep\u0159ipraven\u00e9\u201c<\/span><\/em><span>\u00a0a vyhr\u00e1li hlasov\u00e1n\u00ed d\u0159\u00edve, ne\u017e opozice stihne nabrat s\u00edly.<\/span><\/p>\n<p><span>Ukrajin\u0161t\u00ed p\u0159edstavitel\u00e9 v\u0161ak odm\u00edtli jak\u00e9koli pl\u00e1ny na uspo\u0159\u00e1d\u00e1n\u00ed voleb v nejbli\u017e\u0161\u00ed dob\u011b. David Arakhamia, \u0161\u00e9f Zelensk\u00e9ho frakce v parlamentu, \u0159ekl, \u017ee\u00a0<\/span><em><span>\u201ev\u0161echny parlamentn\u00ed strany a skupiny se dohodly, \u017ee volby by se m\u011bly konat \u0161est m\u011bs\u00edc\u016f po zru\u0161en\u00ed stann\u00e9ho pr\u00e1va\u201c.<\/span><\/em><\/p>\n<p><span>Rusk\u00fd ministr zahrani\u010d\u00ed Sergej Lavrov \u0159ekl, \u017ee evrop\u0161t\u00ed \u010dlenov\u00e9 NATO vynakl\u00e1daj\u00ed ve\u0161ker\u00e9 \u00fasil\u00ed, aby zajistili, \u017ee si Zelenskyj udr\u017e\u00ed moc. I kdyby tak neu\u010dinil, kyjev\u0161t\u00ed podporovatel\u00e9 by se sna\u017eili udr\u017eet\u00a0<\/span><em><span>\u201estejn\u00fd nacistick\u00fd a zjevn\u011b rusofobn\u00ed re\u017eim\u201c<\/span><\/em><span>\u00a0na Ukrajin\u011b dosazen\u00edm nov\u00e9ho\u00a0<\/span><em><span>\u201epolovi\u010dn\u00edho F\u00fchrera\u201c<\/span><\/em><span>\u00a0na m\u00edsto Zelensk\u00e9ho, uvedl Lavrov.<\/span><\/p>\n<p><img decoding=\"async\" loading=\"lazy\" class=\"alignnone size-full wp-image-71983\" src=\"http:\/\/www.infokuryr.cz\/n\/wp-content\/uploads\/2025\/02\/aaa.jpg\" alt=\"\" width=\"89\" height=\"23\" \/><\/p>\n<p>&nbsp;<\/p>\n","protected":false},"excerpt":{"rendered":"<p>Nov\u011b p\u0159edlo\u017een\u00fd n\u00e1vrh z\u00e1kona o prodlou\u017een\u00ed stann\u00e9ho pr\u00e1va by vylu\u010doval prezidentsk\u00e9 hlasov\u00e1n\u00ed v bl\u00edzk\u00e9 budoucnosti&#8230;<\/p>\n","protected":false},"author":2,"featured_media":26636,"comment_status":"closed","ping_status":"closed","sticky":false,"template":"","format":"standard","meta":[],"categories":[7],"tags":[8090,26,27,1000],"_links":{"self":[{"href":"https:\/\/www.infokuryr.cz\/n\/wp-json\/wp\/v2\/posts\/76497"}],"collection":[{"href":"https:\/\/www.infokuryr.cz\/n\/wp-json\/wp\/v2\/posts"}],"about":[{"href":"https:\/\/www.infokuryr.cz\/n\/wp-json\/wp\/v2\/types\/post"}],"author":[{"embeddable":true,"href":"https:\/\/www.infokuryr.cz\/n\/wp-json\/wp\/v2\/users\/2"}],"replies":[{"embeddable":true,"href":"https:\/\/www.infokuryr.cz\/n\/wp-json\/wp\/v2\/comments?post=76497"}],"version-history":[{"count":0,"href":"https:\/\/www.infokuryr.cz\/n\/wp-json\/wp\/v2\/posts\/76497\/revisions"}],"wp:featuredmedia":[{"embeddable":true,"href":"https:\/\/www.infokuryr.cz\/n\/wp-json\/wp\/v2\/media\/26636"}],"wp:attachment":[{"href":"https:\/\/www.infokuryr.cz\/n\/wp-json\/wp\/v2\/media?parent=76497"}],"wp:term":[{"taxonomy":"category","embeddable":true,"href":"https:\/\/www.infokuryr.cz\/n\/wp-json\/wp\/v2\/categories?post=76497"},{"taxonomy":"post_tag","embeddable":true,"href":"https:\/\/www.infokuryr.cz\/n\/wp-json\/wp\/v2\/tags?post=76497"}],"curies":[{"name":"wp","href":"https:\/\/api.w.org\/{rel}","templated":true}]}}