{"id":76491,"date":"2025-04-16T00:19:10","date_gmt":"2025-04-15T22:19:10","guid":{"rendered":"https:\/\/www.infokuryr.cz\/n\/?p=76491"},"modified":"2025-04-15T12:42:21","modified_gmt":"2025-04-15T10:42:21","slug":"petr-pokorny-smrt-si-rika-rakusan-jak-se-v-potocich-krve-muze-brodit-rakusanova-rodina-manzelka-deti","status":"publish","type":"post","link":"https:\/\/www.infokuryr.cz\/n\/2025\/04\/16\/petr-pokorny-smrt-si-rika-rakusan-jak-se-v-potocich-krve-muze-brodit-rakusanova-rodina-manzelka-deti\/","title":{"rendered":"Petr Pokorn\u00fd: Smrt si \u0159\u00edk\u00e1 Raku\u0161an! Jak se v potoc\u00edch krve m\u016f\u017ee brodit Raku\u0161anova rodina? Man\u017eelka, d\u011bti&#8230;"},"content":{"rendered":"<div id=\"fb-root\"><\/div>\n<div class=\"introtext\">\n<h4><strong>Dal\u0161\u00ed ob\u011b\u0165 st\u0159elce, vysm\u00edv\u00e1 se Raku\u0161an! Ne, to je dal\u0161\u00ed z dlouh\u00e9 \u0159ady sebevra\u017ed, kdy zoufal\u00ed lid\u00e9 kon\u010d\u00ed \u017eivot p\u0159ed \u00fa\u0159adem vl\u00e1dy! Nebo sk\u00e1\u010d\u00ed do Macochy! Jak s takov\u00fdm pocitem m\u016f\u017ee Raku\u0161anova man\u017eelka \u017e\u00edt? Stoj\u00ed krvav\u00e9 pen\u00edze na budoucnosti Raku\u0161anov\u00fdch d\u011bt\u00ed?<\/strong><\/h4>\n<\/div>\n<div class=\"fulltext\">\n<p>Je snadn\u00e9 dohledat, \u017ee zoufalstv\u00ed maminky bylo n\u00e1sobeno ur\u00e1\u017ekami Raku\u0161ana, policejn\u00edho prezidenta a vysm\u00edv\u00e1n\u00edm lid\u00ed, kte\u0159\u00ed u\u017e jsou mimo lidsk\u00fd hyenismus!\u00a0V p\u0159\u00edm\u00e9m p\u0159enosu jsme vid\u011bli \u0161\u00edlenost z\u00e1sahu, \u0161\u00edlenost, kdy v p\u0159\u00edm\u00e9m p\u0159enosu masm\u00e9dia sn\u00edmala z\u00e1bavu masakru a marn\u011b jsme hledali z\u00e1sahovou policii, kter\u00e1 by \u0159e\u0161ila toto logicky. Od r\u00e1na to byla skoro fra\u0161ka.<\/p>\n<p>A maminka zabit\u00e9 studentky cht\u011bla zn\u00e1t tato fakta, pro\u010d veden\u00ed fakulty a veden\u00ed policie d\u011blalo z\u00e1sah jak z b\u00e9\u010dkov\u00e9ho filmu a\u00a0nikoliv jako profesion\u00e1ln\u00ed z\u00e1sah protiteroristick\u00e9 policie. Pro\u010d t\u011b\u017ekood\u011bnci jsou velice siln\u00ed proti neozbrojen\u00fdm d\u016fchodc\u016fm u N\u00e1rodn\u00edho \u010cESK\u00c9HO muzea, kte\u0159\u00ed \u017e\u00e1dali sundat ukrajinskou vlajku, a dokonce pan Popelka byl zat\u010den jako terorista, zat\u00edmco\u00a0proti Koz\u00e1kovi, o kter\u00e9m dodnes nev\u00edme, kdo ho k masakru vyprovokoval, kdy\u017e na Filozofick\u00e9 fakult\u011b \u0159\u00e1d\u00ed skupina prapodivn\u00fdch individu\u00ed, a nyn\u00ed tam \u00fadajn\u011b nastoupila dokonce genderov\u00e1 cenzorka Jourov\u00e1!<img decoding=\"async\" loading=\"lazy\" class=\"aligncenter\" src=\"https:\/\/www.skrytapravda.cz\/images\/blogy\/805\/2025\/4duben\/Sn%C3%ADmek_obrazovky_2535_fa03c.webp\" alt=\"Sn\u00edmek obrazovky 2535 fa03c\" width=\"896\" height=\"214\" \/><\/p>\n<h4>Z\u00e1sah byl hr\u016fzostra\u0161n\u00fd a Raku\u0161anova policie se ani neomluvila!<\/h4>\n<p>A zoufal\u00e1 maminka necht\u011bla nic jin\u00e9ho, ne\u017e d\u016fkazy, pro\u010d z\u00e1sah byl tak p\u0159\u00ed\u0161ern\u00fd. M\u00edsto toho byly na s\u00edt\u00edch ur\u00e1\u017eky, vysm\u00edvali se j\u00ed, \u017ee st\u00e1le otravuje, kdy\u017e to lidi nezaj\u00edm\u00e1, a jak Raku\u0161an, ani BIS,\u00a0 kter\u00e1 je na s\u00edt\u00edch jinak stra\u0161n\u011b aktivn\u00ed, nedok\u00e1zala hyeny zastavit. Dokonce hyeny,\u00a0skute\u010dn\u00e9 hyeny ostatn\u00ed naz\u00fdvaj\u00ed, \u017ee pomoc mamince zast\u0159elen\u00e9 studentky jsou hyeny dle \u00faslov\u00ed zlod\u011bj k\u0159i\u010d\u00ed chy\u0165te zlod\u011bje.<\/p>\n<p><img decoding=\"async\" loading=\"lazy\" class=\"aligncenter\" src=\"https:\/\/www.skrytapravda.cz\/images\/blogy\/805\/2025\/4duben\/Sn%C3%ADmek_obrazovky_2527_d0123.webp\" alt=\"Sn\u00edmek obrazovky 2527 d0123\" width=\"684\" height=\"425\" \/><\/p>\n<h4>A pro\u010d byl dle stv\u016fry Ko\u017een\u00e9ho pan Rajchl hyena? Proto\u017ee mamince celou dobu pom\u00e1hal, by\u0165 nem\u011bl p\u0159es Raku\u0161ana \u0161anci.<\/h4>\n<p><img decoding=\"async\" loading=\"lazy\" class=\"aligncenter\" src=\"https:\/\/www.skrytapravda.cz\/images\/blogy\/805\/2025\/4duben\/Sn%C3%ADmek_obrazovky_2536_3f618.webp\" alt=\"Sn\u00edmek obrazovky 2536 3f618\" width=\"688\" height=\"486\" \/><\/p>\n<h4><strong>Mohla ten mor\u00e1ln\u00ed hn\u016fj a \u0161pinav\u00e9 \u00fatoky maminka zast\u0159elen\u00e9 studentky du\u0161evn\u011b p\u0159e\u017e\u00edt?<\/strong><\/h4>\n<p>Ty potoky krve a zoufalstv\u00ed nen\u00ed jen zr\u016fdnost z\u00e1sahu a vysv\u011btlov\u00e1n\u00ed Raku\u0161ana. Jeho rodin\u011b nevad\u00ed krvav\u00e9 pen\u00edze, kter\u00e9 Raku\u0161an inkasuje?<\/p>\n<p><img decoding=\"async\" loading=\"lazy\" class=\"aligncenter\" src=\"https:\/\/www.skrytapravda.cz\/images\/blogy\/805\/2025\/4duben\/Sn%C3%ADmek_obrazovky_2534_ca905.webp\" alt=\"Sn\u00edmek obrazovky 2534 ca905\" width=\"596\" height=\"573\" \/><\/p>\n<h4>A co pomn\u00ed\u010dky zoufal\u00fdch lid\u00ed u vl\u00e1dy, kter\u00e9 h\u00e1z\u00ed krvav\u00fd Raku\u0161an do popelnic (samoz\u0159ejm\u011b ne osobn\u011b, ale v zastoupen\u00ed)<\/h4>\n<p><img decoding=\"async\" loading=\"lazy\" class=\"aligncenter\" src=\"https:\/\/www.skrytapravda.cz\/images\/blogy\/805\/2025\/4duben\/sebevra%C5%BEda_u_vl%C3%A1dy_0b6d0.webp\" alt=\"sebevra\u017eda u vl\u00e1dy 0b6d0\" width=\"635\" height=\"388\" \/><\/p>\n<p>Nav\u00edc na \u00fazem\u00ed Prahy operuje teroristick\u00e1 jednotka Arm\u00e9nce Oganesjana, kter\u00e1 likviduje opozici, peti\u010dn\u00ed st\u00e1nky, pou\u017e\u00edv\u00e1 v\u00fdbu\u0161niny, teleskopick\u00e9 obu\u0161ky, nervov\u00e9 spreje, a to v\u0161e pod dohledem Raku\u0161anovy policie. A to je p\u016fl roku do voleb!<\/p>\n<h4>Mus\u00ed nahnat lidem hr\u016fzu i za cenu sebevra\u017ed!<\/h4>\n<p><img decoding=\"async\" loading=\"lazy\" class=\"aligncenter\" src=\"https:\/\/www.skrytapravda.cz\/images\/blogy\/805\/2025\/4duben\/Oganesjanova_jednotka-1_ceb26.webp\" alt=\"Oganesjanova jednotka 1 ceb26\" width=\"718\" height=\"650\" \/><\/p>\n<p>V m\u00e9di\u00edch a na s\u00edt\u00edch b\u011b\u017e\u00ed nyn\u00ed \u0159\u00edzen\u00e1 mas\u00e1\u017e, \u017ee maminka byla pomaten\u00e1 a m\u011bla vyhledat psychologa, Ale maminka necht\u011bla psychologa, nebyla bl\u00e1zen, vyjad\u0159ovala se jasn\u011b a srozumiteln\u011b!<\/p>\n<p>Maminka Lenka \u0160im\u016fnkov\u00e1 necht\u011bla psychologa, nebyla bl\u00e1zen, cht\u011bla od Raku\u0161ana a policajt\u016f pouze jedin\u00e9<\/p>\n<h3><strong>CHT\u011aLA ZN\u00c1T PRAVDU!<\/strong><\/h3>\n<p>Je to takov\u00fd zlo\u010din v dne\u0161n\u00ed dob\u011b, \u017ee z n\u00ed ud\u011blali \u0161\u00edlence a dohnali j\u00ed k sebevra\u017ed\u011b?<\/p>\n<p><a href=\"https:\/\/www.skrytapravda.cz\/z-domova\/2514-smrt-si-rika-rakusan-jak-se-v-potocich-krve-muze-brodit-rakusanova-rodina-manzelka-deti\">Petr Pokorn\u00fd<\/a><\/p>\n<p>&nbsp;<\/p>\n<\/div>\n","protected":false},"excerpt":{"rendered":"<p>Dal\u0161\u00ed ob\u011b\u0165 st\u0159elce, vysm\u00edv\u00e1 se Raku\u0161an! Ne, to je dal\u0161\u00ed z dlouh\u00e9 \u0159ady sebevra\u017ed, kdy&#8230;<\/p>\n","protected":false},"author":2,"featured_media":76492,"comment_status":"closed","ping_status":"closed","sticky":false,"template":"","format":"standard","meta":[],"categories":[6],"tags":[1503,8906,86,1032,695],"_links":{"self":[{"href":"https:\/\/www.infokuryr.cz\/n\/wp-json\/wp\/v2\/posts\/76491"}],"collection":[{"href":"https:\/\/www.infokuryr.cz\/n\/wp-json\/wp\/v2\/posts"}],"about":[{"href":"https:\/\/www.infokuryr.cz\/n\/wp-json\/wp\/v2\/types\/post"}],"author":[{"embeddable":true,"href":"https:\/\/www.infokuryr.cz\/n\/wp-json\/wp\/v2\/users\/2"}],"replies":[{"embeddable":true,"href":"https:\/\/www.infokuryr.cz\/n\/wp-json\/wp\/v2\/comments?post=76491"}],"version-history":[{"count":1,"href":"https:\/\/www.infokuryr.cz\/n\/wp-json\/wp\/v2\/posts\/76491\/revisions"}],"predecessor-version":[{"id":76493,"href":"https:\/\/www.infokuryr.cz\/n\/wp-json\/wp\/v2\/posts\/76491\/revisions\/76493"}],"wp:featuredmedia":[{"embeddable":true,"href":"https:\/\/www.infokuryr.cz\/n\/wp-json\/wp\/v2\/media\/76492"}],"wp:attachment":[{"href":"https:\/\/www.infokuryr.cz\/n\/wp-json\/wp\/v2\/media?parent=76491"}],"wp:term":[{"taxonomy":"category","embeddable":true,"href":"https:\/\/www.infokuryr.cz\/n\/wp-json\/wp\/v2\/categories?post=76491"},{"taxonomy":"post_tag","embeddable":true,"href":"https:\/\/www.infokuryr.cz\/n\/wp-json\/wp\/v2\/tags?post=76491"}],"curies":[{"name":"wp","href":"https:\/\/api.w.org\/{rel}","templated":true}]}}