{"id":7649,"date":"2022-01-20T03:31:29","date_gmt":"2022-01-20T02:31:29","guid":{"rendered":"http:\/\/www.infokuryr.cz\/n\/?p=7649"},"modified":"2022-01-20T03:31:29","modified_gmt":"2022-01-20T02:31:29","slug":"firmy-nalehaji-na-osn-aby-prijala-zavaznou-smlouvu-o-znecisteni-plasty","status":"publish","type":"post","link":"https:\/\/www.infokuryr.cz\/n\/2022\/01\/20\/firmy-nalehaji-na-osn-aby-prijala-zavaznou-smlouvu-o-znecisteni-plasty\/","title":{"rendered":"Firmy nal\u00e9haj\u00ed na OSN, aby p\u0159ijala z\u00e1vaznou smlouvu o zne\u010di\u0161t\u011bn\u00ed plasty"},"content":{"rendered":"<div id=\"fb-root\"><\/div>\n<p>Sedmdes\u00e1t p\u0159edn\u00edch spole\u010dnost\u00ed a finan\u010dn\u00edch instituc\u00ed vyzvalo Organizaci spojen\u00fdch n\u00e1rod\u016f (OSN), aby zah\u00e1jila jedn\u00e1n\u00ed o komplexn\u00ed, pr\u00e1vn\u011b z\u00e1vazn\u00e9 smlouv\u011b o \u0159e\u0161en\u00ed zne\u010di\u0161t\u011bn\u00ed plasty.<\/p>\n<p>Spole\u010dnosti a instituce ve spole\u010dn\u00e9m prohl\u00e1\u0161en\u00ed vydan\u00e9m v pond\u011bl\u00ed vyzvaly k zah\u00e1jen\u00ed jedn\u00e1n\u00ed o smlouv\u011b na nadch\u00e1zej\u00edc\u00edm shrom\u00e1\u017ed\u011bn\u00ed OSN pro \u017eivotn\u00ed prost\u0159ed\u00ed (UNEA).<\/p>\n<p>UNEA, kterou po\u0159\u00e1d\u00e1 Program OSN pro \u017eivotn\u00ed prost\u0159ed\u00ed (UNEP), sdru\u017euje z\u00e1stupce r\u016fzn\u00fdch z\u00fa\u010dastn\u011bn\u00fdch stran, aby diskutovali a dohodli se na politik\u00e1ch pro \u0159e\u0161en\u00ed nejnal\u00e9hav\u011bj\u0161\u00edch sv\u011btov\u00fdch ekologick\u00fdch probl\u00e9m\u016f.<\/p>\n<p>UNEA se m\u00e1 konat virtu\u00e1ln\u011b i osobn\u011b v ke\u0148sk\u00e9m Nairobi od 28. \u00fanora do 2. b\u0159ezna.<\/p>\n<p>Je to poprv\u00e9, co se pr\u016fmyslov\u00ed l\u00edd\u0159i zasazuj\u00ed o tak silnou politiku proti plastov\u00e9mu zne\u010di\u0161t\u011bn\u00ed, sd\u011blil agentu\u0159e Nov\u00e1 \u010c\u00edna v online rozhovoru Eirik Lindebjerg, mana\u017eer glob\u00e1ln\u00ed politiky pro plasty Sv\u011btov\u00e9ho fondu na ochranu p\u0159\u00edrody (WWF).<\/p>\n<p>\u201eZne\u010di\u0161t\u011bn\u00ed plasty je probl\u00e9m, se kter\u00fdm se ka\u017ed\u00e1 zem\u011b na sv\u011bt\u011b skute\u010dn\u011b sna\u017e\u00ed vypo\u0159\u00e1dat, av\u0161ak v\u011bt\u0161ina zem\u00ed se ho sna\u017e\u00ed zvl\u00e1dnout sama. Smlouva by zavedla glob\u00e1ln\u00ed spolupr\u00e1ci a mohla by b\u00fdt n\u00e1strojem k vytvo\u0159en\u00ed glob\u00e1ln\u00edch pravidel,\u201c \u0159ekl.<\/p>\n<p>WWF uvedl, \u017ee na mezin\u00e1rodn\u00ed spole\u010denstv\u00ed s\u00edl\u00ed tlak na uzav\u0159en\u00ed pr\u00e1vn\u011b z\u00e1vazn\u00e9 smlouvy.<\/p>\n<p>\u201eZne\u010di\u0161t\u011bn\u00ed plasty je jednou z nejrychleji rostouc\u00edch glob\u00e1ln\u00edch environment\u00e1ln\u00edch v\u00fdzev,\u201c \u0159ekl Lindebjerg. \u201ePlasty jsou v\u0161ude a to za\u010d\u00edn\u00e1 ovliv\u0148ovat cel\u00e9 ekosyst\u00e9my.\u201c<\/p>\n<p>Zd\u016fraznil d\u016fle\u017eitou roli \u010c\u00edny v celosv\u011btov\u00e9 v\u00e1lce proti plast\u016fm.<\/p>\n<p>\u201e\u010c\u00edna ji\u017e podnikla n\u011bkter\u00e9 kroky pot\u0159ebn\u00e9 ve sv\u00e9 dom\u00e1c\u00ed politice,\u201c \u0159ekl Lindebjerg a poznamenal, \u017ee \u201e(\u010c\u00edna) m\u00e1 tak\u00e9 potenci\u00e1ln\u00ed vedouc\u00ed roli v regionu a mezi rozvojov\u00fdmi zem\u011bmi na cel\u00e9m sv\u011bt\u011b.\u201c<\/p>\n<p>Marco Lambertini, gener\u00e1ln\u00ed \u0159editel WWF International, vyzval k jin\u00e9mu p\u0159\u00edstupu k v\u00fdrob\u011b, pou\u017eit\u00ed a op\u011btovn\u00e9mu pou\u017eit\u00ed plast\u016f.<\/p>\n<p>\u201eU\u017e nejde o to, zda pot\u0159ebujeme smlouvu o zne\u010di\u0161\u0165ov\u00e1n\u00ed plasty, jde sp\u00ed\u0161e o to, jak tato smlouva mus\u00ed vypadat, abychom se vypo\u0159\u00e1dali s dne\u0161n\u00ed st\u00e1le nekontrolovatelnou kriz\u00ed v oblasti plastov\u00e9ho zne\u010di\u0161t\u011bn\u00ed,\u201c uvedl v tiskov\u00e9m prohl\u00e1\u0161en\u00ed.<\/p>\n<p>\u201eUchopme nyn\u00ed dynamiku, kterou vid\u00edme nap\u0159\u00ed\u010d podniky, vl\u00e1dami a ob\u010danskou spole\u010dnost\u00ed, abychom vytvo\u0159ili silnou a ambici\u00f3zn\u00ed smlouvu v UNEA,\u201c \u0159ekl Lambertini.<\/p>\n<p><img decoding=\"async\" loading=\"lazy\" class=\"alignnone size-full wp-image-1185\" src=\"http:\/\/www.infokuryr.cz\/n\/wp-content\/uploads\/2021\/04\/kuryr-podpis.png\" alt=\"\" width=\"84\" height=\"24\" \/><\/p>\n<p>&nbsp;<\/p>\n","protected":false},"excerpt":{"rendered":"<p>Sedmdes\u00e1t p\u0159edn\u00edch spole\u010dnost\u00ed a finan\u010dn\u00edch instituc\u00ed vyzvalo Organizaci spojen\u00fdch n\u00e1rod\u016f (OSN), aby zah\u00e1jila jedn\u00e1n\u00ed o&#8230;<\/p>\n","protected":false},"author":2,"featured_media":5237,"comment_status":"closed","ping_status":"closed","sticky":false,"template":"","format":"standard","meta":[],"categories":[7],"tags":[67,186,1552,1741],"_links":{"self":[{"href":"https:\/\/www.infokuryr.cz\/n\/wp-json\/wp\/v2\/posts\/7649"}],"collection":[{"href":"https:\/\/www.infokuryr.cz\/n\/wp-json\/wp\/v2\/posts"}],"about":[{"href":"https:\/\/www.infokuryr.cz\/n\/wp-json\/wp\/v2\/types\/post"}],"author":[{"embeddable":true,"href":"https:\/\/www.infokuryr.cz\/n\/wp-json\/wp\/v2\/users\/2"}],"replies":[{"embeddable":true,"href":"https:\/\/www.infokuryr.cz\/n\/wp-json\/wp\/v2\/comments?post=7649"}],"version-history":[{"count":0,"href":"https:\/\/www.infokuryr.cz\/n\/wp-json\/wp\/v2\/posts\/7649\/revisions"}],"wp:featuredmedia":[{"embeddable":true,"href":"https:\/\/www.infokuryr.cz\/n\/wp-json\/wp\/v2\/media\/5237"}],"wp:attachment":[{"href":"https:\/\/www.infokuryr.cz\/n\/wp-json\/wp\/v2\/media?parent=7649"}],"wp:term":[{"taxonomy":"category","embeddable":true,"href":"https:\/\/www.infokuryr.cz\/n\/wp-json\/wp\/v2\/categories?post=7649"},{"taxonomy":"post_tag","embeddable":true,"href":"https:\/\/www.infokuryr.cz\/n\/wp-json\/wp\/v2\/tags?post=7649"}],"curies":[{"name":"wp","href":"https:\/\/api.w.org\/{rel}","templated":true}]}}