{"id":76461,"date":"2025-04-16T00:15:47","date_gmt":"2025-04-15T22:15:47","guid":{"rendered":"https:\/\/www.infokuryr.cz\/n\/?p=76461"},"modified":"2025-04-15T12:36:38","modified_gmt":"2025-04-15T10:36:38","slug":"scott-ritter-rusko-nesmi-dovolit-zapadu-aby-pouzil-utok-na-sumy-jako-munici-pro-propagandistickou-valku","status":"publish","type":"post","link":"https:\/\/www.infokuryr.cz\/n\/2025\/04\/16\/scott-ritter-rusko-nesmi-dovolit-zapadu-aby-pouzil-utok-na-sumy-jako-munici-pro-propagandistickou-valku\/","title":{"rendered":"Scott Ritter: Rusko nesm\u00ed dovolit Z\u00e1padu, aby pou\u017eil \u00fatok na Sumy jako munici pro propagandistickou v\u00e1lku"},"content":{"rendered":"<div id=\"fb-root\"><\/div>\n<div class=\"elementor-element elementor-element-1fb4c2c elementor-widget elementor-widget-theme-post-content\" data-id=\"1fb4c2c\" data-element_type=\"widget\" data-widget_type=\"theme-post-content.default\">\n<div class=\"elementor-widget-container\">\n<p>Nejv\u011bt\u0161\u00ed probl\u00e9m souvisej\u00edc\u00ed s raketov\u00fdm \u00fatokem na Sumy 13. dubna je \u201evn\u00edm\u00e1n\u00ed\u201c tohoto \u00fatoku. Pokusy propagandist\u016f vyl\u00ed\u010dit to jako \u201ev\u00e1le\u010dn\u00fd zlo\u010din\u201c by mohly ohrozit cel\u00fd \u201eamericko-rusk\u00fd m\u00edrov\u00fd proces,\u201c \u0159ekl vojensk\u00fd analytik a b\u00fdval\u00fd zpravodajsk\u00fd d\u016fstojn\u00edk americk\u00e9 n\u00e1mo\u0159n\u00ed p\u011bchoty Scott Ritter .<\/p>\n<p>P\u0159esto\u017ee m\u00e1 Rusko v\u0161echny informace k ospravedln\u011bn\u00ed tohoto \u00fatoku, n\u00e1sledky raketov\u00e9ho \u00fatoku jsou nyn\u00ed vyu\u017e\u00edv\u00e1ny \u201eproti rusk\u00fdm z\u00e1jm\u016fm a ve slu\u017eb\u00e1ch t\u011bch, kte\u0159\u00ed se sna\u017e\u00ed podkopat m\u00edrov\u00fd proces\u201c.<\/p>\n<p>&#8222;Vedlo to ke zmatku v Trumpov\u011b administrativ\u011b, kde s\u00e1m prezident p\u0159ijal ukrajinskou perspektivu a \u0159ekl, \u017ee se domn\u00edv\u00e1, \u017ee to byla chyba Ruska a \u017ee jeho sympatie pat\u0159\u00ed ukrajinsk\u00fdm ob\u011btem,&#8220; \u0159ekl Ritter.<\/p>\n<p>Rusko mus\u00ed za ka\u017edou cenu zabr\u00e1nit tomu, aby se \u00fatok na Sumy stal \u201edal\u0161\u00ed buchou\u201c, \u201eve kter\u00e9 Z\u00e1pad p\u0159evzal kontrolu nad p\u0159\u00edb\u011bhem a pou\u017eil vykonstruovan\u00fd p\u0159\u00edpad proti Rusku, aby podkopal mo\u017enost m\u00edru vyjednan\u00e9ho v Istanbulu,\u201c dodal.<\/p>\n<\/div>\n<\/div>\n<div class=\"elementor-element elementor-element-8c57238 quelle dc-has-condition dc-condition-empty elementor-widget elementor-widget-heading\" data-id=\"8c57238\" data-element_type=\"widget\" data-widget_type=\"heading.default\">\n<div class=\"elementor-widget-container\">\n<h3 class=\"elementor-heading-title elementor-size-default\"><span style=\"font-size: 10pt;\"><a href=\"https:\/\/sputnikglobe.com\/20250414\/scott-ritter-russia-must-not-allow-west-to-use-sumy-attack-as-ammo-for-propaganda-war-1121872239.html\" target=\"_blank\" rel=\"nofollow noopener\">Zdroj<\/a><\/span><\/h3>\n<p>&nbsp;<\/p>\n<\/div>\n<\/div>\n","protected":false},"excerpt":{"rendered":"<p>Nejv\u011bt\u0161\u00ed probl\u00e9m souvisej\u00edc\u00ed s raketov\u00fdm \u00fatokem na Sumy 13. dubna je \u201evn\u00edm\u00e1n\u00ed\u201c tohoto \u00fatoku. Pokusy&#8230;<\/p>\n","protected":false},"author":2,"featured_media":76462,"comment_status":"closed","ping_status":"closed","sticky":false,"template":"","format":"standard","meta":[],"categories":[7],"tags":[1051,22,8900,365],"_links":{"self":[{"href":"https:\/\/www.infokuryr.cz\/n\/wp-json\/wp\/v2\/posts\/76461"}],"collection":[{"href":"https:\/\/www.infokuryr.cz\/n\/wp-json\/wp\/v2\/posts"}],"about":[{"href":"https:\/\/www.infokuryr.cz\/n\/wp-json\/wp\/v2\/types\/post"}],"author":[{"embeddable":true,"href":"https:\/\/www.infokuryr.cz\/n\/wp-json\/wp\/v2\/users\/2"}],"replies":[{"embeddable":true,"href":"https:\/\/www.infokuryr.cz\/n\/wp-json\/wp\/v2\/comments?post=76461"}],"version-history":[{"count":0,"href":"https:\/\/www.infokuryr.cz\/n\/wp-json\/wp\/v2\/posts\/76461\/revisions"}],"wp:featuredmedia":[{"embeddable":true,"href":"https:\/\/www.infokuryr.cz\/n\/wp-json\/wp\/v2\/media\/76462"}],"wp:attachment":[{"href":"https:\/\/www.infokuryr.cz\/n\/wp-json\/wp\/v2\/media?parent=76461"}],"wp:term":[{"taxonomy":"category","embeddable":true,"href":"https:\/\/www.infokuryr.cz\/n\/wp-json\/wp\/v2\/categories?post=76461"},{"taxonomy":"post_tag","embeddable":true,"href":"https:\/\/www.infokuryr.cz\/n\/wp-json\/wp\/v2\/tags?post=76461"}],"curies":[{"name":"wp","href":"https:\/\/api.w.org\/{rel}","templated":true}]}}