{"id":76431,"date":"2025-04-15T06:05:54","date_gmt":"2025-04-15T04:05:54","guid":{"rendered":"https:\/\/www.infokuryr.cz\/n\/?p=76431"},"modified":"2025-04-15T06:09:42","modified_gmt":"2025-04-15T04:09:42","slug":"raketovy-uder-na-sumy-valka-propaganda-a-pokrytectvi","status":"publish","type":"post","link":"https:\/\/www.infokuryr.cz\/n\/2025\/04\/15\/raketovy-uder-na-sumy-valka-propaganda-a-pokrytectvi\/","title":{"rendered":"Raketov\u00fd \u00fader na Sumy: V\u00e1lka, propaganda a pokrytectv\u00ed"},"content":{"rendered":"<div id=\"fb-root\"><\/div>\n<h3>Rusk\u00fd \u00fatok na shrom\u00e1\u017ed\u011bn\u00ed ukrajinsk\u00fdch voj\u00e1k\u016f se stal bezprost\u0159edn\u00ed potravou pro informa\u010dn\u00ed ofenz\u00edvu proti Moskv\u011b<\/h3>\n<p>13. dubna Rusko zah\u00e1jilo \u00fatok na c\u00edl ve v\u00fdchodoukrajinsk\u00e9m m\u011bst\u011b Sumy. V\u0161echny zpr\u00e1vy \u2013 z\u00e1padn\u00ed, ukrajinsk\u00e9 a rusk\u00e9 \u2013 se shoduj\u00ed na n\u011bkter\u00fdch z\u00e1kladn\u00edch faktech: \u00datok sest\u00e1val ze dvou balistick\u00fdch st\u0159el; zna\u010dn\u00e9 mno\u017estv\u00ed lid\u00ed bylo zabito (p\u0159es 60,\u00a0<a href=\"https:\/\/www.rt.com\/russia\/615735-sumy-strike-ukrainian-command\/\">podle rusk\u00e9ho ministerstva obrany<\/a>\u00a0; p\u0159es 20 v z\u00e1padn\u00edch a ukrajinsk\u00fdch\u00a0<a href=\"https:\/\/www.rt.com\/russia\/615704-sumy-missile-strike-ukraine\/\" target=\"_blank\" rel=\"noopener noreferrer\">zpr\u00e1v\u00e1ch<\/a>\u00a0) a zran\u011bno (p\u0159es 110, podle\u00a0<a href=\"https:\/\/www.reuters.com\/world\/europe\/mayor-ukraines-sumy-says-over-20-dead-russian-missile-strike-2025-04-13\/\" target=\"_blank\" rel=\"noopener noreferrer\">ukrajinsk\u00fdch zpr\u00e1v<\/a>\u00a0).<\/p>\n<p>Krom\u011b toho se v\u0161ak snesla hust\u00e1 mlha v\u00e1lky. Nebo sp\u00ed\u0161e mlha propagandy. Z\u00e1padn\u00ed m\u00e9dia a politici rusk\u00fd \u00fader odsoudili jako v podstat\u011b zv\u011brstvo nebo v\u00e1le\u010dn\u00fd zlo\u010din. Nap\u0159\u00edklad The New York Times to prezentovaly jako n\u00e1raz\u00a0<em>\u201edo ru\u0161n\u00e9ho centra m\u011bsta [\u2026] v ned\u011bli r\u00e1no [\u2026], p\u0159i kter\u00e9m zahynulo nejm\u00e9n\u011b 34 lid\u00ed, co\u017e se zd\u00e1lo b\u00fdt nejsmrteln\u011bj\u0161\u00edm \u00fatokem proti civilist\u016fm v tomto roce\u201c.<\/em>\u00a0\u00a0Nastupuj\u00edc\u00ed n\u011bmeck\u00fd kancl\u00e9\u0159 Friedrich Merz (slo\u017e\u00ed p\u0159\u00edsahu na za\u010d\u00e1tku kv\u011btna) v jednom z nejpopul\u00e1rn\u011bj\u0161\u00edch televizn\u00edch po\u0159ad\u016f sv\u00e9 zem\u011b\u00a0<a href=\"https:\/\/www.msn.com\/en-ie\/news\/world\/germanys-merz-condemns-sumy-attack-as-serious-war-crime\/ar-AA1CRPa4?ocid=BingNewsSerp\" target=\"_blank\" rel=\"noopener noreferrer\">odsoudil<\/a>\u00a0to, co nazval\u00a0<em>\u201ezr\u00e1dn\u00fdm \u010dinem\u201c<\/em>\u00a0a\u00a0<em>\u201ev\u00e1\u017en\u00fdm v\u00e1le\u010dn\u00fdm zlo\u010dinem<\/em>\u00a0\u201c.<\/p>\n<p>V USA zvl\u00e1\u0161tn\u00ed \u2013 i kdy\u017e z velk\u00e9 \u010d\u00e1sti stranou \u2013 vyslanec prezidenta Donalda Trumpa pro Rusko a Ukrajinu,\u00a0<a href=\"https:\/\/www.telegraph.co.uk\/world-news\/2025\/04\/13\/russian-rockets-strike-ukraine-churches-easter-week\/\" target=\"_blank\" rel=\"noopener noreferrer\">Keith Kellogg<\/a>\u00a0, uplatnil sv\u00e9 zku\u0161enosti\u00a0<em>\u201eb\u00fdval\u00e9ho vojensk\u00e9ho v\u016fdce\u201c<\/em>\u00a0, kter\u00fd\u00a0<em>\u201ech\u00e1pal\u201c c\u00edlen\u00ed<\/em>\u00a0, aby odsoudil rusk\u00fd \u00fader jako\u00a0<em>\u201enespr\u00e1vn\u00fd\u201c,<\/em>\u00a0a dodal, \u017ee \u00fatok\u00a0<em>\u201ena civiln\u00ed c\u00edle v Sumy p\u0159ekra\u010duje jakoukoli linii slu\u0161nosti\u201c.<\/em>\u00a0Britsk\u00fd premi\u00e9r Keir Starmer je\u00a0<em>\u201ezd\u011b\u0161en stra\u0161liv\u00fdmi \u00fatoky Ruska na civilisty v Sumy\u201c.<\/em><\/p>\n<p>Starmer i francouzsk\u00fd prezident Emmanuel Macron vid\u011bli p\u0159\u00edle\u017eitost vyzvat k\u00a0<em>\u201e\u00a0<a href=\"https:\/\/www.msn.com\/fr-fr\/actualite\/monde\/frappe-russe-meurtri%C3%A8re-%C3%A0-soumy-emmanuel-macron-appelle-%C3%A0-des-mesures-fortes-pour-imposer-un-cessez-le-feu-%C3%A0-la-russie\/ar-AA1CPGwl?ocid=BingNewsSerp\" target=\"_blank\" rel=\"noopener noreferrer\">uvalen\u00ed<\/a>\u00a0\u201c<\/em>\u00a0p\u0159\u00edm\u011b\u0159\u00ed na Rusko. Merz ze sv\u00e9 strany c\u00edtil pot\u0159ebu je\u0161t\u011b jednou promluvit o\u00a0<a href=\"https:\/\/www.msn.com\/en-us\/news\/world\/next-german-chancellor-ready-to-arm-ukraine-with-taurus-missiles\/ar-AA1CRyVq?ocid=BingNewsSerp\" target=\"_blank\" rel=\"noopener noreferrer\">poskytnut\u00ed Kyjeva n\u011bmeck\u00fdmi raketami Taurus<\/a>\u00a0. Zd\u00e1 se\u00a0, \u017ee\u00a0<a href=\"https:\/\/www.msn.com\/en-us\/news\/world\/russia-says-ukraine-continues-attacks-on-russian-energy-infrastructure\/ar-AA1CnZpR?ocid=BingNewsSerp\" target=\"_blank\" rel=\"noopener noreferrer\">na<\/a>\u00a0tom nez\u00e1le\u017e\u00ed. Zjevn\u011b tomu nesv\u011bd\u010d\u00ed ani skute\u010dnost, \u017ee ani Francie, ani Brit\u00e1nie nemaj\u00ed prost\u0159edky, jak donutit Moskvu. To, \u017ee pou\u017eit\u00ed n\u011bmeck\u00e9ho Taurusu k \u00faderu nap\u0159\u00edklad na Ker\u010dsk\u00fd most m\u016f\u017ee vyvolat \u2013 naprosto ospravedlniteln\u011b \u2013 ruskou odvetu proti n\u011bmeck\u00fdm c\u00edl\u016fm, a\u0165 u\u017e v N\u011bmecku nebo jinde, se Merzovi zd\u00e1 stejn\u011b irelevantn\u00ed.<\/p>\n<p>Dalo by se p\u0159idat v\u00edce p\u0159\u00edklad\u016f, ale trend by m\u011bl b\u00fdt jasn\u00fd: Na Z\u00e1pad\u011b t\u00e9m\u011b\u0159 v\u0161ichni souhlas\u00ed s t\u00edm, \u017ee rusk\u00fd \u00fatok na Sumy byl zv\u011brstvem a v EU se mluv\u00ed \u2013 pokud budeme m\u00edt \u0161t\u011bst\u00ed, z\u016fstane to jen u toho \u2013 o jeho zneu\u017eit\u00ed jako z\u00e1minky k dal\u0161\u00ed eskalaci z\u00e1stupn\u00e9 v\u00e1lky, v n\u00ed\u017e je Ukrajina vyu\u017e\u00edv\u00e1na proti Rusku.<\/p>\n<p>Tento eskala\u010dn\u00ed p\u0159\u00edstup m\u00e1 v\u0161ak dva velk\u00e9 probl\u00e9my: A co je nejd\u016fle\u017eit\u011bj\u0161\u00ed, nen\u00ed zalo\u017een na faktech, ale na dezinformac\u00edch poch\u00e1zej\u00edc\u00edch z kyjevsk\u00e9ho re\u017eimu, p\u0159evzat\u00fdch nekriticky a \u0161\u00ed\u0159en\u00fdch s nad\u0161en\u00edm z\u00e1padn\u00edmi mainstreamov\u00fdmi m\u00e9dii a mnoha politick\u00fdmi v\u016fdci.<\/p>\n<p>I kdy\u017e vlastn\u011b ne\u00a0<em>v\u0161echny<\/em>\u00a0. To je druh\u00fd, jakoby praktick\u00fd probl\u00e9m eskala\u010dn\u00ed brig\u00e1dy: jedin\u00e1 nejmocn\u011bj\u0161\u00ed z\u00e1padn\u00ed postava nehraje. Trump Rusko\u00a0<em>neodsoudil<\/em>\u00a0. \u00datok ozna\u010dil za\u00a0<a href=\"https:\/\/www.washingtonpost.com\/video\/national\/trump-calls-russias-palm-sunday-strike-on-sumy-horrible\/2025\/04\/14\/01baafdb-c43a-4761-93d8-005fcc722567_video.html\" target=\"_blank\" rel=\"noopener noreferrer\"><em>\u201estra\u0161n\u00fd\u201c<\/em>\u00a0a\u00a0<em>\u201estra\u0161n\u00fd\u201c<\/em><\/a>\u00a0a tvrdil, \u017ee mu bylo \u0159e\u010deno, \u017ee\u00a0<em>\u201e[pravd\u011bpodobn\u011b mysleli Rusko] ud\u011blali chybu\u201c.<\/em><\/p>\n<p>A\u0165 u\u017e m\u00e1 pro toto prohl\u00e1\u0161en\u00ed jak\u00fdkoli z\u00e1klad (americk\u00e9 sign\u00e1ln\u00ed zpravodajstv\u00ed? Z doslechu?) m\u00e1 \u2013 nebo ne \u2013 politicky, kl\u00ed\u010dov\u00fdm bodem prvn\u00ed Trumpovy reakce bylo, \u017ee se demonstrativn\u011b zdr\u017eel p\u0159ipojen\u00ed ke zbytku Z\u00e1padu v eskalaci, zat\u00edmco zd\u016fraznil, \u017ee probl\u00e9mem je v\u00e1lka jako takov\u00e1, a jej\u00ed ukon\u010den\u00ed je \u0159e\u0161en\u00edm.<\/p>\n<p>Podobn\u00fd p\u0159\u00edstup\u00a0<a href=\"https:\/\/x.com\/SecRubio\/status\/1911460975481409809\" target=\"_blank\" rel=\"noopener noreferrer\">v prohl\u00e1\u0161en\u00ed na X od americk\u00e9ho ministra zahrani\u010d\u00ed Marca Rubia<\/a>\u00a0potvrzuje, \u017ee nejde o n\u00e1hodu, ale o politiku Trumpa, pota\u017emo Washingtonu, alespo\u0148 prozat\u00edm. Americk\u00fd prezident se jasn\u011b \u2013 a nep\u0159ekvapiv\u011b \u2013 rozhodl, \u017ee jeho zastaven\u00ed a otev\u0159en\u00fd, ale st\u00e1le alespo\u0148 pokra\u010duj\u00edc\u00ed pokus o dosa\u017een\u00ed normalizace s Moskvou je d\u016fle\u017eit\u011bj\u0161\u00ed ne\u017e p\u0159ipojen\u00ed se k nejnov\u011bj\u0161\u00ed propagandistick\u00e9 kampani proti Rusku.<\/p>\n<p>Trump \u2013 tak trestuhodn\u011b \u0161patn\u00fd na St\u0159edn\u00edm v\u00fdchod\u011b \u2013 m\u00e1 v tomto pravdu, i kdy\u017e sleduje extr\u00e9mn\u011b pragmatick\u00e9 c\u00edle. Je zde tak\u00e9, jak se to st\u00e1v\u00e1, v z\u00e1sadn\u011bj\u0161\u00edm smyslu, co\u017e n\u00e1s p\u0159iv\u00e1d\u00ed zp\u011bt k probl\u00e9mu \u010d\u00edslo jedna se z\u00e1padn\u00edm mainstreamov\u00fdm p\u0159\u00edstupem k \u00fatoku na Sumy: Navzdory nekone\u010dn\u00fdm z\u00e1znam\u016fm Kyjeva o podvodech je tvrzen\u00ed Z\u00e1padu, \u017ee rusk\u00fd \u00fatok byl zlo\u010din, op\u011bt zalo\u017eeno pouze na tomto velmi temn\u00e9m zdroji. Nap\u0159\u00edklad ukrajinsk\u00fd prezident Vladmir Zelenskyj odsoudil\u00a0<em>\u201estra\u0161n\u00fd\u201c<\/em>\u00a0\u00fatok, kter\u00fd zas\u00e1hl\u00a0<em>\u201eoby\u010dejnou m\u011bstskou ulici, oby\u010dejn\u00fd \u017eivot\u201c.<\/em><\/p>\n<p>Macron, Merz, Starmer, Kellogg, New York Times, The Telegraph \u2013 abychom jmenovali jen n\u011bkolik p\u0159\u00edklad\u016f \u2013 v\u0161ichni n\u00e1sleduj\u00ed Zelensk\u00e9ho a Kyjevovu le\u017e, \u017ee \u0161lo o \u00famysln\u00fd \u00fatok na civilisty. Ve skute\u010dnosti v\u0161ak Rusko ude\u0159ilo na shrom\u00e1\u017ed\u011bn\u00ed ukrajinsk\u00fdch voj\u00e1k\u016f. Voj\u00e1ci, ano, i v ned\u011bli a tak\u00e9 na Kv\u011btnou ned\u011bli jsou legitimn\u00edmi c\u00edli ozbrojen\u00fdch konflikt\u016f. Nen\u00ed\u00a0<em>trestn\u00e9<\/em>\u00a0na n\u011b \u00fato\u010dit.<\/p>\n<p>To je z\u00e1kladn\u00ed pr\u00e1vn\u00ed realita, kter\u00e1 m\u00e1 ko\u0159eny v z\u00e1kon\u011b ozbrojen\u00e9ho konfliktu. A kdy\u017e je bota na druh\u00e9 noze, Z\u00e1pad to dob\u0159e v\u00ed: Nikdo tam neodsoudil ukrajinsk\u00fd\u00a0<em>\u201ev\u00e1le\u010dn\u00fd zlo\u010din\u201c,\u00a0<\/em>\u00a0<a href=\"https:\/\/www.latimes.com\/world-nation\/story\/2023-01-04\/russia-cellphone-use-allowed-ukraine-target-troops\" target=\"_blank\" rel=\"noopener noreferrer\">kdy\u017e kyjevsk\u00e9 d\u011blost\u0159electvo dodan\u00e9 Z\u00e1padem<\/a>\u00a0v lednu 2023 zni\u010dilo t\u00e9m\u011b\u0159 100 rusk\u00fdch voj\u00e1k\u016f, kte\u0159\u00ed spali ve sv\u00fdch ubikac\u00edch za frontovou lini\u00ed.<\/p>\n<p>Skute\u010dn\u011b, t\u011bch p\u00e1r ukrajinsk\u00fdch m\u00e9di\u00ed a politik\u016f, kte\u0159\u00ed se st\u00e1le odva\u017euj\u00ed ve\u0159ejn\u011b odporovat de facto autorit\u00e1\u0159sk\u00e9mu Zelensk\u00e9ho re\u017eimu, m\u00e1 jasno v tom, \u017ee c\u00edlem byli ukrajin\u0161t\u00ed voj\u00e1ci: Hlavn\u00ed ukrajinsk\u00fd (nikoli rusk\u00fd) zpravodajsk\u00fd web\u00a0<a href=\"https:\/\/strana.news\/news\/483363-po-komu-rf-nanesla-raketnyj-udar-v-sumakh.html\" target=\"_blank\" rel=\"noopener noreferrer\">Strana.ua<\/a>\u00a0informoval, \u017ee ukrajinsk\u00e9 \u00fa\u0159ady se sna\u017eily b\u00fdt opatrn\u00e9 ohledn\u011b p\u0159esn\u00e9 polohy rusk\u00e9ho \u00faderu, zat\u00edmco\u00a0<em>\u201ez r\u016fzn\u00fdch zdroj\u016f vych\u00e1z\u00ed st\u00e1le v\u00edce informac\u00ed o tom, \u017ee c\u00edlem \u00faderu byla ukrajinsk\u00e1 arm\u00e1da\u201c.<\/em><\/p>\n<p>P\u0159esn\u011bji \u0159e\u010deno, ukrajinsk\u00e1 poslankyn\u011b Maryana Bezuglaya, b\u00fdval\u00fd poslanec Igor Mosiychuk (mimochodem politicky na krajn\u00ed pravici a rozhodn\u011b \u017e\u00e1dn\u00fd p\u0159\u00edtel Moskvy) a m\u00edstn\u00ed starosta uvedli, \u017ee\u00a0<a href=\"https:\/\/strana.news\/news\/483363-po-komu-rf-nanesla-raketnyj-udar-v-sumakh.html\" target=\"_blank\" rel=\"noopener noreferrer\">rusk\u00e9 rakety zas\u00e1hly slavnostn\u00ed vyznamen\u00e1n\u00ed 117. brig\u00e1dy \u00fazemn\u00ed obrany<\/a>\u00a0, ukrajinsk\u00e9 jednotky, kter\u00e1 bojuje v regionu.<\/p>\n<p>Existuj\u00ed tak\u00e9 v\u00e1\u017en\u00e1 obvin\u011bn\u00ed, ale nejen proti Rusku. M\u00edsto toho jsou pod palbou m\u00edstn\u00ed a centr\u00e1ln\u00ed ukrajinsk\u00e9 \u00fa\u0159ady: Mosiychuk a Bezuglaya se domn\u00edvaj\u00ed, \u017ee rusk\u00e9 s\u00edly se mohly dostat k c\u00edli z toho, co lze popsat pouze jako zlo\u010dinn\u00e1 nedbalost, konkr\u00e9tn\u011b z nest\u0159e\u017een\u00fdch pozv\u00e1nek na ob\u0159ad.<\/p>\n<p>Mosiychuk nav\u00edc odsuzuje, \u017ee organiz\u00e1to\u0159i pozvali civilisty, v\u010detn\u011b d\u011bt\u00ed. A m\u00e1 podez\u0159en\u00ed nejen na lajd\u00e1ctv\u00ed, ale i na krajn\u011b pochybn\u00e9 motivy. Domn\u00edv\u00e1 se, \u017ee m\u00edstn\u00ed politik a poslanec \u2013 mimochodem ze strany Zelensk\u00e9ho Slu\u017eebn\u00edk lidu \u2013 pou\u017e\u00edvali vojensk\u00fd ceremoni\u00e1l jako\u00a0<em>\u201ePR\u201c<\/em>\u00a0trik, a douf\u00e1, \u017ee\u00a0<em>\u201e\u00a0<a href=\"https:\/\/strana.news\/news\/483363-po-komu-rf-nanesla-raketnyj-udar-v-sumakh.html\" target=\"_blank\" rel=\"noopener noreferrer\">odpad a spodina<\/a>\u00a0\u201c,<\/em>\u00a0jak je naz\u00fdv\u00e1, bude zat\u010den.<\/p>\n<p>Rusk\u00e9 ministerstvo obrany mezit\u00edm\u00a0<a href=\"https:\/\/www.rt.com\/russia\/615735-sumy-strike-ukrainian-command\/\" target=\"_blank\" rel=\"noopener noreferrer\">uvedlo, \u017ee c\u00edlem \u00faderu bylo setk\u00e1n\u00ed ukrajinsk\u00fdch velitel\u016f<\/a>\u00a0. Slavnostn\u00ed vyznamen\u00e1n\u00ed pro voj\u00e1ky, setk\u00e1n\u00ed d\u016fstojn\u00edk\u016f nebo mo\u017en\u00e1 oboj\u00ed \u2013 a\u0165 se na to pod\u00edv\u00e1te z kter\u00e9koli strany, byl to vojensk\u00fd c\u00edl.<\/p>\n<p>\u0158ekn\u011bme jednu v\u011bc p\u0159\u00edmo: Velk\u00fd po\u010det lid\u00ed zem\u0159el a byl zran\u011bn, a ano, zahrnuj\u00ed civilisty a d\u011bti. To je stra\u0161n\u00e9, ale nen\u00ed to pr\u00e1v\u011b\u00a0<em>z\u00e1le\u017eitost<\/em>\u00a0lacin\u00e9ho politick\u00e9ho vyko\u0159is\u0165ov\u00e1n\u00ed, aby byla v\u00e1lka je\u0161t\u011b hor\u0161\u00ed a trvala je\u0161t\u011b d\u00e9le. Jeliko\u017e se jedn\u00e1 o ozbrojen\u00fd konflikt, m\u00e1 Rusko pr\u00e1vo ude\u0159it na ukrajinsk\u00e9 s\u00edly, stejn\u011b jako Ukrajina m\u00e1 pr\u00e1vo ude\u0159it na rusk\u00e9 s\u00edly.<\/p>\n<p>Jasn\u00e1 je je\u0161t\u011b jedna v\u011bc: Ti, kdo p\u0159edst\u00edraj\u00ed, \u017ee \u0161lo o \u00famysln\u00fd \u00fatok na civilisty, bu\u010f dezinformuj\u00ed, nebo dezinformuj\u00ed, nebo oboj\u00ed. Je mo\u017en\u00e9, \u017ee ru\u0161t\u00ed velitel\u00e9 nezohlednili pravd\u011bpodobnost tak\u00e9 zabit\u00ed a zran\u011bn\u00ed civilist\u016f; je mo\u017en\u00e9, \u017ee to zv\u00e1\u017eili, ale rozhodli se, \u017ee riziko bylo \u00fam\u011brn\u00e9 vojensk\u00e9mu zisku, kter\u00fd o\u010dek\u00e1vali. Tato forma my\u0161len\u00ed je op\u011bt sou\u010d\u00e1st\u00ed z\u00e1kona o ozbrojen\u00e9m konfliktu. Mo\u017en\u00e1 se m\u00fdlili a kritici mohou argumentovat, pokud cht\u011bj\u00ed.\u00a0<em>Ne\u0161lo<\/em>\u00a0v\u0161ak\u00a0o masakr civilist\u016f, ale v z\u00e1sad\u011b o vojensk\u00fd \u00fatok.<\/p>\n<p>Ti na Z\u00e1pad\u011b, kte\u0159\u00ed cht\u011bj\u00ed p\u0159edst\u00edrat opak, jsou \u2013 to je t\u0159eba tak\u00e9 \u0159\u00edci \u2013 stejn\u00ed politici a mainstreamov\u00e1 m\u00e9dia, kter\u00e1 se proaktivn\u011b postavila na stranu Izraele, zat\u00edmco Izrael sp\u00e1chal pokra\u010duj\u00edc\u00ed, \u00fa\u017easn\u011b n\u00e1silnou a zvr\u00e1cenou sekvenci genocidy, zlo\u010din\u016f proti lidskosti a v\u00e1le\u010dn\u00fdch zlo\u010din\u016f proti Palestinc\u016fm i jeho soused\u016fm v Libanonu a S\u00fdrii.<\/p>\n<p>N\u011bmeck\u00fd Merz nap\u0159\u00edklad na\u0161el siln\u00e1, fale\u0161n\u00e1 slova pro odsouzen\u00ed rusk\u00e9ho \u00fatoku na Sumy a znovu vyhro\u017euje, \u017ee d\u00e1 Kyjevu n\u011bmeck\u00e9 rakety. Jde o stejn\u00e9ho mu\u017ee, kter\u00fd chce do Berl\u00edna pozvat mezin\u00e1rodn\u011b hledan\u00e9ho v\u00e1le\u010dn\u00e9ho zlo\u010dince Benjamina Netanjahua. Pokrytectv\u00ed je dechberouc\u00ed, ale nen\u00ed p\u0159ekvapiv\u00e9.<\/p>\n<p><em><strong>Autor: Tarik<\/strong>\u00a0\u00a0<\/em><strong><em>Cyril Amar<\/em><\/strong><em>\u00a0, historik z N\u011bmecka, kter\u00fd pracuje na Ko\u00e7 University v Istanbulu, o Rusku, Ukrajin\u011b a v\u00fdchodn\u00ed Evrop\u011b, historii druh\u00e9 sv\u011btov\u00e9 v\u00e1lky, kulturn\u00ed studen\u00e9 v\u00e1lce a politice pam\u011bti<\/em><\/p>\n<div class=\"Blog-author__cover\"><a href=\"https:\/\/swentr.site\/op-ed\/authors\/tarik-cyril-amar\/\"><img decoding=\"async\" loading=\"lazy\" class=\"\" src=\"https:\/\/mf.b37mrtl.ru\/files\/2023.11\/original\/6547ab332030276c28448944.jpg\" alt=\"Tarik Cyril Amar\" width=\"217\" height=\"270\" \/><\/a><\/div>\n<p>&nbsp;<\/p>\n","protected":false},"excerpt":{"rendered":"<p>Rusk\u00fd \u00fatok na shrom\u00e1\u017ed\u011bn\u00ed ukrajinsk\u00fdch voj\u00e1k\u016f se stal bezprost\u0159edn\u00ed potravou pro informa\u010dn\u00ed ofenz\u00edvu proti Moskv\u011b&#8230;<\/p>\n","protected":false},"author":2,"featured_media":76432,"comment_status":"closed","ping_status":"closed","sticky":false,"template":"","format":"standard","meta":[],"categories":[7],"tags":[1503,2122,8900],"_links":{"self":[{"href":"https:\/\/www.infokuryr.cz\/n\/wp-json\/wp\/v2\/posts\/76431"}],"collection":[{"href":"https:\/\/www.infokuryr.cz\/n\/wp-json\/wp\/v2\/posts"}],"about":[{"href":"https:\/\/www.infokuryr.cz\/n\/wp-json\/wp\/v2\/types\/post"}],"author":[{"embeddable":true,"href":"https:\/\/www.infokuryr.cz\/n\/wp-json\/wp\/v2\/users\/2"}],"replies":[{"embeddable":true,"href":"https:\/\/www.infokuryr.cz\/n\/wp-json\/wp\/v2\/comments?post=76431"}],"version-history":[{"count":0,"href":"https:\/\/www.infokuryr.cz\/n\/wp-json\/wp\/v2\/posts\/76431\/revisions"}],"wp:featuredmedia":[{"embeddable":true,"href":"https:\/\/www.infokuryr.cz\/n\/wp-json\/wp\/v2\/media\/76432"}],"wp:attachment":[{"href":"https:\/\/www.infokuryr.cz\/n\/wp-json\/wp\/v2\/media?parent=76431"}],"wp:term":[{"taxonomy":"category","embeddable":true,"href":"https:\/\/www.infokuryr.cz\/n\/wp-json\/wp\/v2\/categories?post=76431"},{"taxonomy":"post_tag","embeddable":true,"href":"https:\/\/www.infokuryr.cz\/n\/wp-json\/wp\/v2\/tags?post=76431"}],"curies":[{"name":"wp","href":"https:\/\/api.w.org\/{rel}","templated":true}]}}