{"id":76430,"date":"2025-04-15T06:02:58","date_gmt":"2025-04-15T04:02:58","guid":{"rendered":"https:\/\/www.infokuryr.cz\/n\/?p=76430"},"modified":"2025-04-15T06:03:22","modified_gmt":"2025-04-15T04:03:22","slug":"jiri-vyvadil-je-to-bidenova-valka","status":"publish","type":"post","link":"https:\/\/www.infokuryr.cz\/n\/2025\/04\/15\/jiri-vyvadil-je-to-bidenova-valka\/","title":{"rendered":"Ji\u0159\u00ed Vyvadil: Je to Bidenova v\u00e1lka"},"content":{"rendered":"<div id=\"fb-root\"><\/div>\n<p><strong>To, co nastalo by nenastalo, kdybych byl prezidentem, pronesl Donald Trump na margo v\u010derej\u0161\u00edho raketov\u00e9ho \u00fatoku na Sumu z paluby sv\u00e9ho letadla.<\/strong><\/p>\n<p style=\"font-weight: 400;\">V\u011bci jsou samoz\u0159ejm\u011b prost\u00e9: Zjednodu\u0161en\u011b v\u0161e v\u00a0kone\u010dn\u00e9 f\u00e1zi odstartovalo arogantn\u00ed rozhodnut\u00ed Joa Bidena, a\u010d navazovalo na formulov\u00e1n\u00ed bezpe\u010dnostn\u00edch z\u00e1ruk pro Rusko v\u00a0z\u00e1jmu p\u0159edpokl\u00e1dan\u00e9 spolupr\u00e1ce Rusko -USA, kter\u00e1 odstartovala nejprve v\u00a0\u017denev\u011b a pozd\u011bji nav\u00e1zala \u2013 a skon\u010dila kolapsem a odm\u00edtnut\u00edm\u00a0\u00a0Bidena\u00a0\u00a0uznat legitimn\u00ed bezpe\u010dnostn\u00ed po\u017eadavek Ruska nep\u0159ipustit \u010dlenstv\u00ed\u00a0\u00a0Ukrajiny v\u00a0NATO, kter\u00e9 bylo z\u0159\u00edzeno jako kolektivn\u00ed vojensk\u00fd agresivn\u00ed pakt proti Rusku sm\u011b\u0159uj\u00edc\u00ed.<\/p>\n<p style=\"font-weight: 400;\">Donald Trump by jist\u011b takov\u00e9mu legitimn\u00edmu po\u017eadavku Putina v\u00a0z\u00e1jmu dobr\u00e9 spolupr\u00e1ce vyhov\u011bl, Biden \u0161el na hazard a spolu s\u00a0n\u00edm i cel\u00e1 evropsk\u00e1 \u010d\u00e1st NATO.<\/p>\n<p style=\"font-weight: 400;\">Putin jedn\u00e1 zkr\u00e1tka tak, jak by na logicky musel na jeho m\u00edst\u011b jednat i Trump.<\/p>\n<p style=\"font-weight: 400;\">D\u00e1l rozv\u00e1d\u011bt to u\u017e snad ani nemus\u00edm.<\/p>\n<p style=\"font-weight: 400;\">Zelensk\u00fd a spol. r\u00e1di navozuj\u00ed situaci, aby do\u0161lo ke konfrontaci, o kter\u00e9\u00a0\u00a0v\u00ed, \u017ee jejich zahrani\u010dn\u00ed spojenci ji ihned hbit\u011b vyu\u017eij\u00ed.<\/p>\n<p style=\"font-weight: 400;\">Jak zn\u00e1mo p\u0159edv\u010d\u00edrem do\u0161lo k raketov\u00e9mu \u00fatoku na Sumu . Podle rusk\u00e9 strany, jak\u00a0\u00a0informaci zve\u0159ejnil kan\u00e1l rusk\u00e9ho ministerstva obrany Telegram ve sv\u00e9 denn\u00ed zpr\u00e1v\u011b.<\/p>\n<p style=\"font-weight: 400;\">Rusk\u00e9 ministerstvo obrany tvrd\u00ed, \u017ee dv\u011b opera\u010dn\u011b-taktick\u00e9 rakety Iskander-M zas\u00e1hly \u201em\u00edsto setk\u00e1n\u00ed velitelsk\u00e9ho \u0161t\u00e1bu ukrajinsk\u00fdch ozbrojen\u00fdch sil; v d\u016fsledku \u00faderu a zni\u010den\u00ed c\u00edle bylo zni\u010deno v\u00edce ne\u017e 60 voj\u00e1k\u016f ukrajinsk\u00fdch ozbrojen\u00fdch sil\u201c.<\/p>\n<p style=\"font-weight: 400;\">K dne\u0161n\u00edmu dni bylo p\u0159i raketov\u00e9m \u00fatoku na Sumy zabito 34 civilist\u016f v\u010detn\u011b dvou d\u011bt\u00ed a 119 lid\u00ed bylo zran\u011bno, v\u010detn\u011b 15 d\u011bt\u00ed. 11 lid\u00ed zran\u011bn\u00fdch p\u0159i n\u00e1razu je ve v\u00e1\u017en\u00e9m stavu, v\u010detn\u011b t\u0159\u00ed d\u011bt\u00ed.<\/p>\n<p style=\"font-weight: 400;\">Co ale zapadlo. \u017de z\u00a0\u0159ady ukrajinsk\u00e9ho starosty\u00a0\u00a0Konotopu Art\u011bmu\u00a0\u00a0\u00a0\u00a0Semenekinova, stejn\u011b jako z\u00a0\u00fast zn\u00e1m\u00e9 neboj\u00e1cn\u00e9 poslankyn\u011b Maryany Bezuglov\u00e9 a b\u00fdval\u00e9ho poslance Igora\u00a0\u00a0Mosiayschuka\u00a0\u00a0zazn\u011bla\u00a0\u00a0ostr\u00e1 kritika, \u017ee se m\u00edsto oslav ukrajinsk\u00e9 arm\u00e1dy se nebezpe\u010dn\u011b\u00a0\u00a0kon\u00e1 v\u00a0m\u00edstech, kde logicky\u00a0\u00a0m\u016f\u017ee nastat o\u010dek\u00e1v\u00e1n\u00e1 rusk\u00e1 reakce.<\/p>\n<p style=\"font-weight: 400;\">Tak to je.<\/p>\n<p style=\"font-weight: 400;\">Zelensk\u00e9ho lid\u00e9 prost\u011b cht\u011bj\u00ed medi\u00e1ln\u00ed konflikt a cht\u011bj\u00ed jej propagandisticky vyu\u017e\u00edt.<\/p>\n<p style=\"font-weight: 400;\">A Trump m\u00e1 samoz\u0159ejm\u011b pravdu. Je to\u00a0\u00a0Bidenova v\u00e1lka. On a ostatn\u00ed z\u00e1padn\u00ed spolupachatel\u00e9 rozhodli, \u017ee nastala.<\/p>\n<p style=\"font-weight: 400;\">Asi tak.<\/p>\n<p><a href=\"https:\/\/vasevec.info\/blogy\/je-bidenova-valka\">Ji\u0159\u00ed Vyvadil<\/a><\/p>\n<p><img decoding=\"async\" loading=\"lazy\" class=\"alignnone size-medium wp-image-16474\" src=\"http:\/\/www.infokuryr.cz\/n\/wp-content\/uploads\/2022\/10\/jiri-vyvadil-300x200.jpg\" alt=\"\" width=\"300\" height=\"200\" srcset=\"https:\/\/www.infokuryr.cz\/n\/wp-content\/uploads\/2022\/10\/jiri-vyvadil-300x200.jpg 300w, https:\/\/www.infokuryr.cz\/n\/wp-content\/uploads\/2022\/10\/jiri-vyvadil-768x512.jpg 768w, https:\/\/www.infokuryr.cz\/n\/wp-content\/uploads\/2022\/10\/jiri-vyvadil.jpg 800w\" sizes=\"(max-width: 300px) 100vw, 300px\" \/><\/p>\n<p>&nbsp;<\/p>\n","protected":false},"excerpt":{"rendered":"<p>To, co nastalo by nenastalo, kdybych byl prezidentem, pronesl Donald Trump na margo v\u010derej\u0161\u00edho raketov\u00e9ho&#8230;<\/p>\n","protected":false},"author":2,"featured_media":58296,"comment_status":"closed","ping_status":"closed","sticky":false,"template":"","format":"standard","meta":[],"categories":[6],"tags":[72,1503,8900,452,26,40],"_links":{"self":[{"href":"https:\/\/www.infokuryr.cz\/n\/wp-json\/wp\/v2\/posts\/76430"}],"collection":[{"href":"https:\/\/www.infokuryr.cz\/n\/wp-json\/wp\/v2\/posts"}],"about":[{"href":"https:\/\/www.infokuryr.cz\/n\/wp-json\/wp\/v2\/types\/post"}],"author":[{"embeddable":true,"href":"https:\/\/www.infokuryr.cz\/n\/wp-json\/wp\/v2\/users\/2"}],"replies":[{"embeddable":true,"href":"https:\/\/www.infokuryr.cz\/n\/wp-json\/wp\/v2\/comments?post=76430"}],"version-history":[{"count":0,"href":"https:\/\/www.infokuryr.cz\/n\/wp-json\/wp\/v2\/posts\/76430\/revisions"}],"wp:featuredmedia":[{"embeddable":true,"href":"https:\/\/www.infokuryr.cz\/n\/wp-json\/wp\/v2\/media\/58296"}],"wp:attachment":[{"href":"https:\/\/www.infokuryr.cz\/n\/wp-json\/wp\/v2\/media?parent=76430"}],"wp:term":[{"taxonomy":"category","embeddable":true,"href":"https:\/\/www.infokuryr.cz\/n\/wp-json\/wp\/v2\/categories?post=76430"},{"taxonomy":"post_tag","embeddable":true,"href":"https:\/\/www.infokuryr.cz\/n\/wp-json\/wp\/v2\/tags?post=76430"}],"curies":[{"name":"wp","href":"https:\/\/api.w.org\/{rel}","templated":true}]}}