{"id":76392,"date":"2025-04-15T00:18:54","date_gmt":"2025-04-14T22:18:54","guid":{"rendered":"https:\/\/www.infokuryr.cz\/n\/?p=76392"},"modified":"2025-04-14T12:37:48","modified_gmt":"2025-04-14T10:37:48","slug":"alzirsko-vyhostilo-zamestnance-francouzske-ambasady-krok-prichazi-hned-pote-co-se-pariz-snazila-o-normalizaci-vztahu","status":"publish","type":"post","link":"https:\/\/www.infokuryr.cz\/n\/2025\/04\/15\/alzirsko-vyhostilo-zamestnance-francouzske-ambasady-krok-prichazi-hned-pote-co-se-pariz-snazila-o-normalizaci-vztahu\/","title":{"rendered":"Al\u017e\u00edrsko vyhostilo zam\u011bstnance francouzsk\u00e9 ambas\u00e1dy, krok p\u0159ich\u00e1z\u00ed hned pot\u00e9, co se Pa\u0159\u00ed\u017e sna\u017eila o normalizaci vztah\u016f"},"content":{"rendered":"<div id=\"fb-root\"><\/div>\n<h3 class=\"s-tagline fw-tagline\"><span>Nap\u011bt\u00ed mezi Al\u017e\u00edrskem a Franci\u00ed se od lo\u0148sk\u00e9ho l\u00e9ta zhor\u0161uje<\/span><\/h3>\n<p><span>V ned\u011bli ve\u010der 13. dubna Al\u017e\u00edrsko ozn\u00e1milo, \u017ee 12 \u00fa\u0159edn\u00edk\u016f francouzsk\u00e9ho velvyslanectv\u00ed spojen\u00fdch s francouzsk\u00fdm ministerstvem vnitra m\u00e1 48 hodin na opu\u0161t\u011bn\u00ed Al\u017e\u00edrska.<\/span><\/p>\n<p><span>Takov\u00fd krok nebyl vid\u011bn od doby, kdy Al\u017e\u00edrsko vyhr\u00e1lo v\u00e1lku za nez\u00e1vislost na Francii v roce 1962 a Francie se ofici\u00e1ln\u011b st\u00e1hla po \u00c9vian Accords.\u00a0<\/span><\/p>\n<p><span>&#8222;Toto rozhodnut\u00ed,&#8220; vysv\u011btlil ministr zahrani\u010d\u00ed Jean-No\u00ebl Barrot, &#8222;je reakc\u00ed na zat\u010den\u00ed t\u0159\u00ed al\u017e\u00edrsk\u00fdch ob\u010dan\u016f podez\u0159el\u00fdch ze z\u00e1va\u017en\u00fdch zlo\u010din\u016f na francouzsk\u00e9m \u00fazem\u00ed,&#8220;\u00a0 uvedl\u00a0<\/span><a href=\"https:\/\/www.francetvinfo.fr\/monde\/afrique\/algerie\/crise-avec-l-algerie-alger-donne-48-heures-a-12-agents-de-l-ambassade-de-france-pour-quitter-son-territoire_7188747.html\"><span>Franceinfo<\/span><\/a><span> .<\/span><\/p>\n<p><span>11. dubna byli t\u0159i mu\u017ei obvin\u011bni z \u00fanosu al\u017e\u00edrsk\u00e9ho ovliv\u0148ovatele a odp\u016frce re\u017eimu\u00a0<\/span><a href=\"https:\/\/www.francetvinfo.fr\/faits-divers\/trois-hommes-mis-en-examen-pour-l-enlevement-d-un-influenceur-algerien-en-france_7185615.html\"><span>Amira DZ<\/span><\/a><span>\u00a0v dubnu 2024; jeden ze zat\u010den\u00fdch byl agentem al\u017e\u00edrsk\u00e9ho konzul\u00e1tu. Al\u017e\u00edrsk\u00e9 ministerstvo zahrani\u010dn\u00edch v\u011bc\u00ed vydalo v sobotu ve\u010der prohl\u00e1\u0161en\u00ed, v n\u011bm\u017e uv\u00e1d\u00ed, \u017ee tato zat\u010den\u00ed budou m\u00edt \u201en\u00e1sledky\u201c a \u017ee \u201etento nov\u00fd nep\u0159ijateln\u00fd a nev\u00fdslovn\u00fd v\u00fdvoj zp\u016fsob\u00ed velk\u00e9 \u0161kody al\u017e\u00edrsko-francouzsk\u00fdm vztah\u016fm,\u201c uv\u00e1d\u00ed\u00a0<\/span><a href=\"https:\/\/www.cnews.fr\/monde\/2025-04-14\/crise-avec-alger-lalgerie-demande-douze-agents-francais-de-quitter-son-territoire\"><span>CNews<\/span><\/a><span>\u00a0.\u00a0<\/span><\/p>\n<p><span>Francouzsk\u00fd prezident Emmanuel Macron byl zanepr\u00e1zdn\u011bn shroma\u017e\u010fov\u00e1n\u00edm Evropy, aby se sjednotila tv\u00e1\u0159\u00ed v tv\u00e1\u0159 pokra\u010duj\u00edc\u00ed Putinov\u011b agresi, a doufal, \u017ee nap\u011bt\u00ed, kter\u00e9 se s Al\u017e\u00edrskem schyluje, by mohlo b\u00fdt zklidn\u011bno diplomaci\u00ed.\u00a0<\/span><\/p>\n<p><span>Zrovna minul\u00fd t\u00fdden Remix News uvedl, \u017ee ministr zahrani\u010d\u00ed Jean-No\u00ebl Barrot byl v Al\u017e\u00edru a prohl\u00e1sil, \u017ee\u00a0za\u010dala \u201enov\u00e1 f\u00e1ze\u201c\u00a0<\/span><a href=\"https:\/\/www.francetvinfo.fr\/monde\/afrique\/algerie\/la-france-et-l-algerie-sont-sur-une-voie-de-reconciliation-apres-plusieurs-mois-de-brouille-diplomatique-estime-l-historien-benjamin-stora_7175436.html\"><strong><span>vztah\u016f mezi Franci\u00ed a Al\u017e\u00edrskem .<\/span><\/strong><\/a><\/p>\n<p><img decoding=\"async\" loading=\"lazy\" class=\"alignnone size-full wp-image-71983\" src=\"http:\/\/www.infokuryr.cz\/n\/wp-content\/uploads\/2025\/02\/aaa.jpg\" alt=\"\" width=\"89\" height=\"23\" \/><\/p>\n<p>&nbsp;<\/p>\n","protected":false},"excerpt":{"rendered":"<p>Nap\u011bt\u00ed mezi Al\u017e\u00edrskem a Franci\u00ed se od lo\u0148sk\u00e9ho l\u00e9ta zhor\u0161uje V ned\u011bli ve\u010der 13. dubna&#8230;<\/p>\n","protected":false},"author":2,"featured_media":73315,"comment_status":"closed","ping_status":"closed","sticky":false,"template":"","format":"standard","meta":[],"categories":[7],"tags":[1092,1375,130,2283],"_links":{"self":[{"href":"https:\/\/www.infokuryr.cz\/n\/wp-json\/wp\/v2\/posts\/76392"}],"collection":[{"href":"https:\/\/www.infokuryr.cz\/n\/wp-json\/wp\/v2\/posts"}],"about":[{"href":"https:\/\/www.infokuryr.cz\/n\/wp-json\/wp\/v2\/types\/post"}],"author":[{"embeddable":true,"href":"https:\/\/www.infokuryr.cz\/n\/wp-json\/wp\/v2\/users\/2"}],"replies":[{"embeddable":true,"href":"https:\/\/www.infokuryr.cz\/n\/wp-json\/wp\/v2\/comments?post=76392"}],"version-history":[{"count":0,"href":"https:\/\/www.infokuryr.cz\/n\/wp-json\/wp\/v2\/posts\/76392\/revisions"}],"wp:featuredmedia":[{"embeddable":true,"href":"https:\/\/www.infokuryr.cz\/n\/wp-json\/wp\/v2\/media\/73315"}],"wp:attachment":[{"href":"https:\/\/www.infokuryr.cz\/n\/wp-json\/wp\/v2\/media?parent=76392"}],"wp:term":[{"taxonomy":"category","embeddable":true,"href":"https:\/\/www.infokuryr.cz\/n\/wp-json\/wp\/v2\/categories?post=76392"},{"taxonomy":"post_tag","embeddable":true,"href":"https:\/\/www.infokuryr.cz\/n\/wp-json\/wp\/v2\/tags?post=76392"}],"curies":[{"name":"wp","href":"https:\/\/api.w.org\/{rel}","templated":true}]}}