{"id":76389,"date":"2025-04-15T00:16:27","date_gmt":"2025-04-14T22:16:27","guid":{"rendered":"https:\/\/www.infokuryr.cz\/n\/?p=76389"},"modified":"2025-04-14T12:29:34","modified_gmt":"2025-04-14T10:29:34","slug":"operace-libero-jak-chce-nevladni-organizace-zavest-svycarsko-do-valky","status":"publish","type":"post","link":"https:\/\/www.infokuryr.cz\/n\/2025\/04\/15\/operace-libero-jak-chce-nevladni-organizace-zavest-svycarsko-do-valky\/","title":{"rendered":"Operace Libero: Jak chce nevl\u00e1dn\u00ed organizace zav\u00e9st \u0160v\u00fdcarsko do v\u00e1lky"},"content":{"rendered":"<div id=\"fb-root\"><\/div>\n<p><span>Zat\u00edmco se sv\u011bt nach\u00e1z\u00ed v k\u0159ehk\u00e9 geopolitick\u00e9 rovnov\u00e1ze, ve \u0160v\u00fdcarsku existuj\u00ed politick\u00e9 s\u00edly, kter\u00e9 z\u00e1m\u011brn\u011b usiluj\u00ed o eskalaci \u2013 ve jm\u00e9nu \u201esvobody\u201c a \u201eevropsk\u00fdch hodnot\u201c. V pop\u0159ed\u00ed: hnut\u00ed\u00a0<\/span><strong><span>Operation Libero<\/span><\/strong><span>\u00a0. To, co za\u010dalo jako levicov\u011b liber\u00e1ln\u00ed nevl\u00e1dn\u00ed organizace, se ji\u017e d\u00e1vno vyvinulo v geopolitick\u00e9ho akt\u00e9ra s nebezpe\u010dn\u00fdm smyslem pro posl\u00e1n\u00ed.<\/span><\/p>\n<h3 class=\"wp-block-heading\"><span>Neutralita je \u201em\u00fdtus\u201c \u2013 zbran\u011b za svobodu?<\/span><\/h3>\n<p><span>Operace Libero ve sv\u00e9 sou\u010dasn\u00e9 kampani jednodu\u0161e prohla\u0161uje \u0161v\u00fdcarskou neutralitu za konec:<\/span><\/p>\n<p><em><span>&#8222;Neutralita je m\u00fdtus. Na\u0161e svoboda je na Ukrajin\u011b br\u00e1n\u011bna zbran\u011bmi.&#8220;<\/span><\/em><\/p>\n<p><span>Prohl\u00e1\u0161en\u00ed je stejn\u011b obecn\u00e9 jako v\u00fdbu\u0161n\u00e9. P\u0159edpokl\u00e1d\u00e1, \u017ee\u00a0<\/span><strong><span>vojensk\u00fd z\u00e1sah ve t\u0159et\u00ed zemi je nezbytn\u00fd pro zachov\u00e1n\u00ed \u0161v\u00fdcarsk\u00e9 svobody<\/span><\/strong><span>\u00a0\u2013 co\u017e je dramatick\u00fd rozchod s historick\u00fdm z\u00e1vazkem \u0160v\u00fdcarska\u00a0z\u016fstat\u00a0<\/span><strong><span>vojensky neutr\u00e1ln\u00ed a suver\u00e9nn\u00ed .<\/span><\/strong><\/p>\n<p><span>To, co je zde r\u00e9toricky p\u0159edstaveno, je\u00a0<\/span><strong><span>mor\u00e1ln\u00ed delegitimizace neutrality<\/span><\/strong><span>\u00a0\u2013 ve prosp\u011bch aktivistick\u00e9ho internacionalismu, kter\u00fd nejen ospravedl\u0148uje pou\u017eit\u00ed n\u00e1sil\u00ed, ale prezentuje ho jako mor\u00e1ln\u011b imperativ.<\/span><\/p>\n<h3 class=\"wp-block-heading\"><span>P\u0159ihl\u00e1\u0161ka na Macrona a Starmera: Krok k mezin\u00e1rodn\u00edmu stranictv\u00ed<\/span><\/h3>\n<div class=\"twitter-tweet twitter-tweet-rendered\"><iframe id=\"twitter-widget-0\" class=\"\" title=\"X Post\" src=\"https:\/\/platform.twitter.com\/embed\/Tweet.html?dnt=false&amp;embedId=twitter-widget-0&amp;features=eyJ0ZndfdGltZWxpbmVfbGlzdCI6eyJidWNrZXQiOltdLCJ2ZXJzaW9uIjpudWxsfSwidGZ3X2ZvbGxvd2VyX2NvdW50X3N1bnNldCI6eyJidWNrZXQiOnRydWUsInZlcnNpb24iOm51bGx9LCJ0ZndfdHdlZXRfZWRpdF9iYWNrZW5kIjp7ImJ1Y2tldCI6Im9uIiwidmVyc2lvbiI6bnVsbH0sInRmd19yZWZzcmNfc2Vzc2lvbiI6eyJidWNrZXQiOiJvbiIsInZlcnNpb24iOm51bGx9LCJ0ZndfZm9zbnJfc29mdF9pbnRlcnZlbnRpb25zX2VuYWJsZWQiOnsiYnVja2V0Ijoib24iLCJ2ZXJzaW9uIjpudWxsfSwidGZ3X21peGVkX21lZGlhXzE1ODk3Ijp7ImJ1Y2tldCI6InRyZWF0bWVudCIsInZlcnNpb24iOm51bGx9LCJ0ZndfZXhwZXJpbWVudHNfY29va2llX2V4cGlyYXRpb24iOnsiYnVja2V0IjoxMjA5NjAwLCJ2ZXJzaW9uIjpudWxsfSwidGZ3X3Nob3dfYmlyZHdhdGNoX3Bpdm90c19lbmFibGVkIjp7ImJ1Y2tldCI6Im9uIiwidmVyc2lvbiI6bnVsbH0sInRmd19kdXBsaWNhdGVfc2NyaWJlc190b19zZXR0aW5ncyI6eyJidWNrZXQiOiJvbiIsInZlcnNpb24iOm51bGx9LCJ0ZndfdXNlX3Byb2ZpbGVfaW1hZ2Vfc2hhcGVfZW5hYmxlZCI6eyJidWNrZXQiOiJvbiIsInZlcnNpb24iOm51bGx9LCJ0ZndfdmlkZW9faGxzX2R5bmFtaWNfbWFuaWZlc3RzXzE1MDgyIjp7ImJ1Y2tldCI6InRydWVfYml0cmF0ZSIsInZlcnNpb24iOm51bGx9LCJ0ZndfbGVnYWN5X3RpbWVsaW5lX3N1bnNldCI6eyJidWNrZXQiOnRydWUsInZlcnNpb24iOm51bGx9LCJ0ZndfdHdlZXRfZWRpdF9mcm9udGVuZCI6eyJidWNrZXQiOiJvbiIsInZlcnNpb24iOm51bGx9fQ%3D%3D&amp;frame=false&amp;hideCard=false&amp;hideThread=false&amp;id=1910735277745733937&amp;lang=cs&amp;origin=https%3A%2F%2Funcutnews.ch%2Foperation-libero-wie-eine-ngo-die-schweiz-in-einen-krieg-fuehren-will%2F&amp;sessionId=6711262e3c23f1f0e9dcfdd04d031475268a2b14&amp;theme=light&amp;widgetsVersion=2615f7e52b7e0%3A1702314776716&amp;width=550px\" frameborder=\"0\" scrolling=\"no\" allowfullscreen=\"allowfullscreen\" data-tweet-id=\"1910735277745733937\" data-mce-fragment=\"1\"><\/iframe><\/div>\n<p><span>V dopise ve\u0159ejn\u011b sd\u00edlen\u00e9m na LinkedIn je to je\u0161t\u011b ost\u0159ej\u0161\u00ed:<\/span><\/p>\n<p><em><span>\u201eJm\u00e9nem ochotn\u00fdch \u0160v\u00fdcarek jsme zaslali \u017e\u00e1dost prezidentu Macronovi a premi\u00e9rovi Starmerovi \u2013 \u0160v\u00fdcarsko by se m\u011blo st\u00e1t sou\u010d\u00e1st\u00ed koalice ochotn\u00fdch.\u201c<\/span><\/em><\/p>\n<p><span>Je t\u0159eba pochopit v\u00fdznam tohoto prohl\u00e1\u0161en\u00ed: \u0161v\u00fdcarsk\u00e1 nevl\u00e1dn\u00ed organizace \u017e\u00e1d\u00e1\u00a0<\/span><strong><span>zahrani\u010dn\u00ed hlavy st\u00e1t\u016f jm\u00e9nem obyvatelstva o \u00fa\u010dast v neform\u00e1ln\u00edm v\u00e1le\u010dn\u00e9m spojenectv\u00ed<\/span><\/strong><span>\u00a0. \u201eKoalice ochotn\u00fdch\u201c nen\u00ed term\u00edn pou\u017e\u00edvan\u00fd v m\u00edrov\u00e9 politice \u2013 proslula v roce 2003 b\u011bhem v\u00e1lky v Ir\u00e1ku. Skute\u010dnost, \u017ee hnut\u00ed ob\u010dansk\u00e9 spole\u010dnosti aktivn\u011b usiluje o za\u010dlen\u011bn\u00ed v takov\u00e9m form\u00e1tu, vyvol\u00e1v\u00e1 v\u00e1\u017en\u00e9 ot\u00e1zky:<\/span><\/p>\n<div class=\"twitter-tweet twitter-tweet-rendered\"><iframe id=\"twitter-widget-1\" class=\"\" title=\"X Post\" src=\"https:\/\/platform.twitter.com\/embed\/Tweet.html?dnt=false&amp;embedId=twitter-widget-1&amp;features=eyJ0ZndfdGltZWxpbmVfbGlzdCI6eyJidWNrZXQiOltdLCJ2ZXJzaW9uIjpudWxsfSwidGZ3X2ZvbGxvd2VyX2NvdW50X3N1bnNldCI6eyJidWNrZXQiOnRydWUsInZlcnNpb24iOm51bGx9LCJ0ZndfdHdlZXRfZWRpdF9iYWNrZW5kIjp7ImJ1Y2tldCI6Im9uIiwidmVyc2lvbiI6bnVsbH0sInRmd19yZWZzcmNfc2Vzc2lvbiI6eyJidWNrZXQiOiJvbiIsInZlcnNpb24iOm51bGx9LCJ0ZndfZm9zbnJfc29mdF9pbnRlcnZlbnRpb25zX2VuYWJsZWQiOnsiYnVja2V0Ijoib24iLCJ2ZXJzaW9uIjpudWxsfSwidGZ3X21peGVkX21lZGlhXzE1ODk3Ijp7ImJ1Y2tldCI6InRyZWF0bWVudCIsInZlcnNpb24iOm51bGx9LCJ0ZndfZXhwZXJpbWVudHNfY29va2llX2V4cGlyYXRpb24iOnsiYnVja2V0IjoxMjA5NjAwLCJ2ZXJzaW9uIjpudWxsfSwidGZ3X3Nob3dfYmlyZHdhdGNoX3Bpdm90c19lbmFibGVkIjp7ImJ1Y2tldCI6Im9uIiwidmVyc2lvbiI6bnVsbH0sInRmd19kdXBsaWNhdGVfc2NyaWJlc190b19zZXR0aW5ncyI6eyJidWNrZXQiOiJvbiIsInZlcnNpb24iOm51bGx9LCJ0ZndfdXNlX3Byb2ZpbGVfaW1hZ2Vfc2hhcGVfZW5hYmxlZCI6eyJidWNrZXQiOiJvbiIsInZlcnNpb24iOm51bGx9LCJ0ZndfdmlkZW9faGxzX2R5bmFtaWNfbWFuaWZlc3RzXzE1MDgyIjp7ImJ1Y2tldCI6InRydWVfYml0cmF0ZSIsInZlcnNpb24iOm51bGx9LCJ0ZndfbGVnYWN5X3RpbWVsaW5lX3N1bnNldCI6eyJidWNrZXQiOnRydWUsInZlcnNpb24iOm51bGx9LCJ0ZndfdHdlZXRfZWRpdF9mcm9udGVuZCI6eyJidWNrZXQiOiJvbiIsInZlcnNpb24iOm51bGx9fQ%3D%3D&amp;frame=false&amp;hideCard=false&amp;hideThread=false&amp;id=1904558011701477844&amp;lang=cs&amp;origin=https%3A%2F%2Funcutnews.ch%2Foperation-libero-wie-eine-ngo-die-schweiz-in-einen-krieg-fuehren-will%2F&amp;sessionId=6711262e3c23f1f0e9dcfdd04d031475268a2b14&amp;theme=light&amp;widgetsVersion=2615f7e52b7e0%3A1702314776716&amp;width=550px\" frameborder=\"0\" scrolling=\"no\" allowfullscreen=\"allowfullscreen\" data-tweet-id=\"1904558011701477844\" data-mce-fragment=\"1\"><\/iframe><\/div>\n<p><span>Video zmizelo?\u00a0<\/span><a href=\"https:\/\/archive.is\/Boivk\" target=\"_blank\" rel=\"noreferrer noopener\" data-type=\"link\" data-id=\"https:\/\/archive.is\/Boivk\"><span>Zaji\u0161t\u011bno zde<\/span><\/a><span>\u00a0.<\/span><\/p>\n<h3><strong><span>Leg\u00e1ln\u00ed \u0161ed\u00e1 z\u00f3na \u2013 nebo trestn\u00fd \u010din?<\/span><\/strong><\/h3>\n<p><span>N\u011bkte\u0159\u00ed pozorovatel\u00e9 poukazuj\u00ed na to, \u017ee iniciativa Operace Libero by mohla <\/span><strong><span>potenci\u00e1ln\u011b<\/span><\/strong><span>\u00a0poru\u0161it \u010dl\u00e1nek 94 \u0161v\u00fdcarsk\u00e9ho trestn\u00edho z\u00e1kon\u00edku. toto je:<\/span><\/p>\n<p><strong><span>\u010cl\u00e1nek 94 \u0160v\u00fdcarsk\u00e9ho trestn\u00edho z\u00e1kon\u00edku \u2013 Zak\u00e1zan\u00e9 \u010diny proti nez\u00e1vislosti \u0160v\u00fdcarsk\u00e9 konfederace:<br \/>\n<\/span><\/strong><br \/>\n<em><span>\u201eKdokoli jedn\u00e1 s \u00famyslem za\u010dlenit \u0160v\u00fdcarskou konfederaci do zahrani\u010dn\u00ed vojensk\u00e9 aliance, bude potrest\u00e1n odn\u011bt\u00edm svobody.\u201c<\/span><\/em><\/p>\n<p><span>P\u0159esto\u017ee se v sou\u010dasnosti jedn\u00e1 o iniciativu ob\u010dansk\u00e9 spole\u010dnosti, ve\u0159ejn\u00e1 reklama na vstup do vojensky orientovan\u00e9 aliance by mohla\u00a0<\/span><strong><span>vyvolat p\u0159inejmen\u0161\u00edm prvotn\u00ed podez\u0159en\u00ed z takov\u00e9ho \u010dinu<\/span><\/strong><span>\u00a0. S ohledem na z\u00e1va\u017enost tohoto kroku by pr\u00e1vn\u00ed p\u0159ezkum jist\u011b byl na m\u00edst\u011b.<\/span><\/p>\n<h3 class=\"wp-block-heading\"><span>Moralizace m\u00edsto suverenity<\/span><\/h3>\n<p><span>M\u00edsto st\u0159\u00edzliv\u00e9 debaty o bezpe\u010dnostn\u00ed politice pou\u017e\u00edv\u00e1 Operace Libero\u00a0<\/span><strong><span>emocionalizovanou r\u00e9toriku<\/span><\/strong><span>\u00a0, kter\u00e1 mor\u00e1ln\u011b devalvuje kritiku geopolitick\u00e9 zaujatosti. Ka\u017ed\u00fd, kdo podporuje neutralitu, je pova\u017eov\u00e1n za \u201eslep\u00e9ho\u201c, \u201enaivn\u00edho\u201c nebo \u201ezaostal\u00e9ho\u201c. Kdo se nechce v ciz\u00ed zemi br\u00e1nit zbran\u011bmi, je pr\u00fd proti demokracii a lidsk\u00fdm pr\u00e1v\u016fm.<\/span><\/p>\n<p><span>Tato r\u00e9torika je nejen nebezpe\u010dn\u00e1, ale\u00a0<\/span><strong><span>tak\u00e9 rozd\u011bluje spole\u010dnost<\/span><\/strong><span>\u00a0. Degraduje m\u00edrotvornou neutralitu na nep\u0159\u00e1telsk\u00fd obraz a p\u0159ipravuje p\u016fdu pro nebezpe\u010dn\u00fd posun ve \u0161v\u00fdcarsk\u00e9 zahrani\u010dn\u00ed politice.<\/span><\/p>\n<h3 class=\"wp-block-heading\"><span>Z\u00e1v\u011br: Demokratick\u00e9 sebeopu\u0161t\u011bn\u00ed pod rou\u0161kou mor\u00e1ln\u00ed nad\u0159azenosti<\/span><\/h3>\n<p><span>Operace Libero svou nejnov\u011bj\u0161\u00ed kampan\u00ed p\u0159ekra\u010duje \u010dervenou \u010d\u00e1ru. To, co je prezentov\u00e1no jako z\u00e1vazek v\u016f\u010di Evrop\u011b a lidsk\u00fdm pr\u00e1v\u016fm, je ve skute\u010dnosti\u00a0<\/span><strong><span>\u00fatokem na \u0161v\u00fdcarskou suverenitu<\/span><\/strong><span>\u00a0, demokratickou \u00fa\u010dast a mezin\u00e1rodn\u00ed pr\u00e1vo.<\/span><\/p>\n<p><span>\u0160v\u00fdcarsko stoj\u00ed nejen p\u0159ed ot\u00e1zkou,\u00a0<\/span><strong><span>zda z\u016fstat neutr\u00e1ln\u00ed<\/span><\/strong><span>\u00a0, ale tak\u00e9 zda\u00a0<\/span><strong><span>sv\u00e9 pr\u00e1vo na sebeur\u010den\u00ed v zahrani\u010dn\u00ed politice br\u00e1nit<\/span><\/strong><span> \u2013 nebo jej bez boje vzd\u00e1t aktivist\u016fm, kte\u0159\u00ed \u017e\u00e1daj\u00ed o vojensk\u00fd p\u0159\u00edstup k Pa\u0159\u00ed\u017ei a Lond\u00fdnu.<\/span><\/p>\n<p><img decoding=\"async\" loading=\"lazy\" class=\"alignnone size-full wp-image-71983\" src=\"http:\/\/www.infokuryr.cz\/n\/wp-content\/uploads\/2025\/02\/aaa.jpg\" alt=\"\" width=\"89\" height=\"23\" \/><\/p>\n<p>&nbsp;<\/p>\n","protected":false},"excerpt":{"rendered":"<p>Zat\u00edmco se sv\u011bt nach\u00e1z\u00ed v k\u0159ehk\u00e9 geopolitick\u00e9 rovnov\u00e1ze, ve \u0160v\u00fdcarsku existuj\u00ed politick\u00e9 s\u00edly, kter\u00e9 z\u00e1m\u011brn\u011b&#8230;<\/p>\n","protected":false},"author":2,"featured_media":24460,"comment_status":"closed","ping_status":"closed","sticky":false,"template":"","format":"standard","meta":[],"categories":[7],"tags":[1942,992,467,40],"_links":{"self":[{"href":"https:\/\/www.infokuryr.cz\/n\/wp-json\/wp\/v2\/posts\/76389"}],"collection":[{"href":"https:\/\/www.infokuryr.cz\/n\/wp-json\/wp\/v2\/posts"}],"about":[{"href":"https:\/\/www.infokuryr.cz\/n\/wp-json\/wp\/v2\/types\/post"}],"author":[{"embeddable":true,"href":"https:\/\/www.infokuryr.cz\/n\/wp-json\/wp\/v2\/users\/2"}],"replies":[{"embeddable":true,"href":"https:\/\/www.infokuryr.cz\/n\/wp-json\/wp\/v2\/comments?post=76389"}],"version-history":[{"count":0,"href":"https:\/\/www.infokuryr.cz\/n\/wp-json\/wp\/v2\/posts\/76389\/revisions"}],"wp:featuredmedia":[{"embeddable":true,"href":"https:\/\/www.infokuryr.cz\/n\/wp-json\/wp\/v2\/media\/24460"}],"wp:attachment":[{"href":"https:\/\/www.infokuryr.cz\/n\/wp-json\/wp\/v2\/media?parent=76389"}],"wp:term":[{"taxonomy":"category","embeddable":true,"href":"https:\/\/www.infokuryr.cz\/n\/wp-json\/wp\/v2\/categories?post=76389"},{"taxonomy":"post_tag","embeddable":true,"href":"https:\/\/www.infokuryr.cz\/n\/wp-json\/wp\/v2\/tags?post=76389"}],"curies":[{"name":"wp","href":"https:\/\/api.w.org\/{rel}","templated":true}]}}