{"id":76373,"date":"2025-04-14T05:45:52","date_gmt":"2025-04-14T03:45:52","guid":{"rendered":"https:\/\/www.infokuryr.cz\/n\/?p=76373"},"modified":"2025-04-14T05:45:52","modified_gmt":"2025-04-14T03:45:52","slug":"michael-svatos-ukrajina-vyviji-jaderne-zbrane-utok-ruskych-raket-iskander-vcera-na-mesto-sumy-miril-presne","status":"publish","type":"post","link":"https:\/\/www.infokuryr.cz\/n\/2025\/04\/14\/michael-svatos-ukrajina-vyviji-jaderne-zbrane-utok-ruskych-raket-iskander-vcera-na-mesto-sumy-miril-presne\/","title":{"rendered":"Michael Svato\u0161: Ukrajina vyv\u00edj\u00ed jadern\u00e9 zbran\u011b? \u00datok rusk\u00fdch raket Iskander v\u010dera na m\u011bsto Sumy m\u00ed\u0159il p\u0159esn\u011b&#8230;"},"content":{"rendered":"<div id=\"fb-root\"><\/div>\n<h3>Ukrajina vyv\u00edj\u00ed jadern\u00e9 zbran\u011b? \u00datok rusk\u00fdch raket Iskander v\u010dera na m\u011bsto Sumy m\u00ed\u0159il p\u0159esn\u011b na jej\u00ed \u0161pi\u010dkov\u00e9 nukle\u00e1rn\u00ed v\u011bdeck\u00e9 pracovi\u0161t\u011b! Jeho budova byla \u00fatokem zna\u010dn\u011b po\u0161kozena! Dal\u0161\u00edm c\u00edlem byla centr\u00e1la tajn\u00e9 policie!?<\/h3>\n<p>V\u010dera v ned\u011bli 13. dubna, v \u010dasn\u00fdch dopoledn\u00edch hodin\u00e1ch dopadly dv\u011b hlavice rusk\u00fdch raket Iskander na st\u0159ed m\u011bsta Sumy, (220 000 obyvatel), a k 18.00 ve\u010dern\u00edho ukrajinsk\u00e9ho \u010dasu si \u00fatok vy\u017e\u00e1dal u\u017e 34 mrtv\u00fdch, v\u010detn\u011b 2 d\u011bt\u00ed. A dal\u0161\u00edch 117 osob, z toho 17 d\u011bt\u00ed, n\u00e1sledkem \u00fatoku utrp\u011blo zran\u011bn\u00ed. \u00datok vyvolal velk\u00e9 pobou\u0159en\u00ed mezi \u0159adou z\u00e1padn\u00edch politik\u016f. Zat\u00edmco z administrativy USA zn\u011bly pom\u011brn\u011b um\u00edrn\u011bn\u00e9 odsuzovac\u00ed t\u00f3ny, ze z\u00e1padn\u00ed EU se oz\u00fdvalo zu\u0159iv\u00e9 bubnov\u00e1n\u00ed k odvet\u011b. Do \u010dela cel\u00e9 tamn\u00ed v\u0159e\u0161t\u00edc\u00ed v\u00e1le\u010dnicko-politicko-medi\u00e1ln\u00ed sme\u010dky se v\u010dera hbit\u011b drav\u011b vydral nastupuj\u00edc\u00ed \u0159\u00ed\u0161sk\u00fd kancl\u00e9\u0159 Friedrich Merz, a vyhro\u017eoval Rus\u016fm, \u017ee s nimi zato\u010d\u00ed, podobn\u011b jako sv\u00e9ho \u010dasu r\u00e1diem do \u00e9teru neust\u00e1le sliboval vykonat jeho nejzn\u00e1m\u011bj\u0161\u00ed p\u0159edch\u016fdce v n\u011bmeck\u00e9m kancl\u00e9\u0159sk\u00e9m \u00fa\u0159adu, samotn\u00fd nen\u00e1vistn\u00fd nelidsk\u00fd pavi\u00e1n AH. Merz ozna\u010dil rusk\u00fd \u00fatok za \u201czr\u00e1dn\u00fd \u010din\u201d, a \u201cpromy\u0161len\u00fd a \u00famysln\u00fd v\u00e1le\u010dn\u00fd zlo\u010din\u201d, a soptil \u017ee: \u201cdruh\u00e1 raketa p\u0159ilet\u011bla a\u017e, kdy\u017e z\u00e1chran\u00e1\u0159i o\u0161et\u0159ovali zran\u011bn\u00e9\u201d, a vyhro\u017eoval, \u017ee \u201cukrajinsk\u00e1 arm\u00e1da mus\u00ed vyj\u00edt z obrany a p\u0159ej\u00edt do \u00fatoku\u201d, (\u201c<em><a href=\"https:\/\/www.lemonde.fr\/international\/live\/2025\/04\/13\/en-direct-guerre-en-ukraine-volodymyr-zelensky-exhorte-le-monde-a-agir-apres-la-frappe-sur-soumy_6591815_3210.html\">l\u2019arm\u00e9e ukrainienne doit sortir de sa position d\u00e9fensive. Elle ne fait que r\u00e9agir<\/a>\u201c<\/em>), a \u017ee proto Ukrajin\u011b nad\u011bl\u00ed n\u011bmeck\u00e9 rakety Taurus, (<a href=\"https:\/\/cs.wikipedia.org\/wiki\/KEPD_350\">dost\u0159el 500km<\/a>). Tedy, abychom byli p\u0159esn\u00ed: Pokud ho v tomto jeho po\u0161etile d\u011btinsk\u00e9m rozhodnut\u00ed zah\u00e1jit z Ukrajiny ost\u0159elov\u00e1n\u00ed Ruska n\u011bmeck\u00fdmi raketami Taurus, a t\u00edm rozpoutat III. sv\u011btovou v\u00e1lku, nenechaj\u00ed ostatn\u00ed zbyl\u00ed fialov\u00ed v\u016fdcov\u00e9 zem\u00ed EU samotn\u00e9ho, a jen N\u011bmce tak vydan\u00e9 hn\u011bviv\u00e9 rusk\u00e9 odvet\u011b na pospas.<\/p>\n<p>Jadernou apokalypsu rozpout\u00e1vaj\u00edc\u00edho navztekan\u00e9ho n\u011bmeck\u00e9ho v\u00e1le\u010dn\u00e9ho pavi\u00e1na Friedricha Merz v\u0161ak na\u0161t\u011bst\u00ed net\u0159eba br\u00e1t v\u00e1\u017en\u011b.<\/p>\n<ul>\n<li>Argument prvn\u00ed: N\u011bmci u\u017e 107 let m\u011bli p\u0159i v\u0161ech vyjedn\u00e1v\u00e1n\u00edch a uzav\u00edr\u00e1n\u00edch m\u00edru k dispozici jedin\u00fd akt, a to okam\u017eit\u011b a bez kec\u016f podepsat svou bezpodm\u00edne\u010dnou kapitulaci. A tak jim z\u0159ejm\u011b na rozd\u00edl od zku\u0161en\u011bj\u0161\u00edch Ameri\u010dan\u016f st\u00e1le nijak nedoch\u00e1z\u00ed, \u017ee sou\u010d\u00e1st\u00ed m\u00edrov\u00fdch jedn\u00e1n\u00ed v jejich z\u00e1v\u011bre\u010dn\u00e9 f\u00e1zi b\u00fdv\u00e1 i velmi tvrd\u00e9 bombardov\u00e1n\u00ed, aby si slab\u0161\u00ed strana uv\u011bdomila, \u017ee je t\u0159eba rychle souhlasit, a nevynucovat si zdr\u017eovac\u00ed obstrukc\u00ed dodate\u010dn\u00e9 podm\u00ednky, kter\u00e9 v\u00edt\u011bzn\u00e1 strana stejn\u011b nikdy nehodl\u00e1 akceptovat. (Viz: Jadern\u00e9 bombardov\u00e1n\u00ed m\u011bst Nagasaki a Hiro\u0161ima Trumanem, bombardov\u00e1n\u00ed m\u011bsta Hanoi Nixonem, a bombardov\u00e1n\u00ed Srbska Clintonem.)<\/li>\n<li>Argument druh\u00fd. A\u010dkoli britsk\u00fd premi\u00e9r Starmer v\u0159\u00edskal v\u010dera na Rusy za bombardov\u00e1n\u00ed m\u011bsta Sumy jen o okt\u00e1vu n\u00ed\u017ee ne\u017e obzvl\u00e1\u0161t\u011b vyto\u010den\u00fd n\u011bmeck\u00fd pavi\u00e1n Merz, na \u010deln\u00ed stran\u011b nej\u010dten\u011bj\u0161\u00edho britsk\u00e9ho m\u00e9dia DailyMail,\u00a0<a href=\"https:\/\/www.dailymail.co.uk\/news\/article-14605359\/Germany-chancellor-waiting-Friedrich-Merz-Russia-war-crime-34-killed-dozens-injured-missile-strike-Ukrainian-city.html\">se \u00fatoku na Sumy, a s n\u00edm spojen\u00e9mu v\u00e1le\u010dn\u00e9mu v\u0159e\u0161t\u011bn\u00ed Merze i Starmera<\/a>\u00a0dostalo jen po\u0159ad\u00ed \u010d\u00edslo 27, po\u010d\u00edt\u00e1no seshora dol\u016f na Home Page m\u00e9dia v \u010dase mezi 21.18 ned\u011ble 13. dubna a\u017e 02.52 pond\u011bl\u00ed 14. dubna. Brity tedy Sumy, ani Ukrajina nezaj\u00edmaj\u00ed, a bulv\u00e1r placen\u00fd reklamami, a ne dotacemi, na tom nem\u00e1 z\u00e1jem nic se pokou\u0161et m\u011bnit.<\/li>\n<\/ul>\n<p>Co v\u0161ak je zvl\u00e1\u0161tn\u00ed: Ani jeden ze z\u00e1padn\u00edch v\u016fdc\u016f, ani jedno z v\u0159e\u0161t\u00edc\u00edch m\u00e9di\u00ed, si v\u010dera nev\u0161imli, jakou to budovu vlastn\u011b Rusov\u00e9 ve m\u011bst\u011b Sumy trefili.<\/p>\n<p>V c\u00edlov\u00e9m prostoru ve m\u011bst\u011b Sumy, kam v\u010dera dopadly dv\u011b rusk\u00e9 rakety, se nach\u00e1zej\u00ed dv\u011b velmi zaj\u00edmav\u00e9 ukrajinsk\u00e9 budovy, a ty je mo\u017en\u00e9 relevantn\u011b pova\u017eovat za vojensk\u00e9 c\u00edle prvn\u00ed kategorie.\u00a0Jedna budova byla \u00fatokem zna\u010dn\u011b po\u0161kozena, a druh\u00e1 z\u0159ejm\u011b zasa\u017eena v\u00fdrazn\u011bji nebyla.<\/p>\n<p>Druh\u00e1 budova se nach\u00e1z\u00ed 72 metr\u016f sm\u011brem severo-severo-v\u00fdchodn\u011b od epicentra v\u00fdbuchu prvn\u00ed rusk\u00e9 rakety, kter\u00e1 dopadla na kongresov\u00e9 centrum, a zni\u010dila ho. Rusk\u00fd Iskander m\u00e1 maxim\u00e1ln\u00ed toleranci odchylky od c\u00edle 75 metr\u016f, a tud\u00ed\u017e nelze vylou\u010dit, \u017ee prvn\u00ed raketa \u00fato\u010dila na tuto druhou budovu. V budov\u011b s\u00eddl\u00ed oblastn\u00ed sumsk\u00e1 centr\u00e1la ukrajinsk\u00e9 tajn\u00e9 policie s n\u00e1zvem \u201c<a href=\"https:\/\/www.0542.ua\/catalog\/index\/497335\/upravlenie-po-borbe-s-organizovannoj-prestupnostu-ubop-gu-mvd-ukrainy-v-sumskoj-oblasti-dezurnaa-cast-kruglosutocno\">\u0423\u0411\u041e\u041f \u041f\u0420\u0418 \u0413\u0423 \u041c\u0412\u0414 \u0423\u041a\u0420\u0410\u0418\u041d\u042b \u0412 \u0421\u0423\u041c\u0421\u041a\u041e\u0419 \u041e\u0411\u041b\u0410\u0421\u0422\u0418<\/a>\u201c, kter\u00e1 doz\u00edr\u00e1\u00a0<a href=\"https:\/\/uk.wikipedia.org\/wiki\/%D0%A1%D1%83%D0%BC%D1%81%D1%8C%D0%BA%D0%B0_%D0%BE%D0%B1%D0%BB%D0%B0%D1%81%D1%82%D1%8C\">na 1 milion tamn\u00edch obyvatel<\/a>.\u00a0 A\u010dkoli se jedn\u00e1 o tajnou policejn\u00ed slo\u017eku prim\u00e1rn\u011b zam\u011b\u0159enou na boj s organizovan\u00fdm zlo\u010dinem, za v\u00e1lky jsou v\u0161echny tyto tajn\u00e9 policejn\u00ed slo\u017eky pova\u017eov\u00e1ny za relevantn\u00ed vojensk\u00fd c\u00edl. (<a href=\"https:\/\/yandex.eu\/maps\/org\/ubop_umvd_ukrainy_sumskoy_oblasti\/140444610737\/?ll=34.794535%2C50.906550&amp;z=16\">Na t\u00e9to rusk\u00e9 map\u011b uvid\u00edte \u010derven\u011b ozna\u010denou budovu \u0423\u0411\u041e\u041f. \u0160ed\u00e1 velk\u00e1 budova t\u011bsn\u011b pod n\u00ed je kongresov\u00e1 hala, kter\u00e1 byla raketou zasa\u017eena<\/a>. Nejedn\u00e1 se o dezinformaci.\u00a0<a href=\"https:\/\/www.google.com\/maps\/place\/%D0%A3%D0%91%D0%9E%D0%9F+%D0%9F%D0%A0%D0%98+%D0%93%D0%A3+%D0%9C%D0%92%D0%94+%D0%A3%D0%9A%D0%A0%D0%90%D0%98%D0%9D%D0%AB+%D0%92+%D0%A1%D0%A3%D0%9C%D0%A1%D0%9A%D0%9E%D0%99+%D0%9E%D0%91%D0%9B%D0%90%D0%A1%D0%A2%D0%98\/@50.9055811,34.7932131,275m\/data=!3m1!1e3!4m15!1m8!3m7!1s0x41290220fc73a461:0xdb74f6366b836c28!2sSumy,+Sumsk%C3%A1,+Ukrajina,+40000!3b1!8m2!3d50.9077!4d34.7981!16zL20vMDJxNmp6!3m5!1s0x4129018957ddac41:0x1d79c1fdf48af1c2!8m2!3d50.90628!4d34.794986!16s%2Fg%2F11xbjzgt3?hl=cs-CZ&amp;entry=ttu&amp;g_ep=EgoyMDI1MDQwOS4wIKXMDSoASAFQAw%3D%3D\">Stejn\u00e1 budova \u0423\u0411\u041e\u041f je i na map\u00e1ch Google<\/a>.)<\/p>\n<p>Zaj\u00edmav\u011bj\u0161\u00ed je v\u0161ak druh\u00e1 budova, a ta nav\u00edc byla rusk\u00fdm \u00faderem zasa\u017eena velmi v\u00fdrazn\u011b, viz foto dole.\u00a0<a href=\"https:\/\/uk.wikipedia.org\/wiki\/%D0%86%D0%BD%D1%81%D1%82%D0%B8%D1%82%D1%83%D1%82_%D0%BF%D1%80%D0%B8%D0%BA%D0%BB%D0%B0%D0%B4%D0%BD%D0%BE%D1%97_%D1%84%D1%96%D0%B7%D0%B8%D0%BA%D0%B8_%D0%9D%D0%90%D0%9D_%D0%A3%D0%BA%D1%80%D0%B0%D1%97%D0%BD%D0%B8\">V t\u00e9to budov\u011b s\u00eddl\u00ed \u00dastav aplikovan\u00e9 fyziky N\u00e1rodn\u00ed akademie Ukrajiny<\/a>. Tato \u0161pi\u010dkov\u00e1 v\u011bdeck\u00e1 instituce, asi 90 v\u011bdc\u016f, se zab\u00fdv\u00e1 pokro\u010dil\u00fdm v\u00fdvojem v oblasti jadern\u00e9 fyziky, fyziky foton\u016f, fyziky odhalov\u00e1n\u00ed lo\u017eisek vz\u00e1cn\u00fdch miner\u00e1l\u016f a v\u00fdvojem pokro\u010dil\u00fdch fyzik\u00e1ln\u00edch p\u0159\u00edstroj\u016f. Za v\u00e1lky takov\u00e1to instituce m\u016f\u017ee s ur\u010ditost\u00ed vyv\u00edjet velmi zaj\u00edmav\u00e9 zbra\u0148ov\u00e9 syst\u00e9my, jako jsou lasery, nebo n\u011bjak\u00e9 pokro\u010dil\u00e9 REB ru\u0161i\u010dky, a samoz\u0159ejm\u011b jej\u00ed v\u011bdci mohou \u0159\u00eddit pr\u00e1ce na p\u0159\u00edpadn\u00e9m v\u00fdvoji ukrajinsk\u00e9 jadern\u00e9 bomby. Ukrajina se nav\u00edc od ledna leto\u0161n\u00edho roku za\u010dala masivn\u011b vychloubat,\u00a0<a href=\"https:\/\/united24media.com\/latest-news\/exclusive-footage-ukraines-trident-laser-shreds-drones-in-seconds-6730\">\u017ee sestrojila nov\u00e9 laserov\u00e9 zbran\u011b na sest\u0159elov\u00e1n\u00ed rusk\u00fdch dron\u016f<\/a>, \u017ee\u00a0<a href=\"https:\/\/kyivindependent.com\/ukraine-using-laser-weapons\/\">u\u017e laserov\u00fdmi zbran\u011bmi drony sest\u0159eluje<\/a>, a dokonce hl\u00e1sala,\u00a0<a href=\"https:\/\/en.defence-ua.com\/weapon_and_tech\/ukrainian_tryzub_laser_system_shown_for_the_first_time_revealed_at_what_range_it_can_destroy_targets-14168.html\">\u017ee jej\u00ed Tryzub laser dok\u00e1\u017ee sest\u0159elovat nejen drony, ale i vrtuln\u00edky, letadla a dokonce i balistick\u00e9 rakety<\/a>. A\u010dkoli jsou analytici k t\u011bmto ukrajinsk\u00fdm \u00fasp\u011bch\u016fm zna\u010dn\u011b skepti\u010dt\u00ed, proto\u017ee \u010c\u00edna, USA, ani Rusko, dosud podobn\u011b v\u00fdkonn\u00fdmi lasery nedisponuj\u00ed, je v\u011bdeck\u00fd \u00fastav, kter\u00fd se zab\u00fdv\u00e1 vz\u00e1jemnou interakc\u00ed elektron\u016f, iont\u016f a foton\u016f s r\u016fzn\u00fdmi materi\u00e1ly, v\u00e1le\u010dn\u00fdm c\u00edlem z hlediska zbrzd\u011bn\u00ed potenci\u00e1ln\u00edho v\u00fdvoje nov\u00fdch energetick\u00fdch zbran\u00ed. (<a href=\"https:\/\/uk.wikipedia.org\/wiki\/%D0%86%D0%BD%D1%81%D1%82%D0%B8%D1%82%D1%83%D1%82_%D0%BF%D1%80%D0%B8%D0%BA%D0%BB%D0%B0%D0%B4%D0%BD%D0%BE%D1%97_%D1%84%D1%96%D0%B7%D0%B8%D0%BA%D0%B8_%D0%9D%D0%90%D0%9D_%D0%A3%D0%BA%D1%80%D0%B0%D1%97%D0%BD%D0%B8\">Pro porovn\u00e1n\u00ed fotografi\u00ed, zde fotografie objektu \u00fastavu ve m\u011bst\u011b Sumy p\u0159ed z\u00e1sahem na WIKI<\/a>.)<\/p>\n<div id=\"attachment_17427\" class=\"wp-caption aligncenter\" style=\"width: 954px;\"><img decoding=\"async\" loading=\"lazy\" class=\" wp-image-17427\" src=\"https:\/\/www.michalapetr.com\/wp-content\/uploads\/2025\/04\/sumyustav.jpg\" sizes=\"(max-width: 2560px) 100vw, 2560px\" srcset=\"https:\/\/www.michalapetr.com\/wp-content\/uploads\/2025\/04\/sumyustav.jpg 2560w, https:\/\/www.michalapetr.com\/wp-content\/uploads\/2025\/04\/sumyustav-300x155.jpg 300w, https:\/\/www.michalapetr.com\/wp-content\/uploads\/2025\/04\/sumyustav-1030x531.jpg 1030w, https:\/\/www.michalapetr.com\/wp-content\/uploads\/2025\/04\/sumyustav-768x396.jpg 768w, https:\/\/www.michalapetr.com\/wp-content\/uploads\/2025\/04\/sumyustav-1536x793.jpg 1536w, https:\/\/www.michalapetr.com\/wp-content\/uploads\/2025\/04\/sumyustav-2048x1057.jpg 2048w, https:\/\/www.michalapetr.com\/wp-content\/uploads\/2025\/04\/sumyustav-1500x774.jpg 1500w, https:\/\/www.michalapetr.com\/wp-content\/uploads\/2025\/04\/sumyustav-705x364.jpg 705w, https:\/\/www.michalapetr.com\/wp-content\/uploads\/2025\/04\/sumyustav-450x232.jpg 450w\" alt=\"\" width=\"954\" height=\"492\" aria-describedby=\"caption-attachment-17427\" \/><\/p>\n<p id=\"caption-attachment-17427\" class=\"wp-caption-text\" style=\"text-align: justify;\"><a href=\"https:\/\/www.kyivpost.com\/post\/50697\">Ofici\u00e1ln\u00ed fotografie ukrajinsk\u00e9ho ministerstva vnitra z \u00fatoku raket Iskander na m\u011bsto Sumy<\/a>. Na fotografii vpravo za autobusem je \u0161pi\u010dkov\u00e9 ukrajinsk\u00e9 v\u011bdeck\u00e9 pracovi\u0161t\u011b jadern\u00e9 a laserov\u00e9 fyziky, pravd\u011bpodobn\u00fd c\u00edl \u00fatoku. Podle v\u0161eho v\u010dera vybuchla jedna kazetov\u00e9 hlavice, a to pr\u00e1v\u011b zde, tedy \u00fatok sm\u011b\u0159oval na prostor, a na \u017eiv\u00e9 c\u00edle. Podrobn\u00e9 vysv\u011btlen\u00ed v\u00a0 anal\u00fdze.\u00a0<a href=\"https:\/\/www.dailymail.co.uk\/news\/article-14605359\/Germany-chancellor-waiting-Friedrich-Merz-Russia-war-crime-34-killed-dozens-injured-missile-strike-Ukrainian-city.html\">Jak byla budova po\u0161kozena je velmi dob\u0159e vid\u011bt zde<\/a>, na odkaze mezi 17 fotografiemi z \u00fatoku najdete stejnou budovu po z\u00e1sahu, ale zbl\u00edzka.<\/p>\n<\/div>\n<p><a href=\"https:\/\/www.youtube.com\/c\/PetrBure%C5%A1TV\/streams\">Dnes v pond\u011bl\u00ed 14. dubna ve 20 hodin budu hostem na TV Bure\u0161, po\u0159ad najdete zde<\/a>. T\u011b\u0161\u00edm se na V\u00e1s, a jdu se na V\u00e1s vyspat. Na maily nest\u00edh\u00e1m odpov\u00eddat, a n\u011bkter\u00e9 Va\u0161e n\u00e1vrhy na anal\u00fdzy uskute\u010dn\u00edm, pros\u00edm o \u010das, d\u011bkuji, a d\u011bkuji i za dary a podporu.\u00a0Ve st\u0159edu 2. dubna\u00a0 jsem nato\u010dil po\u0159ad u Petra H\u00e1jka na Protiproud TV,\u00a0<a class=\"mfp-iframe lightbox-added\" href=\"https:\/\/www.youtube.com\/watch?v=cPdOKVlOISg\">po\u0159ad najdete zde<\/a>.<\/p>\n<p><a href=\"https:\/\/www.michalapetr.com\/map-2274-ukrajina-vyviji-jaderne-zbrane-utok-ruskych-raket-iskander-vcera-na-mesto-sumy-miril-presne-na-jeji-spickove-nuklearni-vedecke-pracoviste-jeho-budova-byla-utokem-znacne-poskozena-dalsim-ci\/\">Michael Svato\u0161<\/a><\/p>\n<p><img decoding=\"async\" loading=\"lazy\" class=\"alignnone size-full wp-image-27204\" src=\"http:\/\/www.infokuryr.cz\/n\/wp-content\/uploads\/2023\/05\/Michael_Svatos.png\" alt=\"\" width=\"180\" height=\"180\" srcset=\"https:\/\/www.infokuryr.cz\/n\/wp-content\/uploads\/2023\/05\/Michael_Svatos.png 180w, https:\/\/www.infokuryr.cz\/n\/wp-content\/uploads\/2023\/05\/Michael_Svatos-150x150.png 150w\" sizes=\"(max-width: 180px) 100vw, 180px\" \/><\/p>\n<p>&nbsp;<\/p>\n","protected":false},"excerpt":{"rendered":"<p>Ukrajina vyv\u00edj\u00ed jadern\u00e9 zbran\u011b? \u00datok rusk\u00fdch raket Iskander v\u010dera na m\u011bsto Sumy m\u00ed\u0159il p\u0159esn\u011b na&#8230;<\/p>\n","protected":false},"author":2,"featured_media":50979,"comment_status":"closed","ping_status":"closed","sticky":false,"template":"","format":"standard","meta":[],"categories":[6],"tags":[1042,1069,8907,8900,26],"_links":{"self":[{"href":"https:\/\/www.infokuryr.cz\/n\/wp-json\/wp\/v2\/posts\/76373"}],"collection":[{"href":"https:\/\/www.infokuryr.cz\/n\/wp-json\/wp\/v2\/posts"}],"about":[{"href":"https:\/\/www.infokuryr.cz\/n\/wp-json\/wp\/v2\/types\/post"}],"author":[{"embeddable":true,"href":"https:\/\/www.infokuryr.cz\/n\/wp-json\/wp\/v2\/users\/2"}],"replies":[{"embeddable":true,"href":"https:\/\/www.infokuryr.cz\/n\/wp-json\/wp\/v2\/comments?post=76373"}],"version-history":[{"count":0,"href":"https:\/\/www.infokuryr.cz\/n\/wp-json\/wp\/v2\/posts\/76373\/revisions"}],"wp:featuredmedia":[{"embeddable":true,"href":"https:\/\/www.infokuryr.cz\/n\/wp-json\/wp\/v2\/media\/50979"}],"wp:attachment":[{"href":"https:\/\/www.infokuryr.cz\/n\/wp-json\/wp\/v2\/media?parent=76373"}],"wp:term":[{"taxonomy":"category","embeddable":true,"href":"https:\/\/www.infokuryr.cz\/n\/wp-json\/wp\/v2\/categories?post=76373"},{"taxonomy":"post_tag","embeddable":true,"href":"https:\/\/www.infokuryr.cz\/n\/wp-json\/wp\/v2\/tags?post=76373"}],"curies":[{"name":"wp","href":"https:\/\/api.w.org\/{rel}","templated":true}]}}