{"id":7636,"date":"2022-01-19T03:44:02","date_gmt":"2022-01-19T02:44:02","guid":{"rendered":"http:\/\/www.infokuryr.cz\/n\/?p=7636"},"modified":"2022-01-19T03:44:11","modified_gmt":"2022-01-19T02:44:11","slug":"donecka-lidova-republika-informovala-o-prichodu-nove-skupiny-bojovniku-praveho-sektoru","status":"publish","type":"post","link":"https:\/\/www.infokuryr.cz\/n\/2022\/01\/19\/donecka-lidova-republika-informovala-o-prichodu-nove-skupiny-bojovniku-praveho-sektoru\/","title":{"rendered":"Don\u011bck\u00e1 lidov\u00e1 republika informovala o p\u0159\u00edchodu nov\u00e9 skupiny bojovn\u00edk\u016f Prav\u00e9ho sektoru"},"content":{"rendered":"<div id=\"fb-root\"><\/div>\n<p><strong>Na Donbasu, v oblasti osady kontrolovan\u00e9 ukrajinskou arm\u00e1dou, byli op\u011bt zaznamen\u00e1ni p\u0159\u00edslu\u0161n\u00edci Prav\u00e9ho sektoru*. Uvedl to Eduard Basurin, z\u00e1stupce velitele Lidov\u00fdch milic\u00ed samozvan\u00e9 Don\u011bck\u00e9 lidov\u00e9 republiky.<\/strong><\/p>\n<p>\u201eByla odhalena p\u0159\u00edtomnost p\u0159\u00edslu\u0161n\u00edk\u016f Prav\u00e9ho sektoru* v oblasti odpov\u011bdnosti 1. samostatn\u00e9ho praporu n\u00e1mo\u0159n\u00ed p\u011bchoty 36. brig\u00e1dy (Ozbrojen\u00fdch sil Ukrajiny, pozn. red.), v osad\u011b Pavlopol,\u201c up\u0159esnil Basurin.<\/p>\n<p>Podle Lidov\u00fdch milic\u00ed doprov\u00e1zej\u00ed \u010dleny nacionalistick\u00e9 skupiny d\u016fstojn\u00edci 74. St\u0159ediska pro informa\u010dn\u00ed a psychologick\u00e9 operace a \u0161t\u00e1b ukrajinsk\u00e9 televizn\u00ed stanice 5 Kanal.<\/p>\n<p>\u201eJe zaj\u00edmav\u00e9, \u017ee b\u011bhem nat\u00e1\u010den\u00ed provokativn\u00edch p\u0159\u00edb\u011bh\u016f nacionalist\u00e9 poskytuj\u00ed rozhovory a p\u0159edstavuj\u00ed se jako voj\u00e1ci,\u201c dodal.<\/p>\n<p>Stejn\u011b tak uvedl, \u017ee pozorovatel\u00e9 DLR zaznamenali dod\u00e1vku\u00a0munice\u00a0na pozice ukrajinsk\u00e9 arm\u00e1dy, a to v aut\u011b se symbolikou kyjevsk\u00e9ho zastoupen\u00ed ve Spole\u010dn\u00e9m centru pro kontrolu a koordinaci re\u017eimu p\u0159\u00edm\u011b\u0159\u00ed.<\/p>\n<p><em>\u201e<\/em>Na\u0161i pozorovatel\u00e9 op\u011bt zaznamenali dod\u00e1vky munice prost\u0159ednictv\u00edm vozidla ZIL s n\u00e1pisem SSKKP na pozice ozbrojenc\u016f v oblasti \u0160irokino (pod kontrolou Kyjeva, pozn. red.),\u201c prohl\u00e1sil Basurin.<\/p>\n<p>Zmi\u0148me, \u017ee to nen\u00ed poprv\u00e9, co Lidov\u00e9 milice DLR identifikovaly p\u0159\u00edslu\u0161n\u00edky Prav\u00e9ho sektoru* na Donbasu. Ji\u017e d\u0159\u00edve Basurin \u0159ekl, \u017ee 20 \u010dlen\u016f organizace bylo nalezeno v oblasti kontrolovan\u00e9 Kyjevem. \u00datvar nevylou\u010dil provokace sm\u011brem na Horlivku. Krom\u011b toho bylo dne 5. ledna zaznamen\u00e1no a\u017e 20 ozbrojenc\u016f v oblasti odpov\u011bdnosti prvn\u00edho praporu 54. mechanizovan\u00e9 brig\u00e1dy Ozbrojen\u00fdch sil Ukrajiny v oblasti Marjinka.<\/p>\n<p><strong>Koordin\u00e1torka OBSE byla \u0161okov\u00e1na ost\u0159elov\u00e1n\u00edm \u0161koly v LLR ukrajinsk\u00fdmi ozbrojenci<\/strong><\/p>\n<p>Koordin\u00e1torka OBSE Charlotte Relanderov\u00e1 v \u00fater\u00fd b\u011bhem pobytu na \u00fazem\u00ed samozvan\u00e9 Luhansk\u00e9 lidov\u00e9 republiky (LLR) nav\u0161t\u00edvila \u0161kolu v osad\u011b Zolotoje-5, kter\u00e1 je pravideln\u011b ost\u0159elov\u00e1na ze strany ozbrojen\u00fdch sil\u00a0Ukrajiny.<\/p>\n<p><em>\u201e<\/em>Pokud jde o m\u016fj koment\u00e1\u0159 ke \u0161kole, m\u016f\u017eu \u0159\u00edci, \u017ee to, co jsem vid\u011bla, je rozhodn\u011b d\u011bsiv\u00e9. Je d\u011bsiv\u00e9 to vid\u011bt. Nev\u011bd\u011bla jsem, \u017ee se to d\u011bje. Jak jsem to uvid\u011bla, \u0161kola je pom\u011brn\u011b velk\u00e1 a u\u010d\u00ed se tu hodn\u011b \u017e\u00e1k\u016f a jejich v\u00fduka z\u00e1vis\u00ed na p\u0159\u00edtomnosti \u0161koly v jejich obci. Rozhodn\u011b nem\u016f\u017ee b\u00fdt c\u00edlem pro ost\u0159elov\u00e1n\u00ed \u0161kola. Tohle je civiln\u00ed infrastruktura,\u201c uvedla Relanderov\u00e1 novin\u00e1\u0159\u016fm.<\/p>\n<p>Mluv\u010d\u00ed LLR v humanit\u00e1rn\u00ed podskupin\u011b kontaktn\u00ed skupiny Olga Kobcev\u00e1 n\u00e1sledn\u011b z\u00e1stupc\u016fm m\u00e9di\u00ed vysv\u011btlila, \u017ee se tato vzd\u011bl\u00e1vac\u00ed instituce neust\u00e1le st\u00e1v\u00e1 ter\u010dem ost\u0159elov\u00e1n\u00ed ze strany ukrajinsk\u00fdch ozbrojenc\u016f.<\/p>\n<p>\u201eSamoz\u0159ejm\u011b je snaz\u0161\u00ed mluvit a uv\u011bdomovat si, o \u010dem vedou oponenti dialog, kdy\u017e v\u0161e vid\u00edte na vlastn\u00ed o\u010di. Nav\u0161t\u00edvili jsme \u0161kolu v Zolotoje-5, kter\u00e1 se pravideln\u011b dost\u00e1v\u00e1 pod palbu ost\u0159elova\u010d\u016f. Douf\u00e1me, \u017ee se pan\u00ed Relanderov\u00e9 mo\u017en\u00e1 poda\u0159\u00ed vzn\u00e9st tuto ot\u00e1zku, zviditelnit tento probl\u00e9m a kone\u010dn\u011b se ost\u0159elov\u00e1n\u00ed dan\u00e9 \u0161koly zastav\u00ed,\u201c prohl\u00e1sila Kobcev\u00e1.<\/p>\n<p><strong>Prav\u00fd sektor<\/strong><\/p>\n<p>Prav\u00fd sektor je ukrajinsk\u00e9 sdru\u017een\u00ed radik\u00e1ln\u00edch nacionalistick\u00fdch organizac\u00ed. V lednu a \u00fanoru 2014 se ozbrojenci hnut\u00ed pod\u00edleli na st\u0159etech s bezpe\u010dnostn\u00edmi slo\u017ekami a dob\u00fdv\u00e1n\u00ed administrativn\u00edch budov a vdubnu se pak \u00fa\u010dastnili potla\u010den\u00ed\u00a0<a href=\"https:\/\/cz.sputniknews.com\/20220115\/v-podstate-ve-jmenu-svobody-nekolik-tisic-lidi-se-seslo-v-rime-na-protest-proti-covid-certifikatum-17222963.html\">protest\u016f<\/a>\u00a0na v\u00fdchodn\u00ed Ukrajin\u011b.<\/p>\n<p>V listopadu 2014 Nejvy\u0161\u0161\u00ed soud RF uznal<strong>\u00a0Prav\u00fd sektor<\/strong>\u00a0za extremistickou organizaci a zak\u00e1zal jej\u00ed \u010dinnost v zemi. V lednu 2015 byl p\u0159id\u00e1n na seznam zak\u00e1zan\u00fdch organizac\u00ed.<\/p>\n<p>Uve\u010fme, \u017ee od l\u00e9ta 2020 plat\u00ed na Donbasu dal\u0161\u00ed opat\u0159en\u00ed k zaji\u0161t\u011bn\u00ed p\u0159\u00edm\u011b\u0159\u00ed. Jejich sou\u010d\u00e1st\u00ed je \u00fapln\u00fd z\u00e1kaz st\u0159elby, um\u00eds\u0165ov\u00e1n\u00ed zbran\u00ed v obydlen\u00fdch oblastech a jejich bl\u00edzkosti, stejn\u011b jako z\u00e1kaz \u00fato\u010dn\u00fdch, pr\u016fzkumn\u00fdch a sabot\u00e1\u017en\u00edch operac\u00ed. Rovn\u011b\u017e je zak\u00e1z\u00e1no vybavovat pozice a pou\u017e\u00edvat drony v bl\u00edzkosti kontaktn\u00ed linie.<\/p>\n<p><a href=\"https:\/\/cz.sputniknews.com\/20220118\/donecka-lidova-republika-informovala-o-prichodu-nove-skupiny-bojovniku-praveho-sektoru-17263397.html\">ZDROJ<\/a><\/p>\n<p>&nbsp;<\/p>\n<p>&nbsp;<\/p>\n","protected":false},"excerpt":{"rendered":"<p>Na Donbasu, v oblasti osady kontrolovan\u00e9 ukrajinskou arm\u00e1dou, byli op\u011bt zaznamen\u00e1ni p\u0159\u00edslu\u0161n\u00edci Prav\u00e9ho sektoru*. Uvedl&#8230;<\/p>\n","protected":false},"author":2,"featured_media":6954,"comment_status":"closed","ping_status":"closed","sticky":false,"template":"","format":"standard","meta":[],"categories":[7],"tags":[64,1735,1736,26],"_links":{"self":[{"href":"https:\/\/www.infokuryr.cz\/n\/wp-json\/wp\/v2\/posts\/7636"}],"collection":[{"href":"https:\/\/www.infokuryr.cz\/n\/wp-json\/wp\/v2\/posts"}],"about":[{"href":"https:\/\/www.infokuryr.cz\/n\/wp-json\/wp\/v2\/types\/post"}],"author":[{"embeddable":true,"href":"https:\/\/www.infokuryr.cz\/n\/wp-json\/wp\/v2\/users\/2"}],"replies":[{"embeddable":true,"href":"https:\/\/www.infokuryr.cz\/n\/wp-json\/wp\/v2\/comments?post=7636"}],"version-history":[{"count":0,"href":"https:\/\/www.infokuryr.cz\/n\/wp-json\/wp\/v2\/posts\/7636\/revisions"}],"wp:featuredmedia":[{"embeddable":true,"href":"https:\/\/www.infokuryr.cz\/n\/wp-json\/wp\/v2\/media\/6954"}],"wp:attachment":[{"href":"https:\/\/www.infokuryr.cz\/n\/wp-json\/wp\/v2\/media?parent=7636"}],"wp:term":[{"taxonomy":"category","embeddable":true,"href":"https:\/\/www.infokuryr.cz\/n\/wp-json\/wp\/v2\/categories?post=7636"},{"taxonomy":"post_tag","embeddable":true,"href":"https:\/\/www.infokuryr.cz\/n\/wp-json\/wp\/v2\/tags?post=7636"}],"curies":[{"name":"wp","href":"https:\/\/api.w.org\/{rel}","templated":true}]}}