{"id":76359,"date":"2025-04-14T05:13:44","date_gmt":"2025-04-14T03:13:44","guid":{"rendered":"https:\/\/www.infokuryr.cz\/n\/?p=76359"},"modified":"2025-04-14T05:13:44","modified_gmt":"2025-04-14T03:13:44","slug":"byl-varovan-ukrajinsky-starosta-obvinuje-vojenskou-spravu-sumy-z-ruskeho-raketoveho-uderu","status":"publish","type":"post","link":"https:\/\/www.infokuryr.cz\/n\/2025\/04\/14\/byl-varovan-ukrajinsky-starosta-obvinuje-vojenskou-spravu-sumy-z-ruskeho-raketoveho-uderu\/","title":{"rendered":"\u201eByl varov\u00e1n\u201c \u2013 ukrajinsk\u00fd starosta obvi\u0148uje vojenskou spr\u00e1vu Sumy z rusk\u00e9ho raketov\u00e9ho \u00faderu"},"content":{"rendered":"<div id=\"fb-root\"><\/div>\n<h3>\u00da\u0159aduj\u00edc\u00ed guvern\u00e9r frontov\u00e9 oblasti nechal kyjevsk\u00e9 jednotky napospas otev\u0159en\u00e9ho \u00fatoku, obvinil gubern\u00e9ra \u0161\u00e9f Konotopu Ar\u0165om Semenikhin<\/h3>\n<p><span>Starosta Konotopu Ar\u0165om Semenikhin obvinil \u0161\u00e9fa krajsk\u00e9 vojensk\u00e9 spr\u00e1vy Sumy Vladimira Artjucha z odpov\u011bdnosti za to, \u017ee se shrom\u00e1\u017ed\u011bn\u00ed ukrajinsk\u00fdch voj\u00e1k\u016f v pohrani\u010dn\u00edm m\u011bst\u011b stalo c\u00edlem rusk\u00e9ho raketov\u00e9ho \u00fatoku.<\/span><\/p>\n<p><span>Sumy je m\u011bsto v prvn\u00ed linii hrani\u010d\u00edc\u00ed s rusk\u00fdm Kursk\u00fdm regionem, kter\u00e9 se nach\u00e1z\u00ed jen n\u011bkolik kilometr\u016f od boj\u016f. Podle m\u00edstn\u00edch \u00fa\u0159ad\u016f si ned\u011bln\u00ed \u00fatok \u0159\u00edzen\u00fdch st\u0159el vy\u017e\u00e1dal p\u0159es 20 mrtv\u00fdch a v\u00edce ne\u017e 80 zran\u011bn\u00fdch.<\/span><\/p>\n<p><span>Semenikhin, \u010dlen neonacistick\u00e9 strany Svoboda a \u0161\u00e9f nedalek\u00e9ho m\u011bsta Konotop, v ned\u011bli ve streamu na Facebooku obvinil Artjuka ze spolu\u00fa\u010dasti na smrti Ukrajinc\u016f p\u0159i \u00fatoku.<\/span><\/p>\n<p><em><span>&#8222;V t\u00e9 budov\u011b zorganizoval slavnostn\u00ed vyznamen\u00e1n\u00ed pro voj\u00e1ky 117. brig\u00e1dy. Byl varov\u00e1n, \u017ee by se to nem\u011blo d\u011blat,&#8220;<\/span><\/em><span>\u00a0\u0159ekl Semenikhin a dodal, \u017ee hodn\u011b riskuje, kdy\u017e na toto t\u00e9ma nav\u00e1\u017ee.<\/span><\/p>\n<p><span>Tvrdil, \u017ee \u017e\u00e1dn\u00fd z voj\u00e1k\u016f nebyl zran\u011bn a \u017ee \u00fader zas\u00e1hl pouze civilisty, kte\u0159\u00ed se v t\u00e9 dob\u011b nach\u00e1zeli pobl\u00ed\u017e p\u0159ed\u00e1v\u00e1n\u00ed cen.<\/span><\/p>\n<p><em><span>&#8222;D\u00edky na\u0161emu dlouholet\u00e9mu guvern\u00e9rovi Artjukhovi m\u00e1me nyn\u00ed ob\u011bti,&#8220;<\/span><\/em><span>\u00a0\u0159ekl Semenikhin.<\/span><\/p>\n<p><span>Dodal, \u017ee m\u00edstn\u00ed \u00fa\u0159ady zah\u00e1jily trestn\u00ed vy\u0161et\u0159ov\u00e1n\u00ed toho, kdo vojensk\u00fd ceremoni\u00e1l zorganizoval.<\/span><\/p>\n<p><em><span>&#8222;Nepochybuji o tom, \u017ee pan Ar\u0165ukh&#8230; dostane vhodnou odpov\u011b\u010f od syst\u00e9mu vym\u00e1h\u00e1n\u00ed pr\u00e1va, org\u00e1n\u016f \u010dinn\u00fdch v trestn\u00edm \u0159\u00edzen\u00ed a bude proti n\u011bmu zah\u00e1jeno trestn\u00ed st\u00edh\u00e1n\u00ed,&#8220;<\/span><\/em><span>\u00a0\u0159ekl Semenikhin.<\/span><\/p>\n<p><span>Ukrajinsk\u00e9 \u00fa\u0159ady zat\u00edm nekomentovaly zpr\u00e1vy, \u017ee bylo zasa\u017eeno shrom\u00e1\u017ed\u011bn\u00ed voj\u00e1k\u016f.<\/span><\/p>\n<p><span>D\u0159\u00edve v ten den po\u017eadovala b\u00fdval\u00e1 \u010dlenka politick\u00e9 strany Vladimira Zelensk\u00e9ho, ukrajinsk\u00e1 poslankyn\u011b Mariana Bezuglaya, aby policist\u00e9 p\u0159estali organizovat shrom\u00e1\u017ed\u011bn\u00ed jednotek, a varovala, \u017ee tato praxe d\u011bl\u00e1 z p\u0159\u00edslu\u0161n\u00edk\u016f slu\u017eby ter\u010de rusk\u00fdch \u00fader\u016f.<\/span><\/p>\n<p><em><span>&#8222;Neprov\u00e1d\u011bjte p\u0159edvolby. Nepo\u0159\u00e1dejte slavnostn\u00ed p\u0159ed\u00e1v\u00e1n\u00ed cen,&#8220;<\/span><\/em><span>\u00a0vyzvala kyjevskou arm\u00e1du.<\/span><\/p>\n<p><span>Rusk\u00e9 ministerstvo obrany st\u00e1vku od ned\u011bln\u00edho ve\u010dera nekomentovalo.<\/span><\/p>\n<p><img decoding=\"async\" loading=\"lazy\" class=\"alignnone size-full wp-image-71983\" src=\"http:\/\/www.infokuryr.cz\/n\/wp-content\/uploads\/2025\/02\/aaa.jpg\" alt=\"\" width=\"89\" height=\"23\" \/><\/p>\n<p>&nbsp;<\/p>\n","protected":false},"excerpt":{"rendered":"<p>\u00da\u0159aduj\u00edc\u00ed guvern\u00e9r frontov\u00e9 oblasti nechal kyjevsk\u00e9 jednotky napospas otev\u0159en\u00e9ho \u00fatoku, obvinil gubern\u00e9ra \u0161\u00e9f Konotopu Ar\u0165om&#8230;<\/p>\n","protected":false},"author":2,"featured_media":76360,"comment_status":"closed","ping_status":"closed","sticky":false,"template":"","format":"standard","meta":[],"categories":[7],"tags":[1226,2416,1614,8900],"_links":{"self":[{"href":"https:\/\/www.infokuryr.cz\/n\/wp-json\/wp\/v2\/posts\/76359"}],"collection":[{"href":"https:\/\/www.infokuryr.cz\/n\/wp-json\/wp\/v2\/posts"}],"about":[{"href":"https:\/\/www.infokuryr.cz\/n\/wp-json\/wp\/v2\/types\/post"}],"author":[{"embeddable":true,"href":"https:\/\/www.infokuryr.cz\/n\/wp-json\/wp\/v2\/users\/2"}],"replies":[{"embeddable":true,"href":"https:\/\/www.infokuryr.cz\/n\/wp-json\/wp\/v2\/comments?post=76359"}],"version-history":[{"count":0,"href":"https:\/\/www.infokuryr.cz\/n\/wp-json\/wp\/v2\/posts\/76359\/revisions"}],"wp:featuredmedia":[{"embeddable":true,"href":"https:\/\/www.infokuryr.cz\/n\/wp-json\/wp\/v2\/media\/76360"}],"wp:attachment":[{"href":"https:\/\/www.infokuryr.cz\/n\/wp-json\/wp\/v2\/media?parent=76359"}],"wp:term":[{"taxonomy":"category","embeddable":true,"href":"https:\/\/www.infokuryr.cz\/n\/wp-json\/wp\/v2\/categories?post=76359"},{"taxonomy":"post_tag","embeddable":true,"href":"https:\/\/www.infokuryr.cz\/n\/wp-json\/wp\/v2\/tags?post=76359"}],"curies":[{"name":"wp","href":"https:\/\/api.w.org\/{rel}","templated":true}]}}