{"id":76349,"date":"2025-04-14T04:47:57","date_gmt":"2025-04-14T02:47:57","guid":{"rendered":"https:\/\/www.infokuryr.cz\/n\/?p=76349"},"modified":"2025-04-14T04:47:57","modified_gmt":"2025-04-14T02:47:57","slug":"petr-pokorny-potoky-krve-za-ministrem-rakusanem-a-justice-je-stale-nema-dalsi-obet-teto-krvave-vlady","status":"publish","type":"post","link":"https:\/\/www.infokuryr.cz\/n\/2025\/04\/14\/petr-pokorny-potoky-krve-za-ministrem-rakusanem-a-justice-je-stale-nema-dalsi-obet-teto-krvave-vlady\/","title":{"rendered":"Petr Pokorn\u00fd: Potoky krve za ministrem Raku\u0161anem a justice je st\u00e1le n\u011bm\u00e1? Dal\u0161\u00ed ob\u011b\u0165 t\u00e9to krvav\u00e9 vl\u00e1dy!"},"content":{"rendered":"<div id=\"fb-root\"><\/div>\n<div class=\"introtext\">\n<p><strong>Kolik je\u0161t\u011b sebevra\u017ed mus\u00ed b\u00fdt, ne\u017e justice za\u010dne konat? Kolik kv\u011btin bude je\u0161t\u011b p\u0159ed vl\u00e1dou, kolik mrtv\u00fdch v Dozimetru, kolik vyd\u011b\u0161en\u00fdch soudc\u016f se strachem odm\u00edtne krvav\u00e9 kauzy soudit? Potoky krve za Fialovou P\u011btikoalic\u00ed!<\/strong><\/p>\n<\/div>\n<div class=\"fulltext\">\n<h2 class=\"tdb-title-text\">Trag\u00e9die: Maminka Eli\u0161ky, kterou zast\u0159elil vrah na Filozofick\u00e9 fakult\u011b, sko\u010dila do Macochy<\/h2>\n<p>\u010cesko v ned\u011bli ve\u010der zas\u00e1hla dal\u0161\u00ed tragick\u00e1 zpr\u00e1va. Na dn\u011b propasti Macocha bylo nalezeno \u017eensk\u00e9 t\u011blo. Podle dostupn\u00fdch informac\u00ed sp\u00e1chala sebevra\u017edu Lenka \u0160im\u016fnkov\u00e1, jej\u00ed\u017e dcera Eli\u0161ka zem\u0159ela po \u00fatoku vraha na Filozofick\u00e9 fakult\u011b. A policie jako v\u017edy ml\u017e\u00ed a ml\u010d\u00ed. Kolik lid\u00ed mus\u00ed je\u0161t\u011b zem\u0159\u00edt? Vzpom\u00edn\u00e1te, jak to za\u010dalo?<\/p>\n<h3><strong>PRVN\u00cd OB\u011aT P\u011aTIKOALICE<\/strong><\/h3>\n<p><img decoding=\"async\" loading=\"lazy\" class=\"aligncenter\" src=\"https:\/\/www.skrytapravda.cz\/images\/blogy\/805\/2025\/4duben\/sebevra%C5%BEda_u_vl%C3%A1dy_0b6d0.webp\" alt=\"sebevra\u017eda u vl\u00e1dy 0b6d0\" width=\"883\" height=\"539\" \/><\/p>\n<div class=\"html-div xdj266r x11i5rnm xat24cr x1mh8g0r xexx8yu x4uap5 x18d9i69 xkhd6sd\" dir=\"auto\">\n<div class=\"html-div xdj266r x11i5rnm xat24cr x1mh8g0r xexx8yu x4uap5 x18d9i69 xkhd6sd\" data-ad-rendering-role=\"story_message\">\n<div id=\"\u00abrbrf\u00bb\" class=\"x1l90r2v x1iorvi4 x1ye3gou xn6708d\" data-ad-comet-preview=\"message\" data-ad-preview=\"message\">\n<div class=\"x78zum5 xdt5ytf xz62fqu x16ldp7u\">\n<div class=\"xu06os2 x1ok221b\">\n<div class=\"xdj266r x11i5rnm xat24cr x1mh8g0r x1vvkbs x126k92a\">\n<h3><strong>A zat\u00edm posledn\u00ed, Lenka \u0160im\u016fnkov\u00e1<\/strong><\/h3>\n<div dir=\"auto\">Mil\u00e1 pan\u00ed Lenko,<\/div>\n<\/div>\n<div class=\"x11i5rnm xat24cr x1mh8g0r x1vvkbs xtlvy1s x126k92a\">\n<div dir=\"auto\">ani nev\u00edm, kde za\u010d\u00edt. Snad jen\u2026..Promi\u0148te.<\/div>\n<\/div>\n<div class=\"x11i5rnm xat24cr x1mh8g0r x1vvkbs xtlvy1s x126k92a\">\n<div dir=\"auto\">Cel\u00fd v\u00edkend mi bylo t\u011b\u017eko. I j\u00e1 sama jsem sed\u011bla v tichu a c\u00edtila, jak se ze v\u0161eho, co se d\u011bje v na\u0161\u00ed zemi, dus\u00edm.<\/div>\n<div dir=\"auto\">Z toho, co se d\u011bje u\u017e dlouho &#8211; a my jsme si na to zvykli ml\u010det. Zvykli jsme si b\u00fdt zahn\u00e1ni do kouta.<\/div>\n<\/div>\n<div class=\"x11i5rnm xat24cr x1mh8g0r x1vvkbs xtlvy1s x126k92a\">\n<div dir=\"auto\">A pak p\u0159i\u0161la zpr\u00e1va o V\u00e1s. A mn\u011b se zastavil dech.<\/div>\n<\/div>\n<div class=\"x11i5rnm xat24cr x1mh8g0r x1vvkbs xtlvy1s x126k92a\">\n<div dir=\"auto\">Promi\u0148te za v\u0161echna slova, kter\u00e1 jste m\u011bla sly\u0161et &#8211; a kter\u00e1 nikdo ne\u0159ekl.<\/div>\n<div dir=\"auto\">Promi\u0148te za ml\u010den\u00ed.<\/div>\n<div dir=\"auto\">Za to, \u017ee jste z\u016fstala v bolesti sama.<\/div>\n<div dir=\"auto\">Za to, \u017ee jsme V\u00e1s nedok\u00e1zali ochr\u00e1nit.<\/div>\n<\/div>\n<div class=\"x11i5rnm xat24cr x1mh8g0r x1vvkbs xtlvy1s x126k92a\">\n<div dir=\"auto\">Cht\u011bla jste jedin\u00e9 &#8211; pravdu o tom, pro\u010d se Va\u0161e dcera nevr\u00e1tila ze \u0161koly dom\u016f.<\/div>\n<div dir=\"auto\">A m\u00edsto odpov\u011bd\u00ed p\u0159i\u0161lo ml\u017een\u00ed.<\/div>\n<div dir=\"auto\">M\u00edsto empatie &#8211; odstup.<\/div>\n<div dir=\"auto\">M\u00edsto podpory &#8211; ticho.<\/div>\n<div dir=\"auto\">A p\u0159esto jste to nevzdala.<\/div>\n<div dir=\"auto\">Ptala jste se, i kdy\u017e V\u00e1s necht\u011bli sly\u0161et.<\/div>\n<div dir=\"auto\">Bojovala jste, i kdy\u017e jste z\u016fst\u00e1vala sama.<\/div>\n<\/div>\n<div class=\"x11i5rnm xat24cr x1mh8g0r x1vvkbs xtlvy1s x126k92a\">\n<div dir=\"auto\">Va\u0161e state\u010dnost byla v\u011bt\u0161\u00ed ne\u017e v\u0161echny tiskov\u00e9 konference t\u011bch, kdo m\u011bli jednat.<\/div>\n<div dir=\"auto\">Va\u0161e l\u00e1ska byla siln\u011bj\u0161\u00ed ne\u017e jejich ml\u010den\u00ed.<\/div>\n<div dir=\"auto\">A p\u0159esto nakonec p\u0159ev\u00e1\u017eila bolest.<\/div>\n<\/div>\n<div class=\"x11i5rnm xat24cr x1mh8g0r x1vvkbs xtlvy1s x126k92a\">\n<div dir=\"auto\">J\u00e1 tu te\u010f sed\u00edm a pt\u00e1m se, kolik toho je\u0161t\u011b mus\u00edme ztratit, ne\u017e n\u011bkdo \u0159ekne dost?<\/div>\n<div dir=\"auto\">N\u011bkdo, kdo m\u00e1 odpov\u011bdnost. A sv\u011bdom\u00ed.<\/div>\n<\/div>\n<div class=\"x11i5rnm xat24cr x1mh8g0r x1vvkbs xtlvy1s x126k92a\">\n<div dir=\"auto\">Pan\u00ed Lenko, v\u011b\u0159\u00edm, \u017ee tam, kde jste te\u010f, u\u017e \u017e\u00e1dn\u00e1 bolest nen\u00ed.<\/div>\n<div dir=\"auto\">A \u017ee jste op\u011bt se svou Eli\u0161kou.<\/div>\n<\/div>\n<div class=\"x11i5rnm xat24cr x1mh8g0r x1vvkbs xtlvy1s x126k92a\">\n<div dir=\"auto\">Pros\u00edm &#8211; \u0159ekn\u011bte j\u00ed, \u017ee v\u00edme, jak state\u010dn\u00e1 byla jej\u00ed m\u00e1ma.<\/div>\n<div dir=\"auto\">A \u017ee tady dole budeme d\u00e1l \u0159\u00edkat jej\u00ed jm\u00e9no &#8211; a tak\u00e9 to Va\u0161e.<\/div>\n<div dir=\"auto\">Se v\u0161\u00ed \u00factou. A s bolest\u00ed, kter\u00e1 nen\u00ed lhostejn\u00e1.<\/div>\n<\/div>\n<div class=\"x11i5rnm xat24cr x1mh8g0r x1vvkbs xtlvy1s x126k92a\">\n<div dir=\"auto\">D\u011bkujeme V\u00e1m, pan\u00ed Lenko. A promi\u0148te.<\/div>\n<\/div>\n<div class=\"x11i5rnm xat24cr x1mh8g0r x1vvkbs xtlvy1s x126k92a\">\n<div dir=\"auto\"><span class=\"html-span xdj266r x11i5rnm xat24cr x1mh8g0r xexx8yu x4uap5 x18d9i69 xkhd6sd x1hl2dhg x16tdsg8 x1vvkbs\"><a class=\"x1i10hfl xjbqb8w x1ejq31n xd10rxx x1sy0etr x17r0tee x972fbf xcfux6l x1qhh985 xm0m39n x9f619 x1ypdohk xt0psk2 xe8uvvx xdj266r x11i5rnm xat24cr x1mh8g0r xexx8yu x4uap5 x18d9i69 xkhd6sd x16tdsg8 x1hl2dhg xggy1nq x1a2a7pz xkrqix3 x1sur9pj x1fey0fg x1s688f\" tabindex=\"0\" role=\"link\" href=\"https:\/\/www.facebook.com\/zuzana.lili?__cft__[0]=AZV-KBMSDK7HOWVpSNbnUO_gl8t_KM5U64LNRA1R9Qdc5opmgFXhvmUiT_f5VcKU5ycNKhhaFgAEeaJ_ZIn0ZjYXYtIeUZ7KmxpK80Iq0olaFUBVO0cpn3gzgdCsUP-deho6fC7WDoA2TJj_NnfUntGp-cc9_aVrZW0FlL5IBqGmPpZ7FfcXiAapsQZA07qHbfo&amp;__tn__=-]K-R\"><span class=\"xt0psk2\"><span class=\"xjp7ctv\">Zuzana<\/span><\/span><\/a><\/p>\n<p><a href=\"https:\/\/www.skrytapravda.cz\/z-domova\/2513-potoky-krve-za-ministrem-rakusanem-a-justice-je-stale-nema-dalsi-obet-teto-krvave-vlady\">Petr Pokorn\u00fd<\/a><\/span><\/div>\n<div><\/div>\n<\/div>\n<\/div>\n<\/div>\n<\/div>\n<\/div>\n<\/div>\n<\/div>\n","protected":false},"excerpt":{"rendered":"<p>Kolik je\u0161t\u011b sebevra\u017ed mus\u00ed b\u00fdt, ne\u017e justice za\u010dne konat? Kolik kv\u011btin bude je\u0161t\u011b p\u0159ed vl\u00e1dou,&#8230;<\/p>\n","protected":false},"author":2,"featured_media":76350,"comment_status":"closed","ping_status":"closed","sticky":false,"template":"","format":"standard","meta":[],"categories":[6],"tags":[8905,6532,918,8906,695,99],"_links":{"self":[{"href":"https:\/\/www.infokuryr.cz\/n\/wp-json\/wp\/v2\/posts\/76349"}],"collection":[{"href":"https:\/\/www.infokuryr.cz\/n\/wp-json\/wp\/v2\/posts"}],"about":[{"href":"https:\/\/www.infokuryr.cz\/n\/wp-json\/wp\/v2\/types\/post"}],"author":[{"embeddable":true,"href":"https:\/\/www.infokuryr.cz\/n\/wp-json\/wp\/v2\/users\/2"}],"replies":[{"embeddable":true,"href":"https:\/\/www.infokuryr.cz\/n\/wp-json\/wp\/v2\/comments?post=76349"}],"version-history":[{"count":0,"href":"https:\/\/www.infokuryr.cz\/n\/wp-json\/wp\/v2\/posts\/76349\/revisions"}],"wp:featuredmedia":[{"embeddable":true,"href":"https:\/\/www.infokuryr.cz\/n\/wp-json\/wp\/v2\/media\/76350"}],"wp:attachment":[{"href":"https:\/\/www.infokuryr.cz\/n\/wp-json\/wp\/v2\/media?parent=76349"}],"wp:term":[{"taxonomy":"category","embeddable":true,"href":"https:\/\/www.infokuryr.cz\/n\/wp-json\/wp\/v2\/categories?post=76349"},{"taxonomy":"post_tag","embeddable":true,"href":"https:\/\/www.infokuryr.cz\/n\/wp-json\/wp\/v2\/tags?post=76349"}],"curies":[{"name":"wp","href":"https:\/\/api.w.org\/{rel}","templated":true}]}}