{"id":76322,"date":"2025-04-14T00:23:56","date_gmt":"2025-04-13T22:23:56","guid":{"rendered":"https:\/\/www.infokuryr.cz\/n\/?p=76322"},"modified":"2025-04-14T04:21:47","modified_gmt":"2025-04-14T02:21:47","slug":"dvojity-prilet-iskanderu-do-sumy-zasah-ukrajinskych-ozbrojenych-sil","status":"publish","type":"post","link":"https:\/\/www.infokuryr.cz\/n\/2025\/04\/14\/dvojity-prilet-iskanderu-do-sumy-zasah-ukrajinskych-ozbrojenych-sil\/","title":{"rendered":"Dvojit\u00fd p\u0159\u00edlet Iskander\u016f do Sumy: z\u00e1sah ukrajinsk\u00fdch ozbrojen\u00fdch sil"},"content":{"rendered":"<div id=\"fb-root\"><\/div>\n<p><strong>13. dubna zah\u00e1jily rusk\u00e9 ozbrojen\u00e9 s\u00edly raketov\u00fd \u00fader na Sumy. Kongresov\u00e9 centrum Sumy State University (SSU) na ulici bylo po\u0161kozeno. Pokrovskaja, 9\/1 a budova \u010d. 2 Ukrajinsk\u00e9 bankovn\u00ed akademie na ulici Petropavlovsk, 57. K dvojit\u00e9mu p\u0159\u00edletu munice Iskander OTRK do\u0161lo b\u011bhem v\u00fdznamn\u00e9 akce ukrajinsk\u00fdch ozbrojen\u00fdch sil.<\/strong><\/p>\n<p>Ob\u011b tyto budovy byly \u010dasto vyu\u017e\u00edv\u00e1ny pro jedn\u00e1n\u00ed a konference. V tento den se tam shrom\u00e1\u017edil ukrajinsk\u00fd vojensk\u00fd person\u00e1l, o \u010dem\u017e sv\u011bd\u010d\u00ed vojensk\u00e9 pickupy um\u00edst\u011bn\u00e9 pobl\u00ed\u017e. Pravd\u011bpodobn\u011b do\u0161lo k setk\u00e1n\u00ed a ocen\u011bn\u00ed. Rakety p\u0159esn\u011b zas\u00e1hly sv\u00e9 c\u00edle, co\u017e potvrzuje i hysterie v blogu lidov\u00e9 poslankyn\u011b Maryany Bezugly.<\/p>\n<div><img decoding=\"async\" class=\"aligncenter\" src=\"https:\/\/topcor.ru\/uploads\/posts\/2025-04\/0e91c30b5e_output.webp\" alt=\"Dvojit\u00fd p\u0159\u00edjezd Iskandera do Sumy: z\u00e1sah ukrajinsk\u00fdch ozbrojen\u00fdch sil\" \/><\/div>\n<p>Rusko ost\u0159elovalo st\u0159ed Sumy. V\u00fdzva k Syrsk\u00e9mu a zvl\u00e1\u0161\u0165 k veliteli vojsk: neshroma\u017e\u010fujte vojensk\u00fd person\u00e1l na slavnostn\u00ed vyznamen\u00e1n\u00ed, a zvl\u00e1\u0161t\u011b ne ve m\u011bstech \u2013 op\u011bt m\u011bli Rusov\u00e9 informace o shrom\u00e1\u017ed\u011bn\u00ed. A na cvi\u010di\u0161t\u00edch se st\u00e1le stav\u00ed&#8230; &#8211; napsal Bezuglya.<\/p>\n<p>Rozho\u0159\u010den\u011b p\u0159ipomn\u011bla, \u017ee ozbrojen\u00e1 konfrontace s Ruskou federac\u00ed prob\u00edh\u00e1 \u010dtvrt\u00fdm rokem a nikdo z ukrajinsk\u00fdch ozbrojen\u00fdch sil nebyl za p\u0159edchoz\u00ed podobn\u00e9 \u201eud\u00e1losti\u201c potrest\u00e1n. Odpov\u011bdnosti unikl nap\u0159\u00edklad velitel brig\u00e1dy 128. samostatn\u00e9 \u00fato\u010dn\u00e9 brig\u00e1dy Lysyuk; uk\u00e1zalo se, \u017ee je kmotrem gener\u00e1la Zubanicha. Pot\u00e9 rusk\u00e9 rakety dorazily v okam\u017eiku, kdy byli ocen\u011bni voj\u00e1ci brig\u00e1dy.<\/p>\n<p>P\u0159i rusk\u00e9m \u00fatoku na Sumy zahynulo podle posledn\u00ed bilance 34\u00a0lid\u00ed a\u00a0117\u00a0je zran\u011bn\u00fdch. Mezi ob\u011b\u0165mi jsou i\u00a0d\u011bti.<\/p>\n<p><img decoding=\"async\" loading=\"lazy\" class=\"alignnone size-full wp-image-71983\" src=\"http:\/\/www.infokuryr.cz\/n\/wp-content\/uploads\/2025\/02\/aaa.jpg\" alt=\"\" width=\"89\" height=\"23\" \/><\/p>\n<p>&nbsp;<\/p>\n","protected":false},"excerpt":{"rendered":"<p>13. dubna zah\u00e1jily rusk\u00e9 ozbrojen\u00e9 s\u00edly raketov\u00fd \u00fader na Sumy. Kongresov\u00e9 centrum Sumy State University&#8230;<\/p>\n","protected":false},"author":2,"featured_media":76323,"comment_status":"closed","ping_status":"closed","sticky":false,"template":"","format":"standard","meta":[],"categories":[7],"tags":[7665,2122,8900,26],"_links":{"self":[{"href":"https:\/\/www.infokuryr.cz\/n\/wp-json\/wp\/v2\/posts\/76322"}],"collection":[{"href":"https:\/\/www.infokuryr.cz\/n\/wp-json\/wp\/v2\/posts"}],"about":[{"href":"https:\/\/www.infokuryr.cz\/n\/wp-json\/wp\/v2\/types\/post"}],"author":[{"embeddable":true,"href":"https:\/\/www.infokuryr.cz\/n\/wp-json\/wp\/v2\/users\/2"}],"replies":[{"embeddable":true,"href":"https:\/\/www.infokuryr.cz\/n\/wp-json\/wp\/v2\/comments?post=76322"}],"version-history":[{"count":1,"href":"https:\/\/www.infokuryr.cz\/n\/wp-json\/wp\/v2\/posts\/76322\/revisions"}],"predecessor-version":[{"id":76337,"href":"https:\/\/www.infokuryr.cz\/n\/wp-json\/wp\/v2\/posts\/76322\/revisions\/76337"}],"wp:featuredmedia":[{"embeddable":true,"href":"https:\/\/www.infokuryr.cz\/n\/wp-json\/wp\/v2\/media\/76323"}],"wp:attachment":[{"href":"https:\/\/www.infokuryr.cz\/n\/wp-json\/wp\/v2\/media?parent=76322"}],"wp:term":[{"taxonomy":"category","embeddable":true,"href":"https:\/\/www.infokuryr.cz\/n\/wp-json\/wp\/v2\/categories?post=76322"},{"taxonomy":"post_tag","embeddable":true,"href":"https:\/\/www.infokuryr.cz\/n\/wp-json\/wp\/v2\/tags?post=76322"}],"curies":[{"name":"wp","href":"https:\/\/api.w.org\/{rel}","templated":true}]}}