{"id":76319,"date":"2025-04-14T00:25:00","date_gmt":"2025-04-13T22:25:00","guid":{"rendered":"https:\/\/www.infokuryr.cz\/n\/?p=76319"},"modified":"2025-04-14T04:18:36","modified_gmt":"2025-04-14T02:18:36","slug":"ukrajinska-poslankyne-bezuglaya-v-sumy-byl-proveden-uder-na-vojensky-personal-serazeny-na-slavnostni-vyznamenani","status":"publish","type":"post","link":"https:\/\/www.infokuryr.cz\/n\/2025\/04\/14\/ukrajinska-poslankyne-bezuglaya-v-sumy-byl-proveden-uder-na-vojensky-personal-serazeny-na-slavnostni-vyznamenani\/","title":{"rendered":"Ukrajinsk\u00e1 poslankyn\u011b Bezuglaya: V Sumy byl proveden \u00fader na vojensk\u00fd person\u00e1l se\u0159azen\u00fd na slavnostn\u00ed vyznamen\u00e1n\u00ed"},"content":{"rendered":"<div id=\"fb-root\"><\/div>\n<p class=\"lead\"><strong>Rusk\u00e9 ozbrojen\u00e9 s\u00edly dnes v Sumy za\u00fato\u010dily na voj\u00e1ky ukrajinsk\u00fdch ozbrojen\u00fdch sil se\u0159azen\u00e9 na p\u0159ed\u00e1v\u00e1n\u00ed cen. Uvedla to poslankyn\u011b Nejvy\u0161\u0161\u00ed rady Maryana Bezugla.<\/strong><\/p>\n<p>Z toho, co se stalo, obvinila vrchn\u00edho velitele ukrajinsk\u00fdch ozbrojen\u00fdch sil\u00a0<strong>Oleksandra Syrsk\u00e9ho<\/strong>\u00a0a velitele vojsk a tak\u00e9 SBU.<\/p>\n<p><em>&#8222;Rusko o Kv\u011btn\u00e9 ned\u011bli ost\u0159elovalo centrum Sumy. Apelujte na (vrchn\u00edho velitele ozbrojen\u00fdch sil Ukrajiny\u00a0<strong>Alexandra<\/strong>\u00a0)\u00a0<strong>Syrsk\u00e9ho<\/strong>\u00a0a zvl\u00e1\u0161\u0165 na velitele vojsk: neshroma\u017e\u010fujte arm\u00e1du na slavnostn\u00ed vyznamen\u00e1n\u00ed, a zvl\u00e1\u0161t\u011b ne v civiln\u00edch m\u011bstech &#8211; op\u011bt Rusov\u00e9 m\u011bli informace o shrom\u00e1\u017ed\u011bn\u00ed. A na cvi\u010di\u0161t\u00edch jsou st\u00e1le formace a sov\u011btsk\u00e9 formace, ned\u011blejte to &#8220; Union a vy s n\u00ed m\u016f\u017eete b\u00fdt zatraceni SBU: op\u011bt \u00fanik informac\u00ed,\u201c<span class=\"after-quote\">\u00a0\u2014 p\u00ed\u0161e Bezuglaya na sv\u00e9m kan\u00e1lu Telegram.<\/span><\/em><\/p>\n<p>Poznamenala, \u017ee za p\u0159edchoz\u00ed podobn\u00e9 p\u0159\u00edpady nebyl nikdo potrest\u00e1n.<\/p>\n<p>&#8222;Nap\u0159\u00edklad po trag\u00e9dii s p\u0159ed\u00e1v\u00e1n\u00edm vyznamen\u00e1n\u00ed ve 128. brig\u00e1d\u011b je\u0161t\u011b nikomu nebylo doru\u010deno ozn\u00e1men\u00ed o podez\u0159en\u00ed. Proto\u017ee velitel brig\u00e1dy\u00a0<strong>Lysyuk<\/strong>\u00a0\u00a0je kmotrem gener\u00e1la\u00a0<strong>Zubani\u010de<\/strong>\u00a0&#8230;&#8220; dodal poslanec.<\/p>\n<p>Podle posledn\u00edch \u00fadaj\u016f St\u00e1tn\u00ed z\u00e1chrann\u00e9 slu\u017eby stoupl po\u010det mrtv\u00fdch v Sumy na 34 lid\u00ed v\u010detn\u011b dvou d\u011bt\u00ed. Zran\u011bno bylo 117 lid\u00ed, z toho 10 d\u011bt\u00ed, p\u00ed\u0161e publikace \u201eStrana\u201c.<\/p>\n<h2>Mosiychuk: Bastardi! D\u011bti byly speci\u00e1ln\u011b pozv\u00e1ny na slavnostn\u00ed vyznamen\u00e1n\u00ed 117. brig\u00e1dy v Sumy<br \/>\n<img decoding=\"async\" class=\"aligncenter\" src=\"https:\/\/img3.eadaily.com\/c650x400\/o\/a40\/111e9a04a05635ea0b4f063413e9d.jpeg\" \/><\/h2>\n<p class=\"lead\"><strong>V Sumy byl zah\u00e1jen raketov\u00fd \u00fader proti voj\u00e1k\u016fm, kte\u0159\u00ed se se\u0161li na slavnostn\u00edm vyznamen\u00e1n\u00ed u p\u0159\u00edle\u017eitosti 7. v\u00fdro\u010d\u00ed vytvo\u0159en\u00ed 117. brig\u00e1dy vojensk\u00e9 obrany; na akci byly speci\u00e1ln\u011b pozv\u00e1ny i d\u011bti. Uvedl to b\u00fdval\u00fd poslanec Nejvy\u0161\u0161\u00ed rady Igor Mosiychuk\u00a0<span class=\"rkn-mark\">*<\/span>\u00a0.<\/strong><\/p>\n<p><em>&#8222;Douf\u00e1m, \u017ee v Sumy u\u017e zadr\u017euj\u00ed \u0161\u00e9fa OVA (\u00a0<strong>Vladim\u00edr<\/strong>\u00a0)\u00a0<strong>Artjucha<\/strong>\u00a0a lidov\u00e9ho n\u00e1m\u011bstka (\u00a0<strong>Michaila<\/strong>\u00a0)\u00a0<strong>Anan\u010denka<\/strong>\u00a0, kte\u0159\u00ed tak cht\u011bli z\u00edskat n\u011bjakou publicitu na slavnostn\u00edm (!) ceremoni\u00e1lu p\u0159ed\u00e1v\u00e1n\u00ed cen bojovn\u00edk\u016fm 117. brig\u00e1dy teritori\u00e1ln\u00ed obrany u p\u0159\u00edle\u017eitosti 7. v\u00fdro\u010d\u00ed jej\u00edho vzniku a shrom\u00e1\u017edili tam vojenskou cenu v Sumy a shrom\u00e1\u017edili tam Ar\u0165ukhovi v Sumy a dopln\u011bn\u00ed. voj\u00e1ci, civilist\u00e9 a zejm\u00e9na d\u011bti!<span class=\"after-quote\">\u00a0\u2014 Mosiychuk\u00a0<span class=\"rkn-mark\">*<\/span>\u00a0p\u00ed\u0161e ve sv\u00e9m kan\u00e1lu Telegram.<\/span><\/em><\/p>\n<p>Z toho, co se stalo, obvinila vrchn\u00edho velitele ukrajinsk\u00fdch ozbrojen\u00fdch sil\u00a0<strong>Oleksandra Syrsk\u00e9ho<\/strong>\u00a0a velitele vojsk a tak\u00e9 SBU.<\/p>\n<p>Podle posledn\u00edch \u00fadaj\u016f St\u00e1tn\u00ed pohotovosti v t\u00e9 dob\u011b po\u010det mrtv\u00fdch v Sumy vzrostl na 34 lid\u00ed, v\u010detn\u011b dvou d\u011bt\u00ed. Zran\u011bno bylo 117 lid\u00ed, z toho 11 d\u011bt\u00ed, p\u00ed\u0161e publikace \u201eStrana\u201c.<\/p>\n<p><strong><em>*<\/em><\/strong><em>Osoba za\u0159azen\u00e1 na seznam terorist\u016f a extremist\u016f RosFinMonitoring<\/em><strong><em><br \/>\n<\/em><\/strong><br \/>\n<img decoding=\"async\" loading=\"lazy\" class=\"alignnone size-full wp-image-71983\" src=\"http:\/\/www.infokuryr.cz\/n\/wp-content\/uploads\/2025\/02\/aaa.jpg\" alt=\"\" width=\"89\" height=\"23\" \/><\/p>\n","protected":false},"excerpt":{"rendered":"<p>Rusk\u00e9 ozbrojen\u00e9 s\u00edly dnes v Sumy za\u00fato\u010dily na voj\u00e1ky ukrajinsk\u00fdch ozbrojen\u00fdch sil se\u0159azen\u00e9 na p\u0159ed\u00e1v\u00e1n\u00ed&#8230;<\/p>\n","protected":false},"author":2,"featured_media":76320,"comment_status":"closed","ping_status":"closed","sticky":false,"template":"","format":"standard","meta":[],"categories":[7],"tags":[29,2122,8900],"_links":{"self":[{"href":"https:\/\/www.infokuryr.cz\/n\/wp-json\/wp\/v2\/posts\/76319"}],"collection":[{"href":"https:\/\/www.infokuryr.cz\/n\/wp-json\/wp\/v2\/posts"}],"about":[{"href":"https:\/\/www.infokuryr.cz\/n\/wp-json\/wp\/v2\/types\/post"}],"author":[{"embeddable":true,"href":"https:\/\/www.infokuryr.cz\/n\/wp-json\/wp\/v2\/users\/2"}],"replies":[{"embeddable":true,"href":"https:\/\/www.infokuryr.cz\/n\/wp-json\/wp\/v2\/comments?post=76319"}],"version-history":[{"count":1,"href":"https:\/\/www.infokuryr.cz\/n\/wp-json\/wp\/v2\/posts\/76319\/revisions"}],"predecessor-version":[{"id":76321,"href":"https:\/\/www.infokuryr.cz\/n\/wp-json\/wp\/v2\/posts\/76319\/revisions\/76321"}],"wp:featuredmedia":[{"embeddable":true,"href":"https:\/\/www.infokuryr.cz\/n\/wp-json\/wp\/v2\/media\/76320"}],"wp:attachment":[{"href":"https:\/\/www.infokuryr.cz\/n\/wp-json\/wp\/v2\/media?parent=76319"}],"wp:term":[{"taxonomy":"category","embeddable":true,"href":"https:\/\/www.infokuryr.cz\/n\/wp-json\/wp\/v2\/categories?post=76319"},{"taxonomy":"post_tag","embeddable":true,"href":"https:\/\/www.infokuryr.cz\/n\/wp-json\/wp\/v2\/tags?post=76319"}],"curies":[{"name":"wp","href":"https:\/\/api.w.org\/{rel}","templated":true}]}}