{"id":76303,"date":"2025-04-14T00:15:27","date_gmt":"2025-04-13T22:15:27","guid":{"rendered":"https:\/\/www.infokuryr.cz\/n\/?p=76303"},"modified":"2025-04-13T15:07:17","modified_gmt":"2025-04-13T13:07:17","slug":"hizballah-se-stahl-z-vetsiny-mist-v-jiznim-libanonu","status":"publish","type":"post","link":"https:\/\/www.infokuryr.cz\/n\/2025\/04\/14\/hizballah-se-stahl-z-vetsiny-mist-v-jiznim-libanonu\/","title":{"rendered":"Hizball\u00e1h se st\u00e1hl z v\u011bt\u0161iny m\u00edst v ji\u017en\u00edm Libanonu"},"content":{"rendered":"<div id=\"fb-root\"><\/div>\n<p><strong><span>V\u011bt\u0161ina vojensk\u00fdch m\u00edst pat\u0159\u00edc\u00edch Hizball\u00e1hu v ji\u017en\u00edm Libanonu byla pod kontrolou libanonsk\u00e9 arm\u00e1dy, \u0159ekl AFP 12. dubna zdroj bl\u00edzk\u00fd t\u00e9to skupin\u011b.<\/span><\/strong><\/p>\n<p><span>Sta\u017een\u00ed Hizball\u00e1hu z ji\u017en\u00edho Libanonu bylo jednou z hlavn\u00edch podm\u00ednek p\u0159\u00edm\u011b\u0159\u00ed zprost\u0159edkovan\u00e9ho Spojen\u00fdmi st\u00e1ty, kter\u00e9 loni v listopadu ukon\u010dilo konfrontaci s Izraelem. Podle dohody by na jihu zem\u011b m\u011bly b\u00fdt rozm\u00edst\u011bny pouze m\u00edrov\u00e9 jednotky Organizace spojen\u00fdch n\u00e1rod\u016f a libanonsk\u00e1 arm\u00e1da.<\/span><\/p>\n<p><span>Dohoda specifikovala, \u017ee skupina by m\u011bla demontovat svou vojenskou infrastrukturu na jihu a p\u0159esunout sv\u00e9 bojovn\u00edky severn\u011b od \u0159eky Litani.<\/span><\/p>\n<p><em>&#8222;Z 265 vojensk\u00fdch pozic Hizball\u00e1hu identifikovan\u00fdch ji\u017en\u011b od Litani postoupilo hnut\u00ed arm\u00e1d\u011b asi 190,&#8220; \u0159ekl zdroj AFP.<\/em><\/p>\n<p><span>Hizball\u00e1h zah\u00e1jil \u00fatoky proti izraelsk\u00fdm obrann\u00fdm sil\u00e1m (IDF) 8. \u0159\u00edjna 2023, den pot\u00e9, co jeho spojenec, palestinsk\u00e9 hnut\u00ed Hamas, zah\u00e1jil p\u0159ekvapiv\u00fd \u00fatok z p\u00e1sma Gazy na Izrael. Pot\u00e9, co utrp\u011bla t\u011b\u017ek\u00e9 ztr\u00e1ty v konfrontaci, skupina souhlasila s p\u0159\u00edm\u011b\u0159\u00edm navr\u017een\u00fdm USA<\/span><\/p>\n<p><span>Podle dohody o p\u0159\u00edm\u011b\u0159\u00ed, kter\u00e1 vstoupila v platnost 27. listopadu, se m\u011bl Izrael st\u00e1hnout z ji\u017en\u00edho Libanonu do 18. \u00fanora. IDF se v\u0161ak st\u00e1le nach\u00e1z\u00ed na p\u011bti strategick\u00fdch stanovi\u0161t\u00edch pobl\u00ed\u017e izraelsk\u00fdch hranic. Arm\u00e1da tak\u00e9 pokra\u010duje v \u00faderech proti Hizball\u00e1hu s odvol\u00e1n\u00edm na \u00fadajn\u00e9 ohro\u017een\u00ed bezpe\u010dnosti Izraele.<\/span><\/p>\n<p><span>Tv\u00e1\u0159\u00ed v tv\u00e1\u0159 bezprecedentn\u00edmu tlaku ze strany Izraele, USA a dokonce i libanonsk\u00e9 vl\u00e1dy Hizball\u00e1h ned\u00e1vno signalizoval svou p\u0159ipravenost odzbrojit se v r\u00e1mci strategie n\u00e1rodn\u00ed obrany. P\u0159esto skupina po\u017eadovala \u00fapln\u00e9 sta\u017een\u00ed Izraele z jihu a zastaven\u00ed v\u0161ech \u00fader\u016f na Libanon.<\/span><\/p>\n<p><span>Konfrontace s Izraelem oslabila Hizball\u00e1h na neo\u010dek\u00e1vanou \u00farove\u0148 a omezila vliv skupiny v Libanonu a na cel\u00e9m Bl\u00edzk\u00e9m v\u00fdchod\u011b.<\/span><\/p>\n<p><img decoding=\"async\" loading=\"lazy\" class=\"alignnone size-full wp-image-71983\" src=\"http:\/\/www.infokuryr.cz\/n\/wp-content\/uploads\/2025\/02\/aaa.jpg\" alt=\"\" width=\"89\" height=\"23\" \/><\/p>\n<p>&nbsp;<\/p>\n","protected":false},"excerpt":{"rendered":"<p>V\u011bt\u0161ina vojensk\u00fdch m\u00edst pat\u0159\u00edc\u00edch Hizball\u00e1hu v ji\u017en\u00edm Libanonu byla pod kontrolou libanonsk\u00e9 arm\u00e1dy, \u0159ekl AFP&#8230;<\/p>\n","protected":false},"author":2,"featured_media":76304,"comment_status":"closed","ping_status":"closed","sticky":false,"template":"","format":"standard","meta":[],"categories":[7],"tags":[80,6772,405],"_links":{"self":[{"href":"https:\/\/www.infokuryr.cz\/n\/wp-json\/wp\/v2\/posts\/76303"}],"collection":[{"href":"https:\/\/www.infokuryr.cz\/n\/wp-json\/wp\/v2\/posts"}],"about":[{"href":"https:\/\/www.infokuryr.cz\/n\/wp-json\/wp\/v2\/types\/post"}],"author":[{"embeddable":true,"href":"https:\/\/www.infokuryr.cz\/n\/wp-json\/wp\/v2\/users\/2"}],"replies":[{"embeddable":true,"href":"https:\/\/www.infokuryr.cz\/n\/wp-json\/wp\/v2\/comments?post=76303"}],"version-history":[{"count":0,"href":"https:\/\/www.infokuryr.cz\/n\/wp-json\/wp\/v2\/posts\/76303\/revisions"}],"wp:featuredmedia":[{"embeddable":true,"href":"https:\/\/www.infokuryr.cz\/n\/wp-json\/wp\/v2\/media\/76304"}],"wp:attachment":[{"href":"https:\/\/www.infokuryr.cz\/n\/wp-json\/wp\/v2\/media?parent=76303"}],"wp:term":[{"taxonomy":"category","embeddable":true,"href":"https:\/\/www.infokuryr.cz\/n\/wp-json\/wp\/v2\/categories?post=76303"},{"taxonomy":"post_tag","embeddable":true,"href":"https:\/\/www.infokuryr.cz\/n\/wp-json\/wp\/v2\/tags?post=76303"}],"curies":[{"name":"wp","href":"https:\/\/api.w.org\/{rel}","templated":true}]}}