{"id":76297,"date":"2025-04-14T00:21:35","date_gmt":"2025-04-13T22:21:35","guid":{"rendered":"https:\/\/www.infokuryr.cz\/n\/?p=76297"},"modified":"2025-04-13T15:08:09","modified_gmt":"2025-04-13T13:08:09","slug":"thomas-roper-proc-jsou-zapadni-sankce-v-rozporu-s-mezinarodnim-pravem","status":"publish","type":"post","link":"https:\/\/www.infokuryr.cz\/n\/2025\/04\/14\/thomas-roper-proc-jsou-zapadni-sankce-v-rozporu-s-mezinarodnim-pravem\/","title":{"rendered":"Thomas R\u00f6per: Pro\u010d jsou z\u00e1padn\u00ed sankce v rozporu s mezin\u00e1rodn\u00edm pr\u00e1vem"},"content":{"rendered":"<div id=\"fb-root\"><\/div>\n<p><strong>V\u017edy se m\u011b ptaj\u00ed, pro\u010d tvrd\u00edm, \u017ee z\u00e1padn\u00ed sankce proti Rusku, \u00cdr\u00e1nu, S\u00fdrii, Venezuele a tak d\u00e1le jsou v rozporu s mezin\u00e1rodn\u00edm pr\u00e1vem. Proto je \u010das to vysv\u011btlit v samostatn\u00e9m \u010dl\u00e1nku.<\/strong><\/p>\n<p>\u010cten\u00e1\u0159i se m\u011b \u010dasto ptaj\u00ed, pro\u010d tvrd\u00edm, \u017ee sankce, kter\u00e9 Z\u00e1pad jednostrann\u011b uvaluje na v\u0161emo\u017en\u00e9 zem\u011b sv\u011bta, jsou v rozporu s mezin\u00e1rodn\u00edm pr\u00e1vem. Koneckonc\u016f, \u0159\u00edk\u00e1 se mi, \u017ee ka\u017ed\u00e1 zem\u011b na sv\u011bt\u011b se m\u016f\u017ee sama rozhodnout, se kterou zem\u00ed chce obchodovat a za jak\u00fdch podm\u00ednek.<\/p>\n<p>To je tak\u00e9 pravda, ale sankce jsou n\u011bco jin\u00e9ho. Sankce znamenaj\u00ed, \u017ee sank\u010dn\u00ed zem\u011b po\u017eaduj\u00ed \u2013 a n\u011bkdy se sna\u017e\u00ed vyd\u00edrat \u2013 ostatn\u00ed zem\u011b, aby se k uvalen\u00fdm sankc\u00edm p\u0159ipojily, n\u011bkdy jim hroz\u00ed dal\u0161\u00edmi sankcemi. A podle\u00a0<a href=\"https:\/\/unric.org\/de\/charta\/#kapitel7\">Charty OSN<\/a>\u00a0, z\u00e1kladu dne\u0161n\u00edho mezin\u00e1rodn\u00edho pr\u00e1va, to sm\u00ed \u010dinit pouze Rada bezpe\u010dnosti OSN, nikoli v\u0161ak \u017e\u00e1dn\u00e1 zem\u011b nebo skupina zem\u00ed.<\/p>\n<p>Poj\u010fme si to tedy proj\u00edt, abychom to pochopili.<\/p>\n<h4>V \u010dl\u00e1nku 2.7 Charty OSN se dozv\u00edd\u00e1me:<\/h4>\n<p><em>\u201eNic v t\u00e9to Chart\u011b nelze vykl\u00e1dat tak, \u017ee oprav\u0148uje Organizaci spojen\u00fdch n\u00e1rod\u016f zasahovat do z\u00e1le\u017eitost\u00ed, kter\u00e9 svou povahou spadaj\u00ed do dom\u00e1c\u00ed pravomoci kter\u00e9hokoli st\u00e1tu, nebo jako zavazuj\u00edc\u00ed \u010dleny p\u0159edlo\u017eit takov\u00e9 z\u00e1le\u017eitosti k \u0159e\u0161en\u00ed v souladu s touto Chartou; pou\u017eit\u00ed donucovac\u00edch prost\u0159edk\u016f podle kapitoly VII nen\u00ed touto z\u00e1sadou dot\u010deno.\u201c<\/em><\/p>\n<p>Podle Charty OSN nesm\u00ed OSN ani \u017e\u00e1dn\u00fd st\u00e1t zasahovat do vnit\u0159n\u00edch z\u00e1le\u017eitost\u00ed jin\u00fdch st\u00e1t\u016f. Donucovac\u00ed opat\u0159en\u00ed, jako jsou sankce nebo dokonce vojensk\u00e1 s\u00edla, jsou v\u00fdjimkou a jsou upravena v kapitole VII Charty OSN.<\/p>\n<h4>Pod\u00edvejme se tedy na kapitolu VII, kter\u00e1 nese n\u00e1zev \u201eOpat\u0159en\u00ed v p\u0159\u00edpad\u011b ohro\u017een\u00ed nebo naru\u0161en\u00ed m\u00edru a v p\u0159\u00edpad\u011b agrese\u201c. Za\u010d\u00edn\u00e1 \u010dl\u00e1nkem 39, kter\u00fd zn\u00ed:<\/h4>\n<p><em>\u201eRada bezpe\u010dnosti rozhodne, zda do\u0161lo k ohro\u017een\u00ed m\u00edru, k poru\u0161en\u00ed m\u00edru nebo k aktu agrese, vyd\u00e1 doporu\u010den\u00ed nebo rozhodne o opat\u0159en\u00edch, kter\u00e1 maj\u00ed b\u00fdt p\u0159ijata podle \u010dl\u00e1nk\u016f 41 a 42 za \u00fa\u010delem udr\u017een\u00ed nebo obnoven\u00ed mezin\u00e1rodn\u00edho m\u00edru a bezpe\u010dnosti.<\/em><\/p>\n<p>Podle mezin\u00e1rodn\u00edho pr\u00e1va jsou donucovac\u00ed opat\u0159en\u00ed, v\u010detn\u011b sankc\u00ed, povolena pouze v p\u0159\u00edpad\u011b, \u017ee Rada bezpe\u010dnosti OSN rozhodne, \u017ee existuje \u201ehrozba nebo poru\u0161en\u00ed m\u00edru nebo akt agrese\u201c. Rada bezpe\u010dnosti OSN tak ale neu\u010dinila v p\u0159\u00edpad\u011b Ruska, Venezuely, S\u00fdrie, B\u011bloruska a tak d\u00e1le, a proto donucovac\u00ed opat\u0159en\u00ed, tedy sankce v\u016f\u010di t\u011bmto zem\u00edm mezin\u00e1rodn\u00ed pr\u00e1vo nep\u0159ipou\u0161t\u00ed.<\/p>\n<p>Kdo argumentuje v p\u0159\u00edpad\u011b Ruska nap\u0159\u00edklad t\u00edm, \u017ee to nevzniklo jen proto, \u017ee tomu zabr\u00e1nilo Rusko a pravd\u011bpodobn\u011b i \u010c\u00edna sv\u00fdm pr\u00e1vem veta v Rad\u011b bezpe\u010dnosti OSN, m\u00e1 samoz\u0159ejm\u011b pravdu, ale to nic nem\u011bn\u00ed na tom, \u017ee je to takto upraveno v mezin\u00e1rodn\u00edm pr\u00e1vu.<\/p>\n<p>Opa\u010dn\u011b to platilo i v p\u0159\u00edpad\u011b mnoha \u00fato\u010dn\u00fdch v\u00e1lek, kter\u00e9 vedly USA, nap\u0159\u00edklad v Ir\u00e1ku, kde by tomu USA a jejich spojenci Velk\u00e1 Brit\u00e1nie a Francie zabr\u00e1nili vetem, pokud by ostatn\u00ed st\u00e1ty v Rad\u011b bezpe\u010dnosti OSN po\u017eadovaly, aby byly v\u00e1lky USA klasifikov\u00e1ny jako \u201ehrozba nebo poru\u0161en\u00ed m\u00edru nebo akt agrese\u201c a uvalen\u00ed sankc\u00ed na USA. A to plat\u00ed nap\u0159\u00edklad i pro v\u00e1lku, kterou v sou\u010dasnosti vede Izrael proti Palestinc\u016fm s podporou Z\u00e1padu \u2013 USA, Velk\u00e1 Brit\u00e1nie a Francie by vyu\u017eily sv\u00e9ho pr\u00e1va veta, aby zabr\u00e1nily tomu, aby to bylo klasifikov\u00e1no jako ohro\u017een\u00ed nebo poru\u0161en\u00ed m\u00edru nebo akt agrese a n\u00e1sledn\u011b uvalen\u00ed sankc\u00ed na Izrael.<\/p>\n<h4>Donucovac\u00ed opat\u0159en\u00ed, kter\u00e1 jsou mo\u017en\u00e1 v p\u0159\u00edpad\u011b, \u017ee Rada bezpe\u010dnosti OSN rozhodla, \u017ee do\u0161lo k \u201eohro\u017een\u00ed nebo poru\u0161en\u00ed m\u00edru nebo aktu agrese\u201c, jsou upravena v n\u00e1sleduj\u00edc\u00edch \u010dl\u00e1nc\u00edch. \u010cl\u00e1nek 41 se zab\u00fdv\u00e1 sankcemi a uv\u00e1d\u00ed:<\/h4>\n<p><em>&#8222;Rada bezpe\u010dnosti m\u016f\u017ee rozhodnout, jak\u00e1 opat\u0159en\u00ed, s v\u00fdjimkou pou\u017eit\u00ed ozbrojen\u00e9 s\u00edly, budou p\u0159ijata k proveden\u00ed jej\u00edch rozhodnut\u00ed; m\u016f\u017ee vyzvat \u010dleny Organizace spojen\u00fdch n\u00e1rod\u016f, aby takov\u00e1 opat\u0159en\u00ed provedli. Mohou zahrnovat \u00fapln\u00e9 nebo \u010d\u00e1ste\u010dn\u00e9 p\u0159eru\u0161en\u00ed hospod\u00e1\u0159sk\u00fdch vztah\u016f, \u017eelezni\u010dn\u00edch, n\u00e1mo\u0159n\u00edch, leteck\u00fdch, po\u0161tovn\u00edch, telegrafick\u00fdch, r\u00e1diov\u00fdch a jin\u00fdch komunika\u010dn\u00edch prost\u0159edk\u016f a p\u0159eru\u0161en\u00ed diplomatick\u00fdch styk\u016f.&#8220;<\/em><\/p>\n<p>Abych to shrnul: Jednostrann\u00e9 sankce jsou podle mezin\u00e1rodn\u00edho pr\u00e1va nez\u00e1konn\u00e9. O pr\u00e1vn\u00edch sankc\u00edch m\u016f\u017ee rozhodnout pouze Rada bezpe\u010dnosti OSN, jako je tomu nap\u0159\u00edklad v p\u0159\u00edpad\u011b Severn\u00ed Koreje. Sankce, kter\u00e9 na zemi uvalila Rada bezpe\u010dnosti OSN, jsou leg\u00e1ln\u00ed. Sankce uvalen\u00e9 jednostrann\u011b Z\u00e1padem pod veden\u00edm USA proti bezpo\u010dtu dal\u0161\u00edch zem\u00ed v\u0161ak nejsou.<\/p>\n<p>A je\u0161t\u011b n\u011bco: reakce Ruska na sankce v podob\u011b bojkotu ur\u010dit\u00e9ho z\u00e1padn\u00edho zbo\u017e\u00ed nebo z\u00e1kazu v\u00fdvozu ur\u010dit\u00e9ho rusk\u00e9ho zbo\u017e\u00ed a p\u0159\u00edrodn\u00edch zdroj\u016f na Z\u00e1pad je mimochodem leg\u00e1ln\u00ed, proto\u017ee, jak ji\u017e bylo zm\u00edn\u011bno na za\u010d\u00e1tku, ka\u017ed\u00e1 zem\u011b se m\u016f\u017ee sama rozhodnout, se kter\u00fdmi zem\u011bmi bude obchodovat, kde uval\u00ed cla nebo zak\u00e1\u017ee v\u00fdvozn\u00ed a dovozn\u00ed z\u00e1kazy. To se st\u00e1v\u00e1 nez\u00e1konn\u00fdm pouze tehdy, kdy\u017e n\u011bkter\u00e1 zem\u011b vyv\u00edj\u00ed tlak na ostatn\u00ed zem\u011b, aby tato jednostrann\u00e1 opat\u0159en\u00ed podpo\u0159ily. Ale Rusko to ned\u011bl\u00e1, kdy\u017e nap\u0159\u00edklad zak\u00e1zalo dovoz evropsk\u00fdch potravin, proto\u017ee Rusko netla\u010d\u00ed na \u017e\u00e1dnou zemi, aby ud\u011blala tot\u00e9\u017e.<\/p>\n<p>Z\u00e1pad se chov\u00e1 jinak. Je dob\u0159e zn\u00e1mo, \u017ee po\u017eaduje, aby se v\u0161echny zem\u011b sv\u011bta p\u0159ipojily k z\u00e1padn\u00edm sankc\u00edm, a tak\u00e9 vyhro\u017euje mnoha zem\u00edm sankcemi, pokud to odm\u00edtnou. To je podle mezin\u00e1rodn\u00edho pr\u00e1va nez\u00e1konn\u00e9, proto\u017ee o sankc\u00edch nerozhodla Rada bezpe\u010dnosti OSN.<\/p>\n<p>Mimochodem, Rada OSN pro lidsk\u00e1 pr\u00e1va\u00a0\u00a0<a href=\"https:\/\/anti-spiegel.ru\/2023\/uno-menschenrechtsrat-fordert-abschaffung-einseitiger-sanktionen\/\">vyzvala ke zru\u0161en\u00ed jednostrann\u00fdch sankc\u00ed v roce 2023<\/a>\u00a0, ale z n\u011bjak\u00e9ho d\u016fvodu o tom z\u00e1padn\u00ed m\u00e9dia zapomn\u011bla informovat. Lid\u00e9 na Z\u00e1pad\u011b nemus\u00ed v\u011bd\u011bt v\u0161echno.<\/p>\n<p><a href=\"https:\/\/anti-spiegel.ru\/2025\/warum-die-sanktionen-des-westens-voelkerrechtswidrig-sind\/\">Thomas R\u00f6per<\/a><\/p>\n<p><img decoding=\"async\" loading=\"lazy\" class=\"alignnone wp-image-22016\" src=\"http:\/\/www.infokuryr.cz\/n\/wp-content\/uploads\/2023\/01\/Thomas-Roper-298x300.jpg\" alt=\"\" width=\"161\" height=\"162\" srcset=\"https:\/\/www.infokuryr.cz\/n\/wp-content\/uploads\/2023\/01\/Thomas-Roper-298x300.jpg 298w, https:\/\/www.infokuryr.cz\/n\/wp-content\/uploads\/2023\/01\/Thomas-Roper-150x150.jpg 150w, https:\/\/www.infokuryr.cz\/n\/wp-content\/uploads\/2023\/01\/Thomas-Roper.jpg 596w\" sizes=\"(max-width: 161px) 100vw, 161px\" \/><\/p>\n<p>&nbsp;<\/p>\n","protected":false},"excerpt":{"rendered":"<p>V\u017edy se m\u011b ptaj\u00ed, pro\u010d tvrd\u00edm, \u017ee z\u00e1padn\u00ed sankce proti Rusku, \u00cdr\u00e1nu, S\u00fdrii, Venezuele a&#8230;<\/p>\n","protected":false},"author":2,"featured_media":17766,"comment_status":"closed","ping_status":"closed","sticky":false,"template":"","format":"standard","meta":[],"categories":[7],"tags":[1475,186,1408,125],"_links":{"self":[{"href":"https:\/\/www.infokuryr.cz\/n\/wp-json\/wp\/v2\/posts\/76297"}],"collection":[{"href":"https:\/\/www.infokuryr.cz\/n\/wp-json\/wp\/v2\/posts"}],"about":[{"href":"https:\/\/www.infokuryr.cz\/n\/wp-json\/wp\/v2\/types\/post"}],"author":[{"embeddable":true,"href":"https:\/\/www.infokuryr.cz\/n\/wp-json\/wp\/v2\/users\/2"}],"replies":[{"embeddable":true,"href":"https:\/\/www.infokuryr.cz\/n\/wp-json\/wp\/v2\/comments?post=76297"}],"version-history":[{"count":0,"href":"https:\/\/www.infokuryr.cz\/n\/wp-json\/wp\/v2\/posts\/76297\/revisions"}],"wp:featuredmedia":[{"embeddable":true,"href":"https:\/\/www.infokuryr.cz\/n\/wp-json\/wp\/v2\/media\/17766"}],"wp:attachment":[{"href":"https:\/\/www.infokuryr.cz\/n\/wp-json\/wp\/v2\/media?parent=76297"}],"wp:term":[{"taxonomy":"category","embeddable":true,"href":"https:\/\/www.infokuryr.cz\/n\/wp-json\/wp\/v2\/categories?post=76297"},{"taxonomy":"post_tag","embeddable":true,"href":"https:\/\/www.infokuryr.cz\/n\/wp-json\/wp\/v2\/tags?post=76297"}],"curies":[{"name":"wp","href":"https:\/\/api.w.org\/{rel}","templated":true}]}}