{"id":7626,"date":"2022-01-18T03:05:02","date_gmt":"2022-01-18T02:05:02","guid":{"rendered":"http:\/\/www.infokuryr.cz\/n\/?p=7626"},"modified":"2022-01-18T03:05:02","modified_gmt":"2022-01-18T02:05:02","slug":"hlavni-americky-korona-fanatik-dr-a-fauci-je-mnohonasobny-dolarovy-milionar","status":"publish","type":"post","link":"https:\/\/www.infokuryr.cz\/n\/2022\/01\/18\/hlavni-americky-korona-fanatik-dr-a-fauci-je-mnohonasobny-dolarovy-milionar\/","title":{"rendered":"Hlavn\u00ed americk\u00fd korona fanatik Dr. A. Fauci je mnohon\u00e1sobn\u00fd dolarov\u00fd milion\u00e1\u0159"},"content":{"rendered":"<div id=\"fb-root\"><\/div>\n<h1 class=\"entry-title\"><span style=\"font-size: 18pt;\">Kde vzal majetek? I \u010ce\u0161i maj\u00ed sv\u00e9ho Prymulu se stamilionov\u00fdm majetkem<\/span><\/h1>\n<p>Americk\u00e1 demokracie (zat\u00edm je\u0161t\u011b ne zcela liber\u00e1ln\u00ed) m\u00e1 zaj\u00edmavou vlastnost. Pro n\u00e1rodn\u00ed politici se dok\u00e1\u017e\u00ed dostat k informac\u00edm, kter\u00e9 jsou b\u011b\u017en\u00fdm Ameri\u010dan\u016fm nep\u0159\u00edstupn\u00e9 a pak je zve\u0159ejn\u00ed.<\/p>\n<p>Tahle mrzutost dostihla hlavn\u00edho korona propag\u00e1tora a vakcina\u010dn\u00edho ideologa, \u0159editele N\u00e1rodn\u00edho \u00fastavu pro alergie a infek\u010dn\u00ed nemoci (NIAID)\u00a0<strong>Dr. A Fauciho. Uk\u00e1zalo se, \u017ee jen v burzovn\u00edch investic\u00edch\u00a0<a href=\"https:\/\/nypost.com\/2022\/01\/15\/dr-faucis-financial-disclosure-shows-10-4m-in-investments\/\">v\u00edce ne\u017e 10 milion\u016f dolar\u016f<\/a>! Tento d\u0159\u00edve nen\u00e1padn\u00fd \u00fa\u0159edn\u00edk je sou\u010dasn\u011b i nejl\u00e9pe placen\u00fdm feder\u00e1ln\u00edm \u00fa\u0159adn\u00edkem, v roce 2020 m\u011bl plat 434 tis dolar\u016f!<\/strong>\u00a0Tento<strong>\u00a0skromn\u00fd \u00fa\u0159edn\u00edk se nav\u00edc pokou\u0161el sv\u016fj majetek p\u0159ed ve\u0159ejnost\u00ed zatajit a domoci se t\u00e9 informace musel a\u017e u soudu sen\u00e1tor Roger Marshall z Kansasu! Fauci je mimo jin\u00e9 naz\u00fdv\u00e1n Dr. Doom (doktor zk\u00e1za).<\/strong><\/p>\n<p>Jen\u017ee podobn\u011b to funguje v\u0161ude po sv\u011bt\u011b,\u00a0<strong>v\u0161ichni podporovatel\u00e9 korona pandemie jsou z n\u011bjak\u00e9ho z\u00e1hadn\u00e9ho d\u016fvodu \u201eve vat\u011b\u201c. Sta\u010d\u00ed si p\u0159ipomenout \u010desk\u00e9ho<a href=\"https:\/\/ceskavec.com\/2020\/06\/kolik-skutecne-vydelal-promoreny-namestek-a-propagator-ockovani-prof-roman-prymula-od-farmaceutickych-firem-117-milionu-korun-za-5-let\">\u00a0R. Prymulu a jeho firmu Biovomed\u00a0<\/a>s.r.o., kter\u00e1 \u00fa\u010dtovala farma firm\u00e1m stamiliony za \u201estudie\u201c, nebo dodnes \u0159editele st\u00e1tn\u00ed FN KV v Praze P.\u00a0<a href=\"https:\/\/ceskavec.com\/2021\/07\/p-arenberger-podvadel-sveho-zamestnavatele-lhal-o-majetku-ziskal-podvodem-obecni-byt-presto-se-vraci-na-misto-reditele-velke-nemocnice-bylo-by-etnickemu-cechovi-mereno-stejne\">Arenbergera,\u00a0<\/a>kter\u00fd ro\u010dn\u011b farma firm\u00e1m za stu<\/strong>die, kter\u00e9 by m\u011bla d\u011blat j\u00edm \u0159\u00edzen\u00e1 nemocnice, \u00fa\u010dtuje farmaceutick\u00fdm korporac\u00edm 30 mil K\u010d. ro\u010dn\u011b, nemocnici pronaj\u00edmal (pro n\u011bj v\u00fdhodn\u011b) sv\u00e9 nemovitosti, podvodem zprivatizoval obecn\u00ed byt a to je\u0161t\u011b stihne b\u00fdt aktivn\u00edm \u010dlenem \u017eidovsk\u00e9 n\u00e1bo\u017eensk\u00e9 obce! Takov\u00fdch by se dala naj\u00edt cel\u00e1 \u0159ada.<\/p>\n<p>Podporovat korona totalitu se zkr\u00e1tka (nejenom finan\u010dn\u011b) vyplat\u00ed! J<strong>en co potom a\u017e je dostihne ta vy\u0161\u0161\u00ed spravedlnost, co pak budou d\u011blat?!<\/strong><\/p>\n<p><a href=\"https:\/\/ceskavec.com\/2022\/01\/hlavni-americky-korona-fanatik-dr-a-fauci-je-mnohonasobny-dolarovy-milionar-kde-vzal-majetek-i-cesi-maji-sveho-prymulu-se-stamilionovym-majetkem\">\u010cesk\u00e1 v\u011bc<\/a><\/p>\n<p>&nbsp;<\/p>\n","protected":false},"excerpt":{"rendered":"<p>Kde vzal majetek? I \u010ce\u0161i maj\u00ed sv\u00e9ho Prymulu se stamilionov\u00fdm majetkem Americk\u00e1 demokracie (zat\u00edm je\u0161t\u011b&#8230;<\/p>\n","protected":false},"author":2,"featured_media":2312,"comment_status":"closed","ping_status":"closed","sticky":false,"template":"","format":"standard","meta":[],"categories":[7],"tags":[604,549,326,1179,37],"_links":{"self":[{"href":"https:\/\/www.infokuryr.cz\/n\/wp-json\/wp\/v2\/posts\/7626"}],"collection":[{"href":"https:\/\/www.infokuryr.cz\/n\/wp-json\/wp\/v2\/posts"}],"about":[{"href":"https:\/\/www.infokuryr.cz\/n\/wp-json\/wp\/v2\/types\/post"}],"author":[{"embeddable":true,"href":"https:\/\/www.infokuryr.cz\/n\/wp-json\/wp\/v2\/users\/2"}],"replies":[{"embeddable":true,"href":"https:\/\/www.infokuryr.cz\/n\/wp-json\/wp\/v2\/comments?post=7626"}],"version-history":[{"count":0,"href":"https:\/\/www.infokuryr.cz\/n\/wp-json\/wp\/v2\/posts\/7626\/revisions"}],"wp:featuredmedia":[{"embeddable":true,"href":"https:\/\/www.infokuryr.cz\/n\/wp-json\/wp\/v2\/media\/2312"}],"wp:attachment":[{"href":"https:\/\/www.infokuryr.cz\/n\/wp-json\/wp\/v2\/media?parent=7626"}],"wp:term":[{"taxonomy":"category","embeddable":true,"href":"https:\/\/www.infokuryr.cz\/n\/wp-json\/wp\/v2\/categories?post=7626"},{"taxonomy":"post_tag","embeddable":true,"href":"https:\/\/www.infokuryr.cz\/n\/wp-json\/wp\/v2\/tags?post=7626"}],"curies":[{"name":"wp","href":"https:\/\/api.w.org\/{rel}","templated":true}]}}