{"id":76234,"date":"2025-04-12T06:21:25","date_gmt":"2025-04-12T04:21:25","guid":{"rendered":"https:\/\/www.infokuryr.cz\/n\/?p=76234"},"modified":"2025-04-12T06:21:25","modified_gmt":"2025-04-12T04:21:25","slug":"trump-obvinil-jihoafricke-urady-ze-zabijeni-bilych-farmaru","status":"publish","type":"post","link":"https:\/\/www.infokuryr.cz\/n\/2025\/04\/12\/trump-obvinil-jihoafricke-urady-ze-zabijeni-bilych-farmaru\/","title":{"rendered":"Trump obvinil jihoafrick\u00e9 \u00fa\u0159ady ze zab\u00edjen\u00ed b\u00edl\u00fdch farm\u00e1\u0159\u016f"},"content":{"rendered":"<div id=\"fb-root\"><\/div>\n<p class=\"lead\"><strong>Americk\u00fd prezident Donald Trump na soci\u00e1ln\u00ed s\u00edti Truth Social zpochybnil \u00fa\u010dast zem\u011b na summitu G20 v Ji\u017en\u00ed Africe a obvinil jihoafrickou vl\u00e1du z \u201ezab\u00edjen\u00ed b\u00edl\u00fdch farm\u00e1\u0159\u016f\u201c na sv\u00e9m \u00fazem\u00ed.<\/strong><\/p>\n<p><em>&#8222;Jak m\u016f\u017eeme jet do Ji\u017en\u00ed Afriky na velmi d\u016fle\u017eitou sch\u016fzku G20, kdy\u017e hlavn\u00edm t\u00e9matem diskuse je \u201aKonfiskace p\u016fdy a genocida\u2018? Berou p\u016fdu b\u00edl\u00fdm farm\u00e1\u0159\u016fm, pak je i jejich rodiny zab\u00edjej\u00ed. M\u00e9dia to odm\u00edtaj\u00ed komentovat. Spojen\u00e9 st\u00e1ty pozastavily v\u0161echny p\u0159\u00edsp\u011bvky do Ji\u017en\u00ed Afriky. Opravdu tam chceme b\u00fdt kv\u016fli G20? Nemysl\u00edm si to,&#8220;<span class=\"after-quote\">\u00a0 napsal Trump.<\/span><\/em><\/p>\n<p><span>V lednu jihoafrick\u00fd prezident Cyril Ramaphosa podepsal n\u00e1vrh z\u00e1kona, kter\u00fd vl\u00e1d\u011b umo\u017e\u0148uje za ur\u010dit\u00fdch okolnost\u00ed nab\u00eddnout \u201enulovou n\u00e1hradu\u201c za pozemky, kter\u00e9 se rozhodne vyvlastnit ve ve\u0159ejn\u00e9m z\u00e1jmu. V tomto ohledu Trump na soci\u00e1ln\u00ed s\u00edti Truth Social napsal, \u017ee Ji\u017en\u00ed Afrika \u201ezach\u00e1z\u00ed s ur\u010dit\u00fdmi vrstvami lid\u00ed velmi \u0161patn\u011b\u201c. Pozd\u011bji podepsal p\u0159\u00edkaz k pozastaven\u00ed pomoci Jihoafrick\u00e9 republice a \u0159ekl, \u017ee USA poskytnou farm\u00e1\u0159\u016fm, kte\u0159\u00ed cht\u011bj\u00ed z bezpe\u010dnostn\u00edch d\u016fvod\u016f opustit Ji\u017en\u00ed Afriku, \u201erychlou cestu k ob\u010danstv\u00ed\u201c.<\/span><\/p>\n<p><span>Americk\u00fd ministr zahrani\u010d\u00ed\u00a0<\/span><strong><span>Marco Rubio<\/span><\/strong><span>\u00a014. b\u0159ezna \u0159ekl, \u017ee \u00fa\u0159ady ve Washingtonu prohl\u00e1sily za jihoafrick\u00e9ho velvyslance ve Spojen\u00fdch st\u00e1tech\u00a0<\/span><strong><span>Ibrahima Rasula<\/span><\/strong><span>\u00a0personu non grata a obvinily ho z nen\u00e1visti k USA a Trumpovi. V reakci na jeho kritiku konfronta\u010dn\u00ed politiky americk\u00e9ho v\u016fdce v\u016f\u010di men\u0161in\u00e1m tak\u00e9 ozna\u010dil jihoafrick\u00e9ho velvyslance za \u201erasistick\u00e9ho politika\u201c.<\/span><\/p>\n<p><span>P\u0159edsednictv\u00ed G20 p\u0159e\u0161lo do Ji\u017en\u00ed Afriky z Braz\u00edlie 1. prosince 2024. Spojen\u00fdm st\u00e1t\u016fm bude p\u0159ed\u00e1no na konci listopadu. Jihoafrick\u00e9 p\u0159edsednictv\u00ed se nese pod heslem \u201eSolidarita, rovnost a udr\u017eiteln\u00fd rozvoj\u201c. Summit G20 se bude konat 22. a\u017e 23. listopadu v Johannesburgu.<\/span><\/p>\n<p><img decoding=\"async\" loading=\"lazy\" class=\"alignnone size-full wp-image-71983\" src=\"http:\/\/www.infokuryr.cz\/n\/wp-content\/uploads\/2025\/02\/aaa.jpg\" alt=\"\" width=\"89\" height=\"23\" \/><\/p>\n<p>&nbsp;<\/p>\n","protected":false},"excerpt":{"rendered":"<p>Americk\u00fd prezident Donald Trump na soci\u00e1ln\u00ed s\u00edti Truth Social zpochybnil \u00fa\u010dast zem\u011b na summitu G20&#8230;<\/p>\n","protected":false},"author":2,"featured_media":76235,"comment_status":"closed","ping_status":"closed","sticky":false,"template":"","format":"standard","meta":[],"categories":[7],"tags":[2739,900,1226,452,934],"_links":{"self":[{"href":"https:\/\/www.infokuryr.cz\/n\/wp-json\/wp\/v2\/posts\/76234"}],"collection":[{"href":"https:\/\/www.infokuryr.cz\/n\/wp-json\/wp\/v2\/posts"}],"about":[{"href":"https:\/\/www.infokuryr.cz\/n\/wp-json\/wp\/v2\/types\/post"}],"author":[{"embeddable":true,"href":"https:\/\/www.infokuryr.cz\/n\/wp-json\/wp\/v2\/users\/2"}],"replies":[{"embeddable":true,"href":"https:\/\/www.infokuryr.cz\/n\/wp-json\/wp\/v2\/comments?post=76234"}],"version-history":[{"count":0,"href":"https:\/\/www.infokuryr.cz\/n\/wp-json\/wp\/v2\/posts\/76234\/revisions"}],"wp:featuredmedia":[{"embeddable":true,"href":"https:\/\/www.infokuryr.cz\/n\/wp-json\/wp\/v2\/media\/76235"}],"wp:attachment":[{"href":"https:\/\/www.infokuryr.cz\/n\/wp-json\/wp\/v2\/media?parent=76234"}],"wp:term":[{"taxonomy":"category","embeddable":true,"href":"https:\/\/www.infokuryr.cz\/n\/wp-json\/wp\/v2\/categories?post=76234"},{"taxonomy":"post_tag","embeddable":true,"href":"https:\/\/www.infokuryr.cz\/n\/wp-json\/wp\/v2\/tags?post=76234"}],"curies":[{"name":"wp","href":"https:\/\/api.w.org\/{rel}","templated":true}]}}