{"id":76188,"date":"2025-04-12T00:21:49","date_gmt":"2025-04-11T22:21:49","guid":{"rendered":"https:\/\/www.infokuryr.cz\/n\/?p=76188"},"modified":"2025-04-11T13:42:46","modified_gmt":"2025-04-11T11:42:46","slug":"vrtulnik-se-v-new-yorku-rozpadl-ve-vzduchu","status":"publish","type":"post","link":"https:\/\/www.infokuryr.cz\/n\/2025\/04\/12\/vrtulnik-se-v-new-yorku-rozpadl-ve-vzduchu\/","title":{"rendered":"Vrtuln\u00edk se v New Yorku rozpadl ve vzduchu"},"content":{"rendered":"<div id=\"fb-root\"><\/div>\n<h3>Letoun se ve \u010dtvrtek pono\u0159il do \u0159eky Hudson a zabil v\u0161ech \u0161est lid\u00ed na palub\u011b<\/h3>\n<p data-start=\"163\" data-end=\"222\">Nedaleko manhattansk\u00e9ho mola 40 se ve \u010dtvrtek odpoledne z\u0159\u00edtil vrtuln\u00edk do \u0159eky Hudson. Dramatick\u00e1 videa ukazuj\u00ed, jak se letadlo ve vzduchu rozpad\u00e1, ne\u017e se pono\u0159\u00ed do vody.<\/p>\n<p data-start=\"510\" data-end=\"847\">V\u0161ech \u0161est lid\u00ed na palub\u011b bylo zabito; k incidentu do\u0161lo kolem 15:15 m\u00edstn\u00edho \u010dasu, potvrdil starosta New Yorku Eric Adams b\u011bhem tiskov\u00e9 konference. Ob\u011bti byly pozd\u011bji identifikov\u00e1ny jako Agustin Escobar, gener\u00e1ln\u00ed \u0159editel spole\u010dnosti Siemens \u0160pan\u011blsko, jeho man\u017eelka a jejich t\u0159i d\u011bti ve v\u011bku 4, 5 a 11 let, stejn\u011b jako 36let\u00fd pilot.<\/p>\n<p data-start=\"849\" data-end=\"1172\">Z\u00e1b\u011bry o\u010dit\u00fdch sv\u011bdk\u016f sd\u00edlen\u00e9 na soci\u00e1ln\u00edch s\u00edt\u00edch zachytily okam\u017eik, kdy se hlavn\u00ed rotor a ocasn\u00ed rameno vrtuln\u00edku Bell 206 odd\u011blily, kdy\u017e byl je\u0161t\u011b ve vzduchu. Listy rotoru, zcela odd\u011blen\u00e9 od trupu, bylo vid\u011bt, jak se d\u00e1le ot\u00e1\u010dely, kdy\u017e padaly odd\u011blen\u011b od t\u011bla letadla, ne\u017e ob\u011b sekce dopadly na vodu.<\/p>\n<div class=\"rtcode\">\n<div class=\"twitter-tweet twitter-tweet-rendered\"><iframe id=\"twitter-widget-0\" class=\"\" title=\"P\u0159\u00edsp\u011bvek X\" src=\"https:\/\/platform.twitter.com\/embed\/Tweet.html?creatorScreenName=RT_com&amp;dnt=false&amp;embedId=twitter-widget-0&amp;features=eyJ0ZndfdGltZWxpbmVfbGlzdCI6eyJidWNrZXQiOltdLCJ2ZXJzaW9uIjpudWxsfSwidGZ3X2ZvbGxvd2VyX2NvdW50X3N1bnNldCI6eyJidWNrZXQiOnRydWUsInZlcnNpb24iOm51bGx9LCJ0ZndfdHdlZXRfZWRpdF9iYWNrZW5kIjp7ImJ1Y2tldCI6Im9uIiwidmVyc2lvbiI6bnVsbH0sInRmd19yZWZzcmNfc2Vzc2lvbiI6eyJidWNrZXQiOiJvbiIsInZlcnNpb24iOm51bGx9LCJ0ZndfZm9zbnJfc29mdF9pbnRlcnZlbnRpb25zX2VuYWJsZWQiOnsiYnVja2V0Ijoib24iLCJ2ZXJzaW9uIjpudWxsfSwidGZ3X21peGVkX21lZGlhXzE1ODk3Ijp7ImJ1Y2tldCI6InRyZWF0bWVudCIsInZlcnNpb24iOm51bGx9LCJ0ZndfZXhwZXJpbWVudHNfY29va2llX2V4cGlyYXRpb24iOnsiYnVja2V0IjoxMjA5NjAwLCJ2ZXJzaW9uIjpudWxsfSwidGZ3X3Nob3dfYmlyZHdhdGNoX3Bpdm90c19lbmFibGVkIjp7ImJ1Y2tldCI6Im9uIiwidmVyc2lvbiI6bnVsbH0sInRmd19kdXBsaWNhdGVfc2NyaWJlc190b19zZXR0aW5ncyI6eyJidWNrZXQiOiJvbiIsInZlcnNpb24iOm51bGx9LCJ0ZndfdXNlX3Byb2ZpbGVfaW1hZ2Vfc2hhcGVfZW5hYmxlZCI6eyJidWNrZXQiOiJvbiIsInZlcnNpb24iOm51bGx9LCJ0ZndfdmlkZW9faGxzX2R5bmFtaWNfbWFuaWZlc3RzXzE1MDgyIjp7ImJ1Y2tldCI6InRydWVfYml0cmF0ZSIsInZlcnNpb24iOm51bGx9LCJ0ZndfbGVnYWN5X3RpbWVsaW5lX3N1bnNldCI6eyJidWNrZXQiOnRydWUsInZlcnNpb24iOm51bGx9LCJ0ZndfdHdlZXRfZWRpdF9mcm9udGVuZCI6eyJidWNrZXQiOiJvbiIsInZlcnNpb24iOm51bGx9fQ%3D%3D&amp;frame=false&amp;hideCard=false&amp;hideThread=false&amp;id=1910441530646536434&amp;lang=cs&amp;maxWidth=560px&amp;origin=https%3A%2F%2Fwww.rt.com%2Fnews%2F615569-helicopter-crash-new-york%2F&amp;sessionId=69cfda52d730dae9a6c794df9683b5e19646d1f5&amp;siteScreenName=RT_com&amp;theme=light&amp;widgetsVersion=2615f7e52b7e0%3A1702314776716&amp;width=550px\" frameborder=\"0\" scrolling=\"no\" allowfullscreen=\"allowfullscreen\" data-tweet-id=\"1910441530646536434\" data-mce-fragment=\"1\"><\/iframe><\/div>\n<\/div>\n<p data-start=\"1174\" data-end=\"1459\">Hasi\u010dsk\u00fd sbor m\u011bsta New York (FDNY) potvrdil, \u017ee na sc\u00e9nu zareagovalo n\u011bkolik z\u00e1chrann\u00fdch \u010dlun\u016f, kter\u00e9 obklopovaly v\u011bt\u0161inou pono\u0159enou helikopt\u00e9ru obr\u00e1cenou vzh\u016fru nohama. Prvn\u00ed zpr\u00e1vy nazna\u010dovaly, \u017ee pilot byl vyta\u017een z vody \u017eiv\u00fd, i kdy\u017e \u00fapln\u00fd po\u010det ob\u011bt\u00ed z\u016fst\u00e1v\u00e1 nepotvrzen\u00fd.<\/p>\n<p data-start=\"1461\" data-end=\"1692\">\u00da\u0159ady n\u00e1sledn\u011b vyzvaly ve\u0159ejnost, aby se vyh\u00fdbala oblasti pobl\u00ed\u017e West Side Highway a Spring Street kv\u016fli nouzov\u00fdm operac\u00edm a naru\u0161en\u00ed dopravy.<\/p>\n<div class=\"rtcode\">\n<div class=\"twitter-tweet twitter-tweet-rendered\"><iframe id=\"twitter-widget-1\" class=\"\" title=\"P\u0159\u00edsp\u011bvek X\" src=\"https:\/\/platform.twitter.com\/embed\/Tweet.html?creatorScreenName=RT_com&amp;dnt=false&amp;embedId=twitter-widget-1&amp;features=eyJ0ZndfdGltZWxpbmVfbGlzdCI6eyJidWNrZXQiOltdLCJ2ZXJzaW9uIjpudWxsfSwidGZ3X2ZvbGxvd2VyX2NvdW50X3N1bnNldCI6eyJidWNrZXQiOnRydWUsInZlcnNpb24iOm51bGx9LCJ0ZndfdHdlZXRfZWRpdF9iYWNrZW5kIjp7ImJ1Y2tldCI6Im9uIiwidmVyc2lvbiI6bnVsbH0sInRmd19yZWZzcmNfc2Vzc2lvbiI6eyJidWNrZXQiOiJvbiIsInZlcnNpb24iOm51bGx9LCJ0ZndfZm9zbnJfc29mdF9pbnRlcnZlbnRpb25zX2VuYWJsZWQiOnsiYnVja2V0Ijoib24iLCJ2ZXJzaW9uIjpudWxsfSwidGZ3X21peGVkX21lZGlhXzE1ODk3Ijp7ImJ1Y2tldCI6InRyZWF0bWVudCIsInZlcnNpb24iOm51bGx9LCJ0ZndfZXhwZXJpbWVudHNfY29va2llX2V4cGlyYXRpb24iOnsiYnVja2V0IjoxMjA5NjAwLCJ2ZXJzaW9uIjpudWxsfSwidGZ3X3Nob3dfYmlyZHdhdGNoX3Bpdm90c19lbmFibGVkIjp7ImJ1Y2tldCI6Im9uIiwidmVyc2lvbiI6bnVsbH0sInRmd19kdXBsaWNhdGVfc2NyaWJlc190b19zZXR0aW5ncyI6eyJidWNrZXQiOiJvbiIsInZlcnNpb24iOm51bGx9LCJ0ZndfdXNlX3Byb2ZpbGVfaW1hZ2Vfc2hhcGVfZW5hYmxlZCI6eyJidWNrZXQiOiJvbiIsInZlcnNpb24iOm51bGx9LCJ0ZndfdmlkZW9faGxzX2R5bmFtaWNfbWFuaWZlc3RzXzE1MDgyIjp7ImJ1Y2tldCI6InRydWVfYml0cmF0ZSIsInZlcnNpb24iOm51bGx9LCJ0ZndfbGVnYWN5X3RpbWVsaW5lX3N1bnNldCI6eyJidWNrZXQiOnRydWUsInZlcnNpb24iOm51bGx9LCJ0ZndfdHdlZXRfZWRpdF9mcm9udGVuZCI6eyJidWNrZXQiOiJvbiIsInZlcnNpb24iOm51bGx9fQ%3D%3D&amp;frame=false&amp;hideCard=false&amp;hideThread=false&amp;id=1910434540667195758&amp;lang=cs&amp;origin=https%3A%2F%2Fwww.rt.com%2Fnews%2F615569-helicopter-crash-new-york%2F&amp;sessionId=69cfda52d730dae9a6c794df9683b5e19646d1f5&amp;siteScreenName=RT_com&amp;theme=light&amp;widgetsVersion=2615f7e52b7e0%3A1702314776716&amp;width=550px\" frameborder=\"0\" scrolling=\"no\" allowfullscreen=\"allowfullscreen\" data-tweet-id=\"1910434540667195758\" data-mce-fragment=\"1\"><\/iframe><\/div>\n<\/div>\n<p data-start=\"1694\" data-end=\"1847\">Feder\u00e1ln\u00ed \u00fa\u0159ad pro letectv\u00ed (FAA) a N\u00e1rodn\u00ed rada pro bezpe\u010dnost dopravy (NTSB) zah\u00e1jily vy\u0161et\u0159ov\u00e1n\u00ed p\u0159\u00ed\u010diny hav\u00e1rie. \u00da\u0159edn\u00edci zat\u00edm nezjistili, co vedlo ke zjevn\u00e9mu rozpadu b\u011bhem letu.<\/p>\n<p data-start=\"1694\" data-end=\"1847\"><img decoding=\"async\" loading=\"lazy\" class=\"alignnone size-full wp-image-71983\" src=\"http:\/\/www.infokuryr.cz\/n\/wp-content\/uploads\/2025\/02\/aaa.jpg\" alt=\"\" width=\"89\" height=\"23\" \/><\/p>\n<p data-start=\"1694\" data-end=\"1847\">\n","protected":false},"excerpt":{"rendered":"<p>Letoun se ve \u010dtvrtek pono\u0159il do \u0159eky Hudson a zabil v\u0161ech \u0161est lid\u00ed na palub\u011b&#8230;<\/p>\n","protected":false},"author":2,"featured_media":76189,"comment_status":"closed","ping_status":"closed","sticky":false,"template":"","format":"standard","meta":[],"categories":[7],"tags":[1421,37,3912],"_links":{"self":[{"href":"https:\/\/www.infokuryr.cz\/n\/wp-json\/wp\/v2\/posts\/76188"}],"collection":[{"href":"https:\/\/www.infokuryr.cz\/n\/wp-json\/wp\/v2\/posts"}],"about":[{"href":"https:\/\/www.infokuryr.cz\/n\/wp-json\/wp\/v2\/types\/post"}],"author":[{"embeddable":true,"href":"https:\/\/www.infokuryr.cz\/n\/wp-json\/wp\/v2\/users\/2"}],"replies":[{"embeddable":true,"href":"https:\/\/www.infokuryr.cz\/n\/wp-json\/wp\/v2\/comments?post=76188"}],"version-history":[{"count":1,"href":"https:\/\/www.infokuryr.cz\/n\/wp-json\/wp\/v2\/posts\/76188\/revisions"}],"predecessor-version":[{"id":76190,"href":"https:\/\/www.infokuryr.cz\/n\/wp-json\/wp\/v2\/posts\/76188\/revisions\/76190"}],"wp:featuredmedia":[{"embeddable":true,"href":"https:\/\/www.infokuryr.cz\/n\/wp-json\/wp\/v2\/media\/76189"}],"wp:attachment":[{"href":"https:\/\/www.infokuryr.cz\/n\/wp-json\/wp\/v2\/media?parent=76188"}],"wp:term":[{"taxonomy":"category","embeddable":true,"href":"https:\/\/www.infokuryr.cz\/n\/wp-json\/wp\/v2\/categories?post=76188"},{"taxonomy":"post_tag","embeddable":true,"href":"https:\/\/www.infokuryr.cz\/n\/wp-json\/wp\/v2\/tags?post=76188"}],"curies":[{"name":"wp","href":"https:\/\/api.w.org\/{rel}","templated":true}]}}