{"id":76148,"date":"2025-04-11T00:29:54","date_gmt":"2025-04-10T22:29:54","guid":{"rendered":"https:\/\/www.infokuryr.cz\/n\/?p=76148"},"modified":"2025-04-10T14:14:54","modified_gmt":"2025-04-10T12:14:54","slug":"rusko-dekovalo-sae-za-zprostredkovani-vymeny-veznu-s-usa","status":"publish","type":"post","link":"https:\/\/www.infokuryr.cz\/n\/2025\/04\/11\/rusko-dekovalo-sae-za-zprostredkovani-vymeny-veznu-s-usa\/","title":{"rendered":"Rusko d\u011bkovalo SAE za zprost\u0159edkov\u00e1n\u00ed v\u00fdm\u011bny v\u011bz\u0148\u016f s USA"},"content":{"rendered":"<div id=\"fb-root\"><\/div>\n<h3>V\u00fdm\u011bna se t\u00fdkala Arthura Petrova, kter\u00e9mu hrozilo a\u017e 20 let v americk\u00e9m v\u011bzen\u00ed na z\u00e1klad\u011b obvin\u011bn\u00ed z neleg\u00e1ln\u00edho v\u00fdvozu mikroelektroniky<\/h3>\n<p><span>Rusk\u00e1 Feder\u00e1ln\u00ed bezpe\u010dnostn\u00ed slu\u017eba (FSB) potvrdila posledn\u00ed v\u00fdm\u011bnu v\u011bz\u0148\u016f s USA, kter\u00e1 se ve \u010dtvrtek odehr\u00e1la ve Spojen\u00fdch arabsk\u00fdch emir\u00e1tech. Agentura pod\u011bkovala Ab\u00fa Zab\u00ed za zprost\u0159edkovatelsk\u00e9 \u00fasil\u00ed p\u0159i dohod\u011b.<\/span><\/p>\n<p><span>V\u00fdm\u011bnu v\u011bz\u0148\u016f poprv\u00e9 ozn\u00e1mil \u0159editel CIA John Ratcliffe v prohl\u00e1\u0161en\u00ed pro Wall Street Journal. V r\u00e1mci v\u00fdm\u011bny Moskva propustila Ksenia Karelinu, americko-ruskou dvojob\u010danku a baletku, kter\u00e1 byla odsouzena k 12 let\u016fm v\u011bzen\u00ed za poskytov\u00e1n\u00ed dar\u016f charitativn\u00ed organizaci, kter\u00e1 podporuje ukrajinskou arm\u00e1du. Washington osvobodil Arthura Petrova, n\u011bmecko-rusk\u00e9ho ob\u010dana, kter\u00fd byl zat\u010den za \u00fadajn\u00fd v\u00fdvoz citliv\u00e9 mikroelektroniky.<\/span><\/p>\n<p><span>FSB v koment\u00e1\u0159i k v\u00fdm\u011bn\u011b uvedla, \u017ee Petrov byl zadr\u017een na \u017e\u00e1dost americk\u00fdch donucovac\u00edch org\u00e1n\u016f v roce 2023 na Kypru a n\u00e1sleduj\u00edc\u00ed rok byl vyd\u00e1n do USA, kde mu hrozilo a\u017e 20 let za obvin\u011bn\u00ed z poru\u0161en\u00ed z\u00e1kon\u016f o kontrole v\u00fdvozu.<\/span><\/p>\n<p><span>Za zprost\u0159edkov\u00e1n\u00ed SAE byl Petrov vym\u011bn\u011bn za Karelinu, kter\u00e1 byla v Rusku odsouzena\u00a0<\/span><em><span>\u201eza zradu ve form\u011b poskytov\u00e1n\u00ed finan\u010dn\u00ed pomoci ciz\u00edmu st\u00e1tu,\u201c<\/span><\/em><span>\u00a0uvedla FSB. Karelina byla tento m\u011bs\u00edc omilostn\u011bna prezidentsk\u00fdm dekretem, dodala agentura.<\/span><\/p>\n<p><em><span>&#8222;Vyjad\u0159ujeme na\u0161i vd\u011b\u010dnost veden\u00ed SAE za poskytnutou pomoc,&#8220;<\/span><\/em><span>\u00a0stoj\u00ed v prohl\u00e1\u0161en\u00ed FSB.<\/span><\/p>\n<p><span>Posledn\u00ed v\u00fdm\u011bna n\u00e1zor\u016f p\u0159ich\u00e1z\u00ed v dob\u011b, kdy administrativa americk\u00e9ho prezidenta Donalda Trumpa jedn\u00e1 s Moskvou o obnoven\u00ed bilater\u00e1ln\u00edch vazeb, v\u010detn\u011b fungov\u00e1n\u00ed diplomatick\u00fdch mis\u00ed. Ob\u011b strany tak\u00e9 vedou dialog zam\u011b\u0159en\u00fd na \u0159e\u0161en\u00ed ukrajinsk\u00e9ho konfliktu.<\/span><\/p>\n<p><img decoding=\"async\" loading=\"lazy\" class=\"alignnone size-full wp-image-71983\" src=\"http:\/\/www.infokuryr.cz\/n\/wp-content\/uploads\/2025\/02\/aaa.jpg\" alt=\"\" width=\"89\" height=\"23\" \/><\/p>\n<p>&nbsp;<\/p>\n","protected":false},"excerpt":{"rendered":"<p>V\u00fdm\u011bna se t\u00fdkala Arthura Petrova, kter\u00e9mu hrozilo a\u017e 20 let v americk\u00e9m v\u011bzen\u00ed na z\u00e1klad\u011b&#8230;<\/p>\n","protected":false},"author":2,"featured_media":76149,"comment_status":"closed","ping_status":"closed","sticky":false,"template":"","format":"standard","meta":[],"categories":[7],"tags":[4159,22,1012,1135,2228],"_links":{"self":[{"href":"https:\/\/www.infokuryr.cz\/n\/wp-json\/wp\/v2\/posts\/76148"}],"collection":[{"href":"https:\/\/www.infokuryr.cz\/n\/wp-json\/wp\/v2\/posts"}],"about":[{"href":"https:\/\/www.infokuryr.cz\/n\/wp-json\/wp\/v2\/types\/post"}],"author":[{"embeddable":true,"href":"https:\/\/www.infokuryr.cz\/n\/wp-json\/wp\/v2\/users\/2"}],"replies":[{"embeddable":true,"href":"https:\/\/www.infokuryr.cz\/n\/wp-json\/wp\/v2\/comments?post=76148"}],"version-history":[{"count":0,"href":"https:\/\/www.infokuryr.cz\/n\/wp-json\/wp\/v2\/posts\/76148\/revisions"}],"wp:featuredmedia":[{"embeddable":true,"href":"https:\/\/www.infokuryr.cz\/n\/wp-json\/wp\/v2\/media\/76149"}],"wp:attachment":[{"href":"https:\/\/www.infokuryr.cz\/n\/wp-json\/wp\/v2\/media?parent=76148"}],"wp:term":[{"taxonomy":"category","embeddable":true,"href":"https:\/\/www.infokuryr.cz\/n\/wp-json\/wp\/v2\/categories?post=76148"},{"taxonomy":"post_tag","embeddable":true,"href":"https:\/\/www.infokuryr.cz\/n\/wp-json\/wp\/v2\/tags?post=76148"}],"curies":[{"name":"wp","href":"https:\/\/api.w.org\/{rel}","templated":true}]}}