{"id":76146,"date":"2025-04-11T00:28:34","date_gmt":"2025-04-10T22:28:34","guid":{"rendered":"https:\/\/www.infokuryr.cz\/n\/?p=76146"},"modified":"2025-04-10T14:11:15","modified_gmt":"2025-04-10T12:11:15","slug":"rusko-a-usa-provadeji-vymenu-novych-zajatcu","status":"publish","type":"post","link":"https:\/\/www.infokuryr.cz\/n\/2025\/04\/11\/rusko-a-usa-provadeji-vymenu-novych-zajatcu\/","title":{"rendered":"Rusko a USA prov\u00e1d\u011bj\u00ed v\u00fdm\u011bnu nov\u00fdch zajatc\u016f"},"content":{"rendered":"<div id=\"fb-root\"><\/div>\n<h3>Tento krok p\u0159ich\u00e1z\u00ed v dob\u011b, kdy ob\u011b strany vedou druh\u00e9 kolo rozhovor\u016f o normalizaci bilater\u00e1ln\u00edch vztah\u016f<\/h3>\n<p><span>Rusko a USA provedly dal\u0161\u00ed v\u00fdm\u011bnu v\u011bz\u0148\u016f v Abu Dhabi, uvedl Wall Street Journal s odvol\u00e1n\u00edm na p\u0159edstavitele CIA. Moskva \u00fadajn\u011b propustila Ksenia Karelinu, americko-ruskou dvoj\u00ed st\u00e1tn\u00ed p\u0159\u00edslu\u0161nost uv\u011bzn\u011bnou kv\u016fli dar\u016fm charitativn\u00ed organizaci, kter\u00e1 podporuje ukrajinskou arm\u00e1du, zat\u00edmco Washington osvobodil Arthura Petrova, n\u011bmecko-rusk\u00e9ho ob\u010dana zat\u010den\u00e9ho za \u00fadajn\u00fd v\u00fdvoz citliv\u00e9 mikroelektroniky. Karelinin pr\u00e1vn\u00edk potvrdil jej\u00ed propu\u0161t\u011bn\u00ed agentu\u0159e RIA Novosti.<\/span><\/p>\n<p><span>Nov\u00e1 v\u00fdm\u011bna p\u0159ich\u00e1z\u00ed v dob\u011b, kdy se delegace Ruska a USA se\u0161ly v tureck\u00e9m Istanbulu k jedn\u00e1n\u00ed za zav\u0159en\u00fdmi dve\u0159mi, aby projednaly normalizaci bilater\u00e1ln\u00edch vztah\u016f, v\u010detn\u011b odstran\u011bn\u00ed p\u0159ek\u00e1\u017eek pro \u010dinnost diplomatick\u00fdch mis\u00ed.<\/span><\/p>\n<p><span>Karelina, 34let\u00e1 baletka, byla loni odsouzena k 12 let\u016fm v\u011bzen\u00ed za vlastizradu pot\u00e9, co byla shled\u00e1na vinnou z darov\u00e1n\u00ed zhruba 50 dolar\u016f americk\u00e9 charitativn\u00ed organizaci na podporu Ukrajiny. Petrov, 33, byl zat\u010den na Kypru v roce 2023 na \u017e\u00e1dost USA a byl obvin\u011bn z pa\u0161ov\u00e1n\u00ed, podvod\u016f s dr\u00e1t\u011bn\u00fdmi s\u00edt\u011bmi a pran\u00ed \u0161pinav\u00fdch pen\u011bz.<\/span><\/p>\n<p><span>Americk\u00e9 ministerstvo spravedlnosti tak\u00e9 uvedlo, \u017ee Petrov\u00a0<\/span><em><span>se \u201e\u00fadajn\u011b pod\u00edlel na sch\u00e9matu n\u00e1kupu mikroelektroniky poch\u00e1zej\u00edc\u00ed z USA podl\u00e9haj\u00edc\u00ed kontrole v\u00fdvozu USA\u201c,<\/span><\/em><span>\u00a0kter\u00e1 byla ur\u010dena pro ruskou arm\u00e1du.<\/span><\/p>\n<p><em><span>&#8222;Dnes [americk\u00fd prezident Donald] Trump p\u0159ivezl dom\u016f dal\u0161\u00edho nepr\u00e1vem zadr\u017een\u00e9ho Ameri\u010dana z Ruska,&#8220;<\/span><\/em><span>\u00a0uvedl \u0159editel CIA John Ratcliffe v prohl\u00e1\u0161en\u00ed pro WSJ.\u00a0<\/span><em><span>&#8222;Jsem hrd\u00fd na d\u016fstojn\u00edky CIA, kte\u0159\u00ed ne\u00fanavn\u011b pracovali na podpo\u0159e tohoto \u00fasil\u00ed, a oce\u0148ujeme vl\u00e1du SAE za umo\u017en\u011bn\u00ed v\u00fdm\u011bny.&#8220;<\/span><\/em><\/p>\n<p><span>Mluv\u010d\u00ed CIA citovan\u00e1 WSJ uvedla, \u017ee\u00a0<\/span><em><span>\u201ev\u00fdm\u011bna ukazuje, jak d\u016fle\u017eit\u00e9 je udr\u017eovat otev\u0159en\u00e9 komunika\u010dn\u00ed linky s Ruskem, navzdory hlubok\u00fdm v\u00fdzv\u00e1m v na\u0161em bilater\u00e1ln\u00edm vztahu\u201c.<\/span><\/em><span>\u00a0Dodala, \u017ee a\u010dkoli je Washington\u00a0<\/span><em><span>\u201ezklam\u00e1n t\u00edm, \u017ee dal\u0161\u00ed Ameri\u010dan\u00e9 z\u016fst\u00e1vaj\u00ed nepr\u00e1vem zadr\u017eov\u00e1ni v Rusku, pova\u017eujeme tuto v\u00fdm\u011bnu za pozitivn\u00ed krok a budeme nad\u00e1le pracovat na jejich propu\u0161t\u011bn\u00ed\u201c.<\/span><\/em><\/p>\n<p><span>K p\u0159edchoz\u00ed v\u00fdm\u011bn\u011b v\u011bz\u0148\u016f mezi ob\u011bma zem\u011bmi do\u0161lo v \u00fanoru, kdy Moskva propustila Marca Fogela, b\u00fdval\u00e9ho zam\u011bstnance americk\u00e9 ambas\u00e1dy v Rusku a u\u010ditele na anglo-americk\u00e9 \u0161kole v Moskv\u011b, kter\u00fd byl zat\u010den za dr\u017een\u00ed marihuany a ha\u0161i\u0161ov\u00e9ho oleje. V\u00fdm\u011bnou za to USA propustily rusk\u00e9ho kryptopodnikatele a po\u010d\u00edta\u010dov\u00e9ho program\u00e1tora Aleksandra Vinnika, kter\u00fd byl obvin\u011bn z hacker\u016f, podvod\u016f a pran\u00ed \u0161pinav\u00fdch pen\u011bz.<\/span><\/p>\n<p><img decoding=\"async\" loading=\"lazy\" class=\"alignnone size-full wp-image-71983\" src=\"http:\/\/www.infokuryr.cz\/n\/wp-content\/uploads\/2025\/02\/aaa.jpg\" alt=\"\" width=\"89\" height=\"23\" \/><\/p>\n<p>&nbsp;<\/p>\n","protected":false},"excerpt":{"rendered":"<p>Tento krok p\u0159ich\u00e1z\u00ed v dob\u011b, kdy ob\u011b strany vedou druh\u00e9 kolo rozhovor\u016f o normalizaci bilater\u00e1ln\u00edch&#8230;<\/p>\n","protected":false},"author":2,"featured_media":76147,"comment_status":"closed","ping_status":"closed","sticky":false,"template":"","format":"standard","meta":[],"categories":[7],"tags":[22,37,1135,2228],"_links":{"self":[{"href":"https:\/\/www.infokuryr.cz\/n\/wp-json\/wp\/v2\/posts\/76146"}],"collection":[{"href":"https:\/\/www.infokuryr.cz\/n\/wp-json\/wp\/v2\/posts"}],"about":[{"href":"https:\/\/www.infokuryr.cz\/n\/wp-json\/wp\/v2\/types\/post"}],"author":[{"embeddable":true,"href":"https:\/\/www.infokuryr.cz\/n\/wp-json\/wp\/v2\/users\/2"}],"replies":[{"embeddable":true,"href":"https:\/\/www.infokuryr.cz\/n\/wp-json\/wp\/v2\/comments?post=76146"}],"version-history":[{"count":0,"href":"https:\/\/www.infokuryr.cz\/n\/wp-json\/wp\/v2\/posts\/76146\/revisions"}],"wp:featuredmedia":[{"embeddable":true,"href":"https:\/\/www.infokuryr.cz\/n\/wp-json\/wp\/v2\/media\/76147"}],"wp:attachment":[{"href":"https:\/\/www.infokuryr.cz\/n\/wp-json\/wp\/v2\/media?parent=76146"}],"wp:term":[{"taxonomy":"category","embeddable":true,"href":"https:\/\/www.infokuryr.cz\/n\/wp-json\/wp\/v2\/categories?post=76146"},{"taxonomy":"post_tag","embeddable":true,"href":"https:\/\/www.infokuryr.cz\/n\/wp-json\/wp\/v2\/tags?post=76146"}],"curies":[{"name":"wp","href":"https:\/\/api.w.org\/{rel}","templated":true}]}}