{"id":76114,"date":"2025-04-11T00:12:35","date_gmt":"2025-04-10T22:12:35","guid":{"rendered":"https:\/\/www.infokuryr.cz\/n\/?p=76114"},"modified":"2025-04-10T11:51:36","modified_gmt":"2025-04-10T09:51:36","slug":"vitejte-v-scripted-reality-jak-vlady-promenily-televizi-v-propagandisticky-stroj","status":"publish","type":"post","link":"https:\/\/www.infokuryr.cz\/n\/2025\/04\/11\/vitejte-v-scripted-reality-jak-vlady-promenily-televizi-v-propagandisticky-stroj\/","title":{"rendered":"V\u00edtejte v Scripted Reality: Jak vl\u00e1dy prom\u011bnily televizi v propagandistick\u00fd stroj"},"content":{"rendered":"<div id=\"fb-root\"><\/div>\n<p><span>P\u0159edstavte si: Talk show se zd\u00e1nliv\u011b skute\u010dn\u00fdmi lidmi, skute\u010dn\u00fdmi ot\u00e1zkami, skute\u010dn\u00fdmi obavami. Sestry mluv\u00ed o sv\u00e9m rozhodnut\u00ed o o\u010dkov\u00e1n\u00ed, odborn\u00edci odpov\u00eddaj\u00ed klidn\u011b a srozumiteln\u011b \u2013 a publikum m\u00e1 b\u00fdt uklidn\u011bno a p\u0159esv\u011bd\u010deno.<\/span><\/p>\n<p><span>To, co zn\u00ed jako otev\u0159en\u00e1 debata, byl ve skute\u010dnosti\u00a0<\/span><strong><span>kompletn\u011b napsan\u00fd PR form\u00e1t<\/span><\/strong><span>\u00a0.<\/span><\/p>\n<p><span>P\u0159esn\u011b to se stalo v\u00a0<\/span><strong><span>Nizozemsku<\/span><\/strong><span>\u00a0, jak ukazuj\u00ed ned\u00e1vno zve\u0159ejn\u011bn\u00e9 dokumenty WOB. Vl\u00e1dou financovan\u00e1 talk show zam\u011b\u0159en\u00e1 na zv\u00fd\u0161en\u00ed ochoty nechat se o\u010dkovat byla\u00a0<\/span><strong><span>zinscenov\u00e1na od za\u010d\u00e1tku do konce<\/span><\/strong><span>\u00a0. Ot\u00e1zky, odpov\u011bdi, \u00fa\u010dastn\u00edci \u2013 v\u0161e p\u0159edem slad\u011bno. \u017d\u00e1dn\u00e9 p\u0159ekvapen\u00ed, \u017e\u00e1dn\u00e1 kritika, \u017e\u00e1dn\u00e1 skute\u010dn\u00e1 diskuse. Pouze iluze dialogu.<\/span><\/p>\n<p><span>A kdo si mysl\u00ed, \u017ee jde o ojedin\u011bl\u00fd p\u0159\u00edpad, m\u00fdl\u00ed se.<\/span><\/p>\n<p><span>Tak\u00e9 v\u00a0<\/span><strong><span>N\u011bmecku<\/span><\/strong><span>\u00a0se v obdob\u00ed Corony systematicky soust\u0159edilo na inscenov\u00e1n\u00ed. Vl\u00e1dn\u00ed mluv\u010d\u00ed vystupovali v intern\u00edch video form\u00e1tech, \u201etalk show\u201c nab\u00edzely jednostrann\u00e9 panelisty a influence\u0159i byli placeni za \u0161\u00ed\u0159en\u00ed vl\u00e1dn\u00edch linek. Kritika? Z\u0159\u00eddka. Nesouhlasn\u00e9 n\u00e1zory? Ne\u017e\u00e1douc\u00ed.<\/span><\/p>\n<p><span>Paralely s holandskou PR ofenz\u00edvou jsou zar\u00e1\u017eej\u00edc\u00ed \u2013 a vyvol\u00e1vaj\u00ed mnohem z\u00e1sadn\u011bj\u0161\u00ed ot\u00e1zku:<\/span><br \/>\n<strong><span>Kolik pravdy je je\u0161t\u011b v n\u011bmeck\u00e9 televizi?<\/span><\/strong><\/p>\n<h3 class=\"wp-block-heading\"><strong><span>Televize jako vl\u00e1dn\u00ed n\u00e1stroj<\/span><\/strong><\/h3>\n<p><span>To, co bylo kdysi pova\u017eov\u00e1no za \u010dtvrt\u00fd stav, kontroln\u00ed mechanismus pro mocn\u00e9, je dnes \u010dasto sou\u010d\u00e1st\u00ed apar\u00e1tu. Kdy\u017e zapnete televizi, \u010dasto dostanete\u00a0<\/span><strong><span>narativn\u011b vy\u010di\u0161t\u011bn\u00fd program<\/span><\/strong><span>\u00a0, prolo\u017een\u00fd emocemi, mor\u00e1lkou a alarmismem \u2013 v z\u00e1vislosti na c\u00edli.<\/span><\/p>\n<p><strong><span>Goebbels m\u011bl r\u00e1dio. Dne\u0161n\u00ed s\u00edla spo\u010d\u00edv\u00e1 v televizi, streamov\u00e1n\u00ed, internetu a soci\u00e1ln\u00edch s\u00edt\u00edch.<\/span><\/strong><br \/>\n<span>Propagandistick\u00e1 ma\u0161in\u00e9rie b\u011b\u017e\u00ed na v\u0161ech kan\u00e1lech, 24 hodin denn\u011b, v masce \u201einformac\u00ed\u201c a \u201eodpov\u011bdnosti\u201c.<\/span><\/p>\n<p><span>M\u00edsto skute\u010dn\u00e9 debaty je tu p\u0159edem formulovan\u00fd n\u00e1zor. M\u00edsto kritick\u00e9 anal\u00fdzy existuje sc\u00e9n\u00e1\u0159ov\u00fd konsensus. A ti, kte\u0159\u00ed se odchyluj\u00ed, jsou o\u010der\u0148ov\u00e1ni nebo uml\u010dov\u00e1ni.<\/span><\/p>\n<h3 class=\"wp-block-heading\"><strong><span>Podv\u00e1d\u011bn\u00ed jako strategie<\/span><\/strong><\/h3>\n<p><span>Odhalen\u00ed z Nizozemska ukazuj\u00ed, \u017ee to, co bylo prod\u00e1v\u00e1no jako otev\u0159en\u00e1 diskuse, byla hra s jasn\u00fdm poselstv\u00edm.<\/span><br \/>\n<span>N\u011bmecko v tomto ohledu nen\u00ed o nic lep\u0161\u00ed \u2013 naopak. To bylo nejen zinscenov\u00e1no, ale tak\u00e9 cenzurov\u00e1no: platformy smazaly obsah, kan\u00e1ly byly demonetizov\u00e1ny a v\u011bdci s odli\u0161n\u00fdmi n\u00e1zory byli vylou\u010deni.<\/span><\/p>\n<p><span>To v\u0161e nen\u00ed n\u00e1hoda, ale\u00a0<\/span><strong><span>strategie<\/span><\/strong><span>\u00a0. V\u011bdom\u00e1 forma\u00a0<\/span><strong><span>manipulace s n\u00e1zory,<\/span><\/strong><span>\u00a0v n\u00ed\u017e div\u00e1k nem\u00e1 b\u00fdt informov\u00e1n, ale m\u00e1 b\u00fdt formov\u00e1n.<\/span><\/p>\n<h3 class=\"wp-block-heading\"><strong><span>Skute\u010dn\u00e1 pandemie: Ztr\u00e1ta pravdy<\/span><\/strong><\/h3>\n<p><span>Kdy\u017e vl\u00e1dn\u00ed agentury tajn\u011b p\u00ed\u0161\u00ed po\u0159ady, odborn\u00edci recituj\u00ed dobr\u00e9 texty a m\u00e9dia to prod\u00e1vaj\u00ed jako \u017eurnalistiku \u2013 pak je demokracie v ohro\u017een\u00ed.<\/span><br \/>\n<span>Proto\u017ee demokracie prosperuje z debat, rozmanitosti a nep\u0159edv\u00eddatelnosti. A ne z prefabrikovan\u00fdch sc\u00e9n\u00e1\u0159\u016f a inscenovan\u00e9 harmonie.<\/span><\/p>\n<p><span>Ka\u017ed\u00fd, kdo st\u00e1le v\u011b\u0159\u00ed, \u017ee televize je neutr\u00e1ln\u00ed informa\u010dn\u00ed kan\u00e1l, nepochopil syst\u00e9m.<\/span><br \/>\n<span>Je to naopak:\u00a0<\/span><strong><span>dokonal\u00fd n\u00e1stroj pro hromadn\u00e9 ovl\u00e1d\u00e1n\u00ed<\/span><\/strong><span>\u00a0.<\/span><\/p>\n<h3 class=\"wp-block-heading\"><strong><span>Z\u00e1v\u011br: Vypn\u011bte televizi \u2013 a za\u010dn\u011bte p\u0159em\u00fd\u0161let<\/span><\/strong><\/h3>\n<p><span>To, co za\u017e\u00edv\u00e1me, nen\u00ed v\u00fdjimkou, ale novou normou:<\/span><br \/>\n<strong><span>sc\u00e9n\u00e1\u0159 p\u00ed\u0161e politika. M\u00e9dia to zopakuj\u00ed. A div\u00e1ci by m\u011bli tleskat.<\/span><\/strong><\/p>\n<p><span>Pravda? Za\u010d\u00edn\u00e1 tam, kde kon\u010d\u00ed sc\u00e9n\u00e1\u0159.<\/span><br \/>\n<span>Zeptejte se sami sebe: Co kdy\u017e v\u0161echno, co vid\u00edte, nen\u00ed skute\u010dn\u00e9?<\/span><\/p>\n<p><span>Proto\u017ee mo\u017en\u00e1 je to p\u0159esn\u011b ono.<\/span><\/p>\n<p><span>Zdroje:<\/span><\/p>\n<h3 class=\"wp-block-heading\"><strong><span>NIZOZEM\u00cd<\/span><\/strong><\/h3>\n<ol>\n<li><strong><span>NineForNews &#8211; Odhalen\u00ed prost\u0159ednictv\u00edm dokument\u016f WOB<\/span><\/strong><br \/>\n<span>N\u00e1zev:\u00a0<\/span><em><span>Vrijgegeven WOB-documenten onthullen: talkshow om vaccinatiebereidheid op te krikken was volledig gescript<\/span><\/em><br \/>\n<span>URL:\u00a0<\/span><a href=\"https:\/\/www.ninefornews.nl\/vrijgegeven-wob-documenten-onthullen-talkshow-om-vaccinatiebereidheid-op-te-krikken-was-volledig-gescript\"><span>https:\/\/www.ninefornews.nl\/vrijgegeven-wob-documenten-onthullen-talkshow-om-vaccinatiebereidheid-op-te-krikken-was-volledig-gescript<\/span><\/a><\/li>\n<li><strong><span>Obsah p\u016fvodn\u00edch dokument\u016f WOB<\/span><\/strong><span>\u00a0(p\u0159es FragdenStaat NL)<\/span><br \/>\n<span>potvrzuje, \u017ee ot\u00e1zky a odpov\u011bdi v talk show p\u0159ipravilo nizozemsk\u00e9 ministerstvo zdravotnictv\u00ed.<\/span><br \/>\n<span>\u27a4 Zahrnuto do zpravodajstv\u00ed NineForNews<\/span><\/li>\n<\/ol>\n<h3 class=\"wp-block-heading\"><strong><span>N\u011aMECKO<\/span><\/strong><\/h3>\n<ol>\n<li><strong><span>Correctiv \u2013 Anal\u00fdza dokumentu BMI o strategii strachu (2020)<\/span><\/strong><br \/>\n<span>N\u00e1zev:\u00a0<\/span><em><span>Strategick\u00fd dokument Corona od Ministerstva vnitra<\/span><\/em><br \/>\n<span>URL:\u00a0<\/span><a href=\"https:\/\/correctiv.org\/faktencheck\/2020\/04\/03\/strategiepapier-des-innenministeriums-zum-coronavirus-legt-angstnahe-kommunikation-nahe\/\"><span>https:\/\/correctiv.org\/faktencheck\/2020\/04\/03\/strategiepapier-des-innenministeriums-zum-coronavirus-legt-angstnahe-kommunikation-nahe\/<\/span><\/a><\/li>\n<li><strong><span>Feder\u00e1ln\u00ed vl\u00e1da \u2013\u00a0Kampa\u0148 \u201e#besonderehelden\u201c (2020)<\/span><\/strong><br \/>\n<span>Inscenovan\u00e1 videa a p\u0159\u00edsp\u011bvky na soci\u00e1ln\u00edch s\u00edt\u00edch o o\u010dkov\u00e1n\u00ed a m\u011b\u0159en\u00ed p\u0159ijet\u00ed<\/span><br \/>\n<span>URL:\u00a0<\/span><a href=\"https:\/\/www.bundesregierung.de\/breg-de\/themen\/coronavirus\/besondere-helden-1812292\"><span>https:\/\/www.bundesregierung.de\/breg-de\/themen\/coronavirus\/besondere-helden-1812292<\/span><\/a><\/li>\n<li><strong><span>ZDF, ARD \u2013 provl\u00e1dn\u00ed talk show s jednostrann\u00fdm obsazen\u00edm<\/span><\/strong><br \/>\n<span>\u010cetn\u00e9 kritiky v alternativn\u00edch m\u00e9di\u00edch ohledn\u011b nedostatku plurality v po\u0159adech jako\u00a0<\/span><em><span>Maybrit Illner<\/span><\/em><span>\u00a0,\u00a0<\/span><em><span>Anne Will<\/span><\/em><span>\u00a0,\u00a0<\/span><em><span>Hart aber fair<\/span><\/em><span>\u00a0.<\/span><br \/>\n<span>\u27a4 P\u0159\u00edklad:\u00a0<\/span><a href=\"https:\/\/www.nachdenkseiten.de\/\"><span>NachDenkSeiten<\/span><\/a><span>\u00a0\u2013\u00a0<\/span><em><span>Jednostrannost talk show o politice Corony<\/span><\/em><\/li>\n<li><strong><span>Feder\u00e1ln\u00ed centrum pro zdravotn\u00ed v\u00fdchovu (BZgA) \u2013<\/span><\/strong><br \/>\n<span>URL kampan\u011b \u201eFact Booster\u201c:\u00a0<\/span><a href=\"https:\/\/www.infektionsschutz.de\/impfen\/corona-impfung\/kampagne-fakten-booster.html\"><span>https:\/\/www.infektionsschutz.de\/impfen\/corona-impfung\/kampagne-fakten-booster.html<\/span><\/a><\/li>\n<li><strong><span>Zpr\u00e1vy o dohod\u00e1ch s ve\u0159ejnopr\u00e1vn\u00edmi stanicemi<\/span><\/strong><br \/>\n<span>\u27a4 P\u0159\u00edklad:\u00a0<\/span><em><span>Drosten pouze s p\u0159edchoz\u00edm p\u0159ezkoum\u00e1n\u00edm RKI<\/span><\/em><span>\u00a0(zdroje nap\u0159. Reitschuster, Tichys Einblick)<\/span><\/li>\n<\/ol>\n<p><img decoding=\"async\" loading=\"lazy\" class=\"alignnone size-full wp-image-1185\" src=\"http:\/\/www.infokuryr.cz\/n\/wp-content\/uploads\/2021\/04\/kuryr-podpis.png\" alt=\"\" width=\"84\" height=\"24\" \/><\/p>\n<p>&nbsp;<\/p>\n","protected":false},"excerpt":{"rendered":"<p>P\u0159edstavte si: Talk show se zd\u00e1nliv\u011b skute\u010dn\u00fdmi lidmi, skute\u010dn\u00fdmi ot\u00e1zkami, skute\u010dn\u00fdmi obavami. Sestry mluv\u00ed o&#8230;<\/p>\n","protected":false},"author":2,"featured_media":19875,"comment_status":"closed","ping_status":"closed","sticky":false,"template":"","format":"standard","meta":[],"categories":[7],"tags":[5799,1698,99],"_links":{"self":[{"href":"https:\/\/www.infokuryr.cz\/n\/wp-json\/wp\/v2\/posts\/76114"}],"collection":[{"href":"https:\/\/www.infokuryr.cz\/n\/wp-json\/wp\/v2\/posts"}],"about":[{"href":"https:\/\/www.infokuryr.cz\/n\/wp-json\/wp\/v2\/types\/post"}],"author":[{"embeddable":true,"href":"https:\/\/www.infokuryr.cz\/n\/wp-json\/wp\/v2\/users\/2"}],"replies":[{"embeddable":true,"href":"https:\/\/www.infokuryr.cz\/n\/wp-json\/wp\/v2\/comments?post=76114"}],"version-history":[{"count":0,"href":"https:\/\/www.infokuryr.cz\/n\/wp-json\/wp\/v2\/posts\/76114\/revisions"}],"wp:featuredmedia":[{"embeddable":true,"href":"https:\/\/www.infokuryr.cz\/n\/wp-json\/wp\/v2\/media\/19875"}],"wp:attachment":[{"href":"https:\/\/www.infokuryr.cz\/n\/wp-json\/wp\/v2\/media?parent=76114"}],"wp:term":[{"taxonomy":"category","embeddable":true,"href":"https:\/\/www.infokuryr.cz\/n\/wp-json\/wp\/v2\/categories?post=76114"},{"taxonomy":"post_tag","embeddable":true,"href":"https:\/\/www.infokuryr.cz\/n\/wp-json\/wp\/v2\/tags?post=76114"}],"curies":[{"name":"wp","href":"https:\/\/api.w.org\/{rel}","templated":true}]}}