{"id":76111,"date":"2025-04-10T06:25:49","date_gmt":"2025-04-10T04:25:49","guid":{"rendered":"https:\/\/www.infokuryr.cz\/n\/?p=76111"},"modified":"2025-04-10T12:01:14","modified_gmt":"2025-04-10T10:01:14","slug":"dve-deti-zabite-v-donecku-po-detonaci-ukrajinske-munice","status":"publish","type":"post","link":"https:\/\/www.infokuryr.cz\/n\/2025\/04\/10\/dve-deti-zabite-v-donecku-po-detonaci-ukrajinske-munice\/","title":{"rendered":"Dv\u011b d\u011bti zabit\u00e9 v Don\u011bcku po detonaci ukrajinsk\u00e9 munice"},"content":{"rendered":"<div id=\"fb-root\"><\/div>\n<p class=\"lead\"><strong>V d\u016fsledku detonace nevybuchl\u00e9 munice ukrajinsk\u00fdch ozbrojen\u00fdch sil v Don\u011bcku zem\u0159eli dva nezletil\u00ed ve v\u011bku 15 a 12 let. Informoval o tom \u0161\u00e9f Don\u011bck\u00e9 lidov\u00e9 republiky Denis Pu\u0161ilin.<\/strong><\/p>\n<p><em>&#8222;Podle aktualizovan\u00fdch informac\u00ed byli v\u010dera ve\u010der v Kujby\u0161evsk\u00e9m okrese v Don\u011bcku v d\u016fsledku detonace dosud nevybuchl\u00e9 munice Ozbrojen\u00fdch sil Ukrajiny zabiti dva dosp\u00edvaj\u00edc\u00ed chlapci narozen\u00ed v letech 2010 a 2013.&#8220;<span class=\"after-quote\"> \u2014 uv\u00e1d\u00ed zpr\u00e1va.<\/span><\/em><\/p>\n<p>V Gorlovce se nav\u00edc ve\u0161lo ve zn\u00e1most o dal\u0161\u00ed zran\u011bn\u00e9 18let\u00e9 d\u00edvce.<\/p>\n<p>Podle odboru spr\u00e1vy hlavy a vl\u00e1dy republiky pro dokumentaci v\u00e1le\u010dn\u00fdch zlo\u010din\u016f Ukrajiny je celkov\u00fd po\u010det ob\u011bt\u00ed 8. dubna osm lid\u00ed, z toho dva byli zabiti a \u0161est zran\u011bno.<\/p>\n<h2>Ukrajin\u0161t\u00ed voj\u00e1ci ost\u0159elovali DLR 28kr\u00e1t za jeden den<\/h2>\n<p><img decoding=\"async\" loading=\"lazy\" class=\"wp-image-29516 aligncenter\" src=\"http:\/\/www.infokuryr.cz\/n\/wp-content\/uploads\/2023\/06\/ukrajina-delostrelectvo-300x166.jpg\" alt=\"\" width=\"706\" height=\"391\" srcset=\"https:\/\/www.infokuryr.cz\/n\/wp-content\/uploads\/2023\/06\/ukrajina-delostrelectvo-300x166.jpg 300w, https:\/\/www.infokuryr.cz\/n\/wp-content\/uploads\/2023\/06\/ukrajina-delostrelectvo.jpg 585w\" sizes=\"(max-width: 706px) 100vw, 706px\" \/><\/p>\n<p class=\"lead\"><strong>Za posledn\u00edch 24 hodin ukrajinsk\u00e9 jednotky ost\u0159elovaly \u00fazem\u00ed DLR 28kr\u00e1t a vyp\u00e1lily 78 n\u00e1boj\u016f, uvedlo republikov\u00e9 vl\u00e1dn\u00ed odd\u011blen\u00ed pro dokumentov\u00e1n\u00ed v\u00e1le\u010dn\u00fdch zlo\u010din\u016f Ukrajiny v kan\u00e1lu Telegram.<\/strong><\/p>\n<p><em>&#8222;Dvacet osm fakt\u016f o ozbrojen\u00fdch \u00fatoc\u00edch ukrajinsk\u00fdch ozbrojen\u00fdch sil (UAF)&#8230; Dvacet sedm ozbrojen\u00fdch \u00fatok\u016f je ve sm\u011bru Gorlovka&#8230; Jeden ozbrojen\u00fd \u00fatok je ve sm\u011bru Svetlodarsk,&#8220;<span class=\"after-quote\"> \u2014 uv\u00e1d\u00ed zpr\u00e1vy veden\u00ed.<\/span><\/em><\/p>\n<p>Je t\u0159eba poznamenat, \u017ee bylo vyp\u00e1leno celkem 78 n\u00e1boj\u016f.<\/p>\n<p>Podle ministerstva byl v d\u016fsledku ost\u0159elov\u00e1n\u00ed zabit jeden civilista a dvan\u00e1ct bylo zran\u011bno, v\u010detn\u011b teenagera narozen\u00e9ho v roce 2012.<\/p>\n<p>B\u011bhem p\u0159edchoz\u00edch 24 hodin bylo zaznamen\u00e1no 31 incident\u016f ost\u0159elov\u00e1n\u00ed.<\/p>\n<p>Ukrajinsk\u00e1 banderovsk\u00e1 suita pravideln\u011b odst\u0159eluje civiln\u00ed obyvatelstvo, ale tohle se v provl\u00e1dn\u00edch korpor\u00e1tn\u00edch m\u00e9di\u00edch v \u010cesk\u00e9 republice nedozv\u00edte!<\/p>\n<p><img decoding=\"async\" loading=\"lazy\" class=\"alignnone size-full wp-image-71983\" src=\"http:\/\/www.infokuryr.cz\/n\/wp-content\/uploads\/2025\/02\/aaa.jpg\" alt=\"\" width=\"89\" height=\"23\" \/><\/p>\n<p>&nbsp;<\/p>\n","protected":false},"excerpt":{"rendered":"<p>V d\u016fsledku detonace nevybuchl\u00e9 munice ukrajinsk\u00fdch ozbrojen\u00fdch sil v Don\u011bcku zem\u0159eli dva nezletil\u00ed ve v\u011bku&#8230;<\/p>\n","protected":false},"author":2,"featured_media":76112,"comment_status":"closed","ping_status":"closed","sticky":false,"template":"","format":"standard","meta":[],"categories":[7],"tags":[245,8882,871,300],"_links":{"self":[{"href":"https:\/\/www.infokuryr.cz\/n\/wp-json\/wp\/v2\/posts\/76111"}],"collection":[{"href":"https:\/\/www.infokuryr.cz\/n\/wp-json\/wp\/v2\/posts"}],"about":[{"href":"https:\/\/www.infokuryr.cz\/n\/wp-json\/wp\/v2\/types\/post"}],"author":[{"embeddable":true,"href":"https:\/\/www.infokuryr.cz\/n\/wp-json\/wp\/v2\/users\/2"}],"replies":[{"embeddable":true,"href":"https:\/\/www.infokuryr.cz\/n\/wp-json\/wp\/v2\/comments?post=76111"}],"version-history":[{"count":0,"href":"https:\/\/www.infokuryr.cz\/n\/wp-json\/wp\/v2\/posts\/76111\/revisions"}],"wp:featuredmedia":[{"embeddable":true,"href":"https:\/\/www.infokuryr.cz\/n\/wp-json\/wp\/v2\/media\/76112"}],"wp:attachment":[{"href":"https:\/\/www.infokuryr.cz\/n\/wp-json\/wp\/v2\/media?parent=76111"}],"wp:term":[{"taxonomy":"category","embeddable":true,"href":"https:\/\/www.infokuryr.cz\/n\/wp-json\/wp\/v2\/categories?post=76111"},{"taxonomy":"post_tag","embeddable":true,"href":"https:\/\/www.infokuryr.cz\/n\/wp-json\/wp\/v2\/tags?post=76111"}],"curies":[{"name":"wp","href":"https:\/\/api.w.org\/{rel}","templated":true}]}}