{"id":7611,"date":"2022-01-17T09:38:20","date_gmt":"2022-01-17T08:38:20","guid":{"rendered":"http:\/\/www.infokuryr.cz\/n\/?p=7611"},"modified":"2022-01-17T09:38:20","modified_gmt":"2022-01-17T08:38:20","slug":"nedelnik-adama-b-bartose-70-narodni-demokracie-neni-na-nemocenske","status":"publish","type":"post","link":"https:\/\/www.infokuryr.cz\/n\/2022\/01\/17\/nedelnik-adama-b-bartose-70-narodni-demokracie-neni-na-nemocenske\/","title":{"rendered":"NED\u011aLN\u00cdK ADAMA B. BARTO\u0160E (70): N\u00c1RODN\u00cd DEMOKRACIE NEN\u00cd NA NEMOCENSK\u00c9"},"content":{"rendered":"<div id=\"fb-root\"><\/div>\n<p>Po v\u010derej\u0161ku jsem o rok star\u0161\u00ed (a douf\u00e1m, \u017ee i moud\u0159ej\u0161\u00ed) a po 11. lednu je o rok star\u0161\u00ed i N\u00e1rodn\u00ed demokracie. Je to u\u017e osm let, co jsme obnovili stranu Karla Kram\u00e1\u0159e. Malou rekapitulaci tu p\u0159ed \u010dasem sepsal\u00a0<a href=\"https:\/\/narodnidemokracie.cz\/ivan-cicha-osm-let-obnovene-narodni-demokracie-mela-a-ma-nejaky-vliv-na-politiku-cr\/\" target=\"_blank\" rel=\"noopener\"><em><strong>kolega C\u00edcha<\/strong><\/em><\/a>, tak\u017ee jsem r\u00e1d, \u017ee dnes mohu pokro\u010dit a pod\u00edvat se v\u00edce do budoucna. Ned\u00e1 mi to ale, abych neokomentoval ned\u00e1vn\u00e9 ud\u00e1losti na \u201evlasteneck\u00e9\u201c sc\u00e9n\u011b.<span id=\"more-12630\"><\/span><\/p>\n<p>Ve Voln\u00e9m bloku se to pere. Jana Volfov\u00e1 se ve\u0159ejn\u011b distancovala od Lubom\u00edra Voln\u00e9ho, a to nejen kv\u016fli\u00a0<a href=\"https:\/\/www.idnes.cz\/zpravy\/domaci\/lubomir-volny-nemocenska-demonstrace.A220111_083324_domaci_mgn\" target=\"_blank\" rel=\"noopener\"><em><strong>jeho kauze zneu\u017e\u00edv\u00e1n\u00ed nemocensk\u00e9<\/strong><\/em><\/a>, ale nejsp\u00ed\u0161e jde o hlub\u0161\u00ed vnitrostranick\u00fd probl\u00e9m, proto\u017ee\u00a0<a href=\"https:\/\/volnyblok.cz\/tiskove-prohlaseni\/\"><em><strong>jinak by nenapsala<\/strong><\/em><\/a>, \u017ee \u201ezah\u00e1jila nutn\u00e9 kroky vedouc\u00ed k n\u00e1vratu tradi\u010dn\u00edho n\u00e1zvu na\u0161\u00ed strany a odpojen\u00ed se od v\u0161eho, co n\u00e1s jak\u00fdmkoliv zp\u016fsobem spojuje s \u2013 podle n\u00e1s \u2013 zdiskreditovanou zna\u010dkou Voln\u00fd blok (n\u00e1zev strany, logo a dal\u0161\u00ed grafick\u00e9 symboly).\u201c<\/p>\n<p>Kdo vzpomene na dobu p\u0159ed volbami a na t\u00e9m\u011b\u0159 nerozlu\u010dnou dvojici Jana + Lubo\u0161, ten se mus\u00ed divit, co se asi stalo. Podle m\u00e9ho jde o regul\u00e9rn\u00ed vnitrostranick\u00fd boj, proto\u017ee pokud L. Voln\u00fd je\u0161t\u011b z Voln\u00e9ho bloku neode\u0161el (a to podle m\u00fdch informac\u00ed neode\u0161el), pak slova Volfov\u00e9 nazna\u010duj\u00ed, \u017ee bude vy\u0161t\u00edp\u00e1n. A vy\u0161t\u00edp\u00e1v\u00e1n jist\u011b nen\u00ed jen kv\u016fli medi\u00e1ln\u00edm zpr\u00e1v\u00e1m o nemocensk\u00e9, ale nejsp\u00ed\u0161e proto, \u017ee velk\u00e9 Jan\u011b za\u010dal ve stran\u011b d\u011blat probl\u00e9my jin\u00e9ho charakteru. \u017de by j\u00ed moc lezl do zel\u00ed?<\/p>\n<p>Lubo\u0161 Voln\u00fd p\u0159ed \u010dasem \u201e\u0161el do sebe\u201c a ve sv\u00fdch vide\u00edch tvrd\u00ed, \u017ee jeho z\u00e1m\u011br k\u00e1drovat p\u0159ed volbami vlasteneckou sc\u00e9nu, nebyl spr\u00e1vn\u00fd a \u017ee u\u017e by to nyn\u00ed d\u011blal jinak. Nev\u00edm, zda t\u00edm cht\u011bl \u0159\u00edci, \u017ee by tentokr\u00e1t N\u00e1rodn\u00ed demokracii ze spole\u010dn\u00e9ho podniku nevylu\u010doval, ale pravdou je, \u017ee pot\u00e9, co se takto o\u0161kliv\u011b umazal svoj\u00ed posledn\u00ed kauzou, mne u\u017e ani nezaj\u00edm\u00e1, jak to myslel. Jedna v\u011bc jsou \u00fatoky m\u00e9di\u00ed, kter\u00e9 \u010dasto mohou b\u00fdt a jsou podp\u00e1sov\u00e9, ale aspiruje-li n\u011bkdo na \u201ev\u016fdce\u201c n\u00e1rodn\u00ed opozice, nem\u011bl by se dopou\u0161t\u011bt takov\u00fdch p\u0159e\u0161lap\u016f. Po\u0161kozuje to cel\u00e9 vlasteneck\u00e9 a n\u00e1rodn\u00ed hnut\u00ed, proto\u017ee n\u00e1s lid\u00e9 a m\u00e9dia h\u00e1zej\u00ed do jednoho pytle, zvl\u00e1\u0161t\u011b pot\u00e9, co jsme se posledn\u00ed dobou za\u010dali sch\u00e1zet na stejn\u00fdch demonstrac\u00edch a na stejn\u00fdch p\u00f3di\u00edch.<\/p>\n<p>Aby toho nebylo m\u00e1lo, nebyl jedin\u00fd, kdo se nechal m\u00e9dii takto nachytat.\u00a0<a href=\"https:\/\/www.idnes.cz\/zpravy\/domaci\/zuzana-majerova-zahradnikova-nemocenska-trikolora-davky-zdravi-snemovna.A220112_132859_domaci_pmk\" target=\"_blank\" rel=\"noopener\"><em><strong>Stejn\u00e9ho proh\u0159e\u0161ku<\/strong><\/em><\/a>\u00a0se zneu\u017e\u00edv\u00e1n\u00edm nemocensk\u00e9 se \u00fadajn\u011b dopustila i p\u0159edsedkyn\u011b Trikol\u00f3ry Zuzana Majerov\u00e1-Zahradn\u00edkov\u00e1. I v jej\u00ed stran\u011b se schyluje k boji o moc a h\u00e1d\u00e1m, \u017ee jej\u00ed vyzyvatel, pr\u00e1vn\u00edk Jind\u0159ich Rajchl, kter\u00fd by ji r\u00e1d v \u010dele vyst\u0159\u00eddal, jej\u00edho pochyben\u00ed r\u00e1d vyu\u017eije. Trikol\u00f3ra m\u00e1 m\u00edt sjezd na konci ledna.<\/p>\n<p>Co to tedy znamen\u00e1? Dv\u011b nejsiln\u011bj\u0161\u00ed (z hlediska volebn\u00edch v\u00fdsledk\u016f) vlasteneck\u00e9 strany si budou volit nov\u00e9 veden\u00ed. L\u00edd\u0159i obou stran se nechali dost ne\u0161ikovn\u011b kompromitovat. Jak dopadne vnitrostranick\u00e9 kl\u00e1n\u00ed ve Voln\u00e9m bloku, p\u0159edv\u00eddat nem\u016f\u017eeme. Udr\u017e\u00ed-li si Jana Volfov\u00e1 svoji stranu, p\u0159ejmenuje ji zp\u011bt na Suverenitu nebo na n\u011bco podobn\u00e9ho, s Voln\u00fdm u\u017e nic spole\u010dn\u00e9ho m\u00edt nebude. Voln\u00fd blok skon\u010d\u00ed, p\u0159estane existovat. Vyhraje-li naopak Voln\u00fd, strana p\u016fjde do kopru, proto\u017ee Voln\u00fd nen\u00ed dost dobr\u00fd v administrativ\u011b, kterou veden\u00ed strany tak\u00e9 obn\u00e1\u0161\u00ed \u2013 nem\u00e1 v mal\u00edku v\u011bci, kter\u00e9 v mal\u00edku m\u00e1 Volfov\u00e1. Neudr\u017eel ani svoji vlastn\u00ed stranu (Jednotn\u00ed). A Volfov\u00e1 \u2013 to se j\u00ed mus\u00ed p\u0159iznat \u2013 jej jen \u0161ikovn\u011b vyu\u017eila, proto\u017ee \u0161lo o medi\u00e1ln\u011b nezvykle viditeln\u00e9ho poslance. Je to ostatn\u011b jej\u00ed star\u00fd trik \u2013 v\u017edy si n\u011bkoho vyhl\u00e9dne, koho postav\u00ed do \u010dela \u2013 jednou Bobo\u0161\u00edkovou, pak Konvi\u010dku, jindy Ratha, naposledy pr\u00e1v\u011b Lubo\u0161e Voln\u00e9ho. A i kdyby Voln\u00fd stranu p\u0159evzal a nenechal si ji zru\u0161it, jeho medi\u00e1ln\u00ed pov\u011bst je dost po\u0161ramocen\u00e1.<\/p>\n<p>U Trikol\u00f3ry by v\u00edt\u011bzstv\u00ed Rajchla znamenalo bli\u017e\u0161\u00ed vztahy s Chc\u00edpl\u00fdm psem, ale v\u00edce spekulovat nem\u00e1 smysl. Rajchl m\u00e1 ur\u010dit\u011b tah na br\u00e1nu a ned\u00e1 se mu up\u0159\u00edt, \u017ee je u\u017e nyn\u00ed hodn\u011b viditeln\u00fdm p\u0159edstavitelem Trikol\u00f3ry. Veden\u00ed strany by si zaslou\u017eil v\u00edce, ne\u017e Zuzana, kter\u00e9 veden\u00ed strany spadlo do kl\u00edna pot\u00e9, co si mlad\u00fd Klaus (do kter\u00e9ho byla zamilovan\u00e1) st\u00e1hnul kalhoty n\u011bkolik kilometr\u016f p\u0159ed brodem. Ideov\u011b se ale na Trikol\u00f3\u0159e nic m\u011bnit nebude, bude to i nad\u00e1le strana pravicov\u00fdch liber\u00e1l\u016f.<\/p>\n<p>Aby bylo jasno, nikomu se neposm\u00edv\u00e1m. Jen mne nep\u0159est\u00e1v\u00e1 p\u0159ekvapovat, jak to, co n\u011bkdy medi\u00e1ln\u011b vypad\u00e1 jako \u201ejasn\u011b lo\u017een\u00e9\u201c, je ve skute\u010dnosti \u010dasto \u00fapln\u011b jinak. Mlad\u00fd Klaus byl \u2013 a najednou ho nen\u00ed. Volfov\u00e1 \u201emilovala\u201c Voln\u00e9ho \u2013 a nyn\u00ed ho zatracuje. Voln\u00fd se kasal, jak se nechce medi\u00e1ln\u011b u\u0161pinit s antisemitou \u2013 ale d\u011bl\u00e1 jednu medi\u00e1ln\u00ed botu za druhou. A \u201ekonzervativn\u00ed\u201c Zahradn\u00edkov\u00e1 \u2013 si nab\u011bhla \u00fapln\u011b stejn\u011b, jako ten populista Voln\u00fd, od kter\u00e9ho se tolik cht\u011bla odli\u0161it.<\/p>\n<p>Ani my jsme ve volb\u00e1ch nedopadli slavn\u011b. Ale alespo\u0148 si dr\u017e\u00edme vnit\u0159n\u00ed integritu. Nejdeme si po volb\u00e1ch ve stran\u011b po krku, ned\u011bl\u00e1me blbosti. Sp\u00ed\u0161e vy\u010dk\u00e1v\u00e1me, proto\u017ee v\u00edme, \u017ee n\u00e1\u0161 \u010das p\u0159ijde. Mus\u00edme utvo\u0159it siln\u00fd n\u00e1rodoveck\u00fd blok, kter\u00fd bude alternativou k Trikol\u00f3\u0159e, k Voln\u00e9mu bloku (pokud n\u011bjak\u00fd Voln\u00fd blok je\u0161t\u011b bude), k SPD. I nad\u00e1le \u00fazce spolupracujeme s ANS, proto\u017ee na\u0161e p\u0159edvolebn\u00ed spolupr\u00e1ce nebyla \u00fa\u010delov\u00e1, ale u\u017e tehdy jsem \u0159\u00edkal, \u017ee bude pokra\u010dovat i po volb\u00e1ch, a\u0165 ty dopadnou jakkoli.<\/p>\n<p>Z\u00e1rove\u0148 se sna\u017e\u00edme spolupracovat se v\u0161emi stranami p\u0159i po\u0159\u00e1d\u00e1n\u00ed protivakcina\u010dn\u00edch demonstrac\u00ed. I pro n\u011b toti\u017e plat\u00ed to, co pro volby \u2013 nem\u00e1 smysl t\u0159\u00ed\u0161tit s\u00edly a nem\u00e1 smysl d\u011blat n\u011bkolik mal\u00fdch vz\u00e1jemn\u011b si konkuruj\u00edc\u00edch protest\u016f, ale spojit se do jednoho. Nap\u0159\u00edklad dnes v Plzni prob\u011bhla dal\u0161\u00ed velk\u00e1 demonstrace, na kter\u00e9 bylo odhadem od dvou do \u010dty\u0159 tis\u00edc lid\u00ed. Po\u0159\u00e1dalo ji n\u011bkolik stran dohromady a ND na n\u00ed nemohla chyb\u011bt (za ND na n\u00ed mluvili V\u00edt Skalsk\u00fd a Jan Sedl\u00e1\u010dek). Chceme tak navenek uk\u00e1zat, \u017ee jsme jednotn\u00ed, proto\u017ee nic jin\u00e9ho, ne\u017e jednotn\u00fd postup, n\u00e1m tv\u00e1\u0159\u00ed v tv\u00e1\u0159 vakcina\u010dn\u00edmu teroru nepom\u016f\u017ee.<\/p>\n<p><img decoding=\"async\" loading=\"lazy\" class=\"alignnone size-full wp-image-12631 lazy-loaded\" src=\"https:\/\/narodnidemokracie.cz\/wp-content\/uploads\/2022\/01\/demoplzen.jpg\" sizes=\"(max-width: 2048px) 100vw, 2048px\" srcset=\"https:\/\/narodnidemokracie.cz\/wp-content\/uploads\/2022\/01\/demoplzen.jpg 1600w, https:\/\/narodnidemokracie.cz\/wp-content\/uploads\/2022\/01\/demoplzen-300x225.jpg 300w, https:\/\/narodnidemokracie.cz\/wp-content\/uploads\/2022\/01\/demoplzen-1024x768.jpg 1024w, https:\/\/narodnidemokracie.cz\/wp-content\/uploads\/2022\/01\/demoplzen-768x576.jpg 768w, https:\/\/narodnidemokracie.cz\/wp-content\/uploads\/2022\/01\/demoplzen-1536x1152.jpg 1536w, https:\/\/narodnidemokracie.cz\/wp-content\/uploads\/2022\/01\/demoplzen-665x499.jpg 665w, https:\/\/narodnidemokracie.cz\/wp-content\/uploads\/2022\/01\/demoplzen-347x260.jpg 347w\" alt=\"\" width=\"2048\" height=\"1536\" data-lazy-type=\"image\" data-src=\"https:\/\/narodnidemokracie.cz\/wp-content\/uploads\/2022\/01\/demoplzen.jpg\" data-srcset=\"\" \/><\/p>\n<p><em>Demonstrace v Plzni, 16. ledna 2022<\/em><\/p>\n<p>Navenek \u00fasp\u011b\u0161n\u00e9 demonstrace ale nemohou zakr\u00fdt fakt, \u017ee na vlasteneck\u00e9 sc\u00e9n\u011b doch\u00e1z\u00ed k velk\u00fdm zm\u011bn\u00e1m a ot\u0159es\u016fm. Voln\u00fd blok se pustil do bratrovra\u017eedn\u00e9ho boje a p\u0159edn\u00ed p\u0159edstavitel\u00e9 \u201eopozice\u201c se dopou\u0161t\u011bj\u00ed velk\u00fdch p\u0159ehmat\u016f, kter\u00e9 proti nim mainstream s chut\u00ed vyu\u017e\u00edv\u00e1. Iniciativa \u0158\u00edp, kter\u00e1 se tak\u00e9 sna\u017e\u00ed odv\u00e1d\u011bt dobrou pr\u00e1ci a podporovat a propagovat spole\u010dn\u00e9 projekty, rovn\u011b\u017e za\u017e\u00edv\u00e1 \u0161t\u011bpen\u00ed a dohadov\u00e1n\u00ed. P\u0159ed \u010dasem ji nap\u0159\u00edklad opustil Dan Landa a jeho \u201e\u0161pendl\u00edci\u201c, kter\u00fd se rozhodl, \u017ee p\u016fjde vlastn\u00ed cestou. T\u011b\u017eit z toho v\u0161eho m\u016f\u017ee moment\u00e1ln\u011b Chc\u00edpl\u00fd pes, kter\u00e9mu nikdo nem\u016f\u017ee up\u0159\u00edt \u00fasp\u011bch s po\u0159\u00e1d\u00e1n\u00edm demonstrac\u00ed, do kter\u00fdch chyt\u0159e zapojil i dal\u0161\u00ed podobn\u00e9 strany a jejich p\u0159edstavitele. Ale jen do \u010dasu. I u dua Jane\u010dek-Olbert je patrn\u00e1 snaha vyt\u0159\u00edskat z odporu proti vakcinaci politick\u00fd kapit\u00e1l a demonstrace si ponechat zcela ve sv\u00e9 re\u017eii. \u201ePartner\u016fm\u201c bylo \u0159e\u010deno, \u017ee m\u00edsto na p\u00f3diu si u\u017e nezaslou\u017e\u00ed. Inu, i takov\u00e9mu nep\u0159\u00edjemn\u00e9mu dohadov\u00e1n\u00ed mus\u00edme v tak vypjat\u00e9 dob\u011b \u010delit.<\/p>\n<p>Jak\u00e9 je v tom v\u0161em m\u00edsto a smysl N\u00e1rodn\u00ed demokracie? Podporovat spole\u010dnou v\u011bc tak maxim\u00e1ln\u011b, jak to jen p\u016fjde. Z\u00e1rove\u0148 ale neztr\u00e1cet ze z\u0159etele to, kv\u016fli \u010demu tu jsme. Zdaleka toti\u017e nebojujeme jen proti povinn\u00e9mu o\u010dkov\u00e1n\u00ed, testov\u00e1n\u00ed \u010di no\u0161en\u00ed rou\u0161ek. Bojujeme i proti Green Dealu, proti Velk\u00e9mu Resetu, proti drahot\u011b, inflaci a o\u017eebra\u010dov\u00e1n\u00ed lid\u00ed. Bojujeme za to, aby n\u00e1m z\u016fstala nejen lidsk\u00e1 pr\u00e1va \u010di svoboda projevu, nejen suverenita zem\u011b a jej\u00ed sob\u011bsta\u010dnost, ale i pr\u00e1ce, slu\u0161n\u00e1 mzda, bezpe\u010d\u00ed a dal\u0161\u00ed jistoty. Chceme tradi\u010dn\u00ed rodinu a chceme ji uchr\u00e1nit p\u0159ed neziskovkami ve \u0161kol\u00e1ch \u010di p\u0159ed medi\u00e1ln\u00ed propagandou homosexualismu \u010di transgenderu. P\u0159ejeme si m\u00edr a nechceme se nechat zat\u00e1hnout do v\u00e1lky s Ruskem, kterou se Z\u00e1pad sna\u017e\u00ed vyprovokovat. Proto u\u017e roky opakujeme, \u017ee pot\u0159ebujeme \u010ceskou republiku vyv\u00e9st ze struktur EU a NATO. V\u00edme rovn\u011b\u017e, proti komu stoj\u00edme a kdo ovliv\u0148uje \u0159\u00edd\u00edc\u00ed procesy v na\u0161\u00ed zemi, ale i celosv\u011btov\u011b. Jin\u00fdmi slovy, zn\u00e1me sv\u00e9ho nep\u0159\u00edtele.<\/p>\n<p>Je chv\u00e1lyhodn\u00e9 bojovat proti zav\u00edr\u00e1n\u00ed hospod \u010di dnes proti segregaci obyvatelstva a proti povinn\u00e9mu o\u010dkov\u00e1n\u00ed. Ale nesm\u00edme zapom\u00ednat na to, pro\u010d se to d\u011bje, co je \u0161ir\u0161\u00edm z\u00e1m\u011brem t\u011bch, kte\u0159\u00ed tuto hru proti n\u00e1m rozehr\u00e1li. Jejich agenda je mnohem obs\u00e1hlej\u0161\u00ed, jejich pl\u00e1ny mnohem \u010f\u00e1bel\u0161t\u011bj\u0161\u00ed a budoucnost, kterou n\u00e1m p\u0159ipravuj\u00ed, mnohem d\u011bsiv\u011bj\u0161\u00ed, ne\u017e si dnes um\u00edme p\u0159edstavit.<\/p>\n<p>T\u011bch, kte\u0159\u00ed by dovedli zlo, jemu\u017e \u010del\u00edme, spr\u00e1vn\u011b pojmenovat, mnoho nen\u00ed. A bez jeho pojmenov\u00e1n\u00ed ho st\u011b\u017e\u00ed m\u016f\u017eeme porazit. N\u00e1\u0161 boj nen\u00ed jen bojem proti Babi\u0161ovi v\u010dera \u010di Fialovi dnes, nen\u00ed jen bojem proti Kubkovi a podobn\u00fdm mamlas\u016fm. Jak jsem napsal u\u017e d\u0159\u00edve, toto nen\u00ed politick\u00fd spor, kter\u00fd by mohly roz\u0159e\u0161it volby, toto je boj o na\u0161i vlastn\u00ed du\u0161i. A tento aspekt chce N\u00e1rodn\u00ed demokracie i nad\u00e1le p\u0159ipom\u00ednat.<\/p>\n<p>Proto jsme p\u0159ed osmi lety \u201e\u0161li do toho\u201c. A proto\u017ee boj o na\u0161i du\u0161i (du\u0161i n\u00e1s, jednotlivc\u016f, ale i du\u0161i tohoto n\u00e1roda) zu\u0159\u00ed dnes mnohem v\u00edce, ne\u017e p\u0159ed osmi lety, nem\u00edn\u00edme n\u00e1\u0161 boj vzd\u00e1t. V \u017e\u00e1dn\u00e9m p\u0159\u00edpad\u011b nebudeme opou\u0161t\u011bt sv\u00e9 pozice, i kdyby to byly zat\u00edm jen dob\u0159e vykopan\u00e9 z\u00e1kopy. I ty jsou toti\u017e v ka\u017ed\u00e9m boji, v ka\u017ed\u00e9 v\u00e1lce, d\u016fle\u017eit\u00e9.<\/p>\n<p>P\u0159\u00ed\u0161t\u011b si \u0159ekneme n\u011bco o na\u0161\u00ed nov\u00e9 vl\u00e1d\u011b. Do t\u00e9 doby se opatrujte.<\/p>\n<p>Vlasti zdar, vaxu zmar!<br \/>\n<em>Adam B. Barto\u0161, p\u0159edseda N\u00e1rodn\u00ed demokracie<\/em><\/p>\n<p><img decoding=\"async\" loading=\"lazy\" class=\"alignnone size-full wp-image-678\" src=\"http:\/\/www.infokuryr.cz\/n\/wp-content\/uploads\/2021\/04\/narodni_demokracie_logo.jpg\" alt=\"\" width=\"300\" height=\"85\" \/><\/p>\n<p>&nbsp;<\/p>\n<p>&nbsp;<\/p>\n","protected":false},"excerpt":{"rendered":"<p>Po v\u010derej\u0161ku jsem o rok star\u0161\u00ed (a douf\u00e1m, \u017ee i moud\u0159ej\u0161\u00ed) a po 11. lednu&#8230;<\/p>\n","protected":false},"author":2,"featured_media":679,"comment_status":"closed","ping_status":"closed","sticky":false,"template":"","format":"standard","meta":[],"categories":[6],"tags":[367,29,85],"_links":{"self":[{"href":"https:\/\/www.infokuryr.cz\/n\/wp-json\/wp\/v2\/posts\/7611"}],"collection":[{"href":"https:\/\/www.infokuryr.cz\/n\/wp-json\/wp\/v2\/posts"}],"about":[{"href":"https:\/\/www.infokuryr.cz\/n\/wp-json\/wp\/v2\/types\/post"}],"author":[{"embeddable":true,"href":"https:\/\/www.infokuryr.cz\/n\/wp-json\/wp\/v2\/users\/2"}],"replies":[{"embeddable":true,"href":"https:\/\/www.infokuryr.cz\/n\/wp-json\/wp\/v2\/comments?post=7611"}],"version-history":[{"count":0,"href":"https:\/\/www.infokuryr.cz\/n\/wp-json\/wp\/v2\/posts\/7611\/revisions"}],"wp:featuredmedia":[{"embeddable":true,"href":"https:\/\/www.infokuryr.cz\/n\/wp-json\/wp\/v2\/media\/679"}],"wp:attachment":[{"href":"https:\/\/www.infokuryr.cz\/n\/wp-json\/wp\/v2\/media?parent=7611"}],"wp:term":[{"taxonomy":"category","embeddable":true,"href":"https:\/\/www.infokuryr.cz\/n\/wp-json\/wp\/v2\/categories?post=7611"},{"taxonomy":"post_tag","embeddable":true,"href":"https:\/\/www.infokuryr.cz\/n\/wp-json\/wp\/v2\/tags?post=7611"}],"curies":[{"name":"wp","href":"https:\/\/api.w.org\/{rel}","templated":true}]}}