{"id":76094,"date":"2025-04-10T05:42:57","date_gmt":"2025-04-10T03:42:57","guid":{"rendered":"https:\/\/www.infokuryr.cz\/n\/?p=76094"},"modified":"2025-04-10T05:42:57","modified_gmt":"2025-04-10T03:42:57","slug":"jak-izrael-lovi-a-popravuje-palestinske-zdravotniky","status":"publish","type":"post","link":"https:\/\/www.infokuryr.cz\/n\/2025\/04\/10\/jak-izrael-lovi-a-popravuje-palestinske-zdravotniky\/","title":{"rendered":"Jak Izrael lov\u00ed a popravuje palestinsk\u00e9 zdravotn\u00edky"},"content":{"rendered":"<div id=\"fb-root\"><\/div>\n<h3>Ned\u00e1vn\u00fd p\u0159\u00edpad 15 uniformovan\u00fdch z\u00e1chran\u00e1\u0159\u016f zabit\u00fdch na cest\u011b do pr\u00e1ce je pouze posledn\u00edm z dlouh\u00e9, dlouh\u00e9 \u0159ady podobn\u00fdch zlo\u010din\u016f<\/h3>\n<p><span>Izraelsk\u00e1 arm\u00e1da popravila v Gaze 15 palestinsk\u00fdch zdravotn\u00edk\u016f, poh\u0159bila je a lhala o nich, \u017ee jsou\u00a0<\/span><em><span>\u201eterorist\u00e9\u201c.\u00a0<\/span><\/em><span>\u00a0Pro ty, kte\u0159\u00ed v\u011bnuj\u00ed pozornost, toto barbarstv\u00ed nen\u00ed nic nov\u00e9ho, pouze nejnov\u011bj\u0161\u00ed v\u00e1le\u010dn\u00fd zlo\u010din sp\u00e1chan\u00fd Izraelem v litanii v\u00e1le\u010dn\u00fdch zlo\u010din\u016f v pr\u016fb\u011bhu desetilet\u00ed.<\/span><\/p>\n<p><span>Kombinace sv\u00e1zan\u00fdch, popraven\u00fdch a poh\u0159ben\u00fdch zdravotn\u00edk\u016f v hromadn\u00e9m hrob\u011b byla tak stra\u0161n\u00e1, \u017ee o n\u00ed informovala i obvykle lhostejn\u00e1 glob\u00e1ln\u00ed m\u00e9dia, i kdy\u017e bez pobou\u0159en\u00ed, kter\u00e9 by takov\u00e9 zpr\u00e1vy prov\u00e1zelo, kdyby pachatel byl nep\u0159\u00edtelem Z\u00e1padu. (Varov\u00e1n\u00ed:\u00a0<\/span><a href=\"https:\/\/x.com\/translatingpal\/status\/1907039984571335085\" target=\"_blank\" rel=\"noopener noreferrer\"><span>ru\u0161iv\u00e9 video<\/span><\/a><span>\u00a0.)<\/span><\/p>\n<p><span>31. b\u0159ezna Jonathan Whittall, vedouc\u00ed \u00da\u0159adu OSN pro koordinaci humanit\u00e1rn\u00edch z\u00e1le\u017eitost\u00ed na okupovan\u00e9m palestinsk\u00e9m \u00fazem\u00ed (OCHA),\u00a0<\/span><a href=\"https:\/\/x.com\/_jwhittall\/status\/1906455238371905901\" target=\"_blank\" rel=\"noopener noreferrer\"><span>zve\u0159ejnil<\/span><\/a><span>\u00a0na X:\u00a0<\/span><em><span>\u201ePrvn\u00ed zasahuj\u00edc\u00ed by nikdy nem\u011bli b\u00fdt c\u00edlem. P\u0159esto dnes\u00a0<\/span><a href=\"https:\/\/x.com\/UNOCHA\" target=\"_blank\" rel=\"noopener noreferrer\"><span>@UNOCHA<\/span><\/a><span>\u00a0podpo\u0159ila\u00a0<\/span><a href=\"https:\/\/x.com\/PalestineRCS\" target=\"_blank\" rel=\"noopener noreferrer\"><span>@PalestineRCS<\/span><\/a><span>\u00a0a Civiln\u00ed obranu, aby vyzvedli kolegy z jednoho masov\u00e9ho hrobu v\u00a0<\/span><a href=\"https:\/\/x.com\/hashtag\/Rafah?src=hashtag_click\" target=\"_blank\" rel=\"noopener noreferrer\"><span>#Rafah\u00a0<\/span><\/a>\u00a0<a href=\"https:\/\/x.com\/hashtag\/Gaza?src=hashtag_click\" target=\"_blank\" rel=\"noopener noreferrer\"><span>#Gaza<\/span><\/a><span>\u00a0, kter\u00fd byl ozna\u010den nouzov\u00fdm sv\u011btlem.\u201c<\/span><\/em><\/p>\n<p><span>Jeho vl\u00e1kno pokra\u010dovalo\u00a0<\/span><a href=\"https:\/\/x.com\/_jwhittall\/status\/1906455253702115359\" target=\"_blank\" rel=\"noopener noreferrer\"><span>podrobn\u011b o<\/span><\/a><span>\u00a0tom, jak t\u00fdden p\u0159edt\u00edm, 23. b\u0159ezna, do\u0161lo ke ztr\u00e1t\u011b kontaktu s deseti Palestinskou spole\u010dnost\u00ed \u010cerven\u00e9ho p\u016flm\u011bs\u00edce (PRCS) a \u0161esti prvn\u00edmi z\u00e1sahov\u00fdmi jednotkami Civiln\u00ed obrany, v p\u011bti sanitk\u00e1ch a jednom hasi\u010dsk\u00e9m voze, kte\u0159\u00ed byli vysl\u00e1ni, aby vyzvedli zran\u011bn\u00e9 lidi, a poznamenal:\u00a0<\/span><em><span>\u201eCel\u00e9 dny OCHA koordinoval, aby dorazil na m\u00edsto, ale n\u00e1\u0161 p\u0159\u00edstup byl povolen a\u017e o 5 dn\u00ed pozd\u011bji.<\/span><\/em><\/p>\n<p><span>Kdy\u017e se kone\u010dn\u011b dostali na m\u00edsto,\u00a0<\/span><em><span>&#8222;z\u00edskali poh\u0159ben\u00e1 t\u011bla 8 PRCS, 6 Civiln\u00ed obrany a 1 person\u00e1lu OSN,&#8220;<\/span><\/em><span>\u00a0napsal a\u00a0<\/span><a href=\"https:\/\/x.com\/_jwhittall\/status\/1906455461450100924\" target=\"_blank\" rel=\"noopener noreferrer\"><span>poznamenal<\/span><\/a><span>\u00a0:\u00a0<\/span><em><span>&#8222;Byli zabiti ve sv\u00fdch uniform\u00e1ch. \u0158\u00eddili sv\u00e1 jasn\u011b ozna\u010den\u00e1 vozidla. Na sob\u011b m\u011bli rukavice. Na cest\u011b za z\u00e1chranou \u017eivot\u016f. To se nikdy nem\u011blo st\u00e1t.&#8220;<\/span><\/em><\/p>\n<p><span>Mluv\u010d\u00ed palestinsk\u00e9 civiln\u00ed obrany Mahm\u00fad Basal samostatn\u011b\u00a0<\/span><a href=\"https:\/\/x.com\/EvaKBartlett\/status\/1907043965938925703\"><span>\u0159ekl<\/span><\/a><span>\u00a0:\u00a0<\/span><em><span>&#8222;Jedna z pos\u00e1dek civiln\u00ed obrany m\u011bla sv\u00e1zan\u00e9 nohy, dal\u0161\u00ed m\u011bla svle\u010den\u00e9 \u0161aty z horn\u00ed \u010d\u00e1sti t\u011bla, dal\u0161\u00ed byla s\u0165ata. Ze v\u0161ech mu\u010dedn\u00edk\u016f na toho nejm\u00e9n\u011b zran\u011bn\u00e9ho bylo vyp\u00e1leno 20 kulek do hrudi.&#8220;<\/span><\/em><\/p>\n<p><span>Podle\u00a0<\/span><a href=\"https:\/\/x.com\/PalestineRCS\/status\/1906364337905631476\" target=\"_blank\" rel=\"noopener noreferrer\"><span>PRCS<\/span><\/a><span>\u00a0chyb\u00ed dev\u00e1t\u00fd EMT a m\u00e1 se za to, \u017ee byl zadr\u017een.<\/span><\/p>\n<p><span>OSN, \u010cerven\u00fd k\u0159\u00ed\u017e a OCHA vydaly prohl\u00e1\u0161en\u00ed o pobou\u0159en\u00ed a odsouzen\u00ed t\u011bchto vra\u017ed. Gener\u00e1ln\u00ed tajemn\u00edk Mezin\u00e1rodn\u00ed federace spole\u010dnost\u00ed \u010cerven\u00e9ho k\u0159\u00ed\u017ee a \u010cerven\u00e9ho p\u016flm\u011bs\u00edce (IFRC) Jagan Chapagain\u00a0<\/span><a href=\"https:\/\/www.ifrc.org\/press-release\/ifrc-condemns-killing-eight-palestine-red-crescent-medics-gaza\" target=\"_blank\" rel=\"noopener noreferrer\"><span>\u0159ekl<\/span><\/a><span>\u00a0:\u00a0<\/span><em><span>&#8222;Nosili embl\u00e9my, kter\u00e9 je m\u011bly chr\u00e1nit; jejich sanitky byly jasn\u011b ozna\u010deny. M\u011bli se vr\u00e1tit ke sv\u00fdm rodin\u00e1m, neud\u011blali to. Tato pravidla mezin\u00e1rodn\u00edho humanit\u00e1rn\u00edho pr\u00e1va nemohou b\u00fdt jasn\u011bj\u0161\u00ed &#8211; civilist\u00e9 mus\u00ed b\u00fdt chr\u00e1n\u011bni, humanit\u00e1rn\u00ed pracovn\u00edci mus\u00ed b\u00fdt chr\u00e1n\u011bni.&#8220;<\/span><\/em><\/p>\n<p><span>Podle Chapagaina bylo jen od \u0159\u00edjna 2023 zabito 30 dobrovoln\u00edk\u016f a zam\u011bstnanc\u016f PRCS.<\/span><\/p>\n<p><span>OCHA ozna\u010dila vra\u017edy za\u00a0<\/span><em><span>\u201eobrovskou r\u00e1nu pro n\u00e1s\u201c\u00a0<\/span><\/em>\u00a0<a href=\"https:\/\/x.com\/UNOCHA\/status\/1906678469318041910\" target=\"_blank\" rel=\"noopener noreferrer\"><span>a uvedla<\/span><\/a><span>\u00a0,\u00a0<\/span><em><span>\u017ee \u201etyto ohavn\u00e9 \u010diny vy\u017eaduj\u00ed odpov\u011bdnost\u201c.<\/span><\/em><span>\u00a0Podle\u00a0<\/span><a href=\"https:\/\/news.un.org\/en\/story\/2025\/04\/1161736#:~:text=Bodies%20buried%20in%20the%20sand&amp;text=Available%20information%20indicated%20that%20the,their%20missing%20colleagues,%20OCHA%20said.\" target=\"_blank\" rel=\"noopener noreferrer\"><span>OSN<\/span><\/a><span>\u00a0bylo v\u00a0<\/span><em><span>Gaze od za\u010d\u00e1tku v\u00e1lky dne 7. \u0159\u00edjna 2023 zabito 408 humanit\u00e1rn\u00edch pracovn\u00edk\u016f v\u010detn\u011b v\u00edce ne\u017e 280 zam\u011bstnanc\u016f UNRWA.<\/span><\/em><\/p>\n<p><span>Tom Fletcher, n\u00e1m\u011bstek gener\u00e1ln\u00edho tajemn\u00edka OSN pro humanit\u00e1rn\u00ed z\u00e1le\u017eitosti a koordin\u00e1tor nouzov\u00e9 pomoci,\u00a0<\/span><a href=\"https:\/\/x.com\/UNReliefChief\/status\/1906712543629918517\" target=\"_blank\" rel=\"noopener noreferrer\"><span>napsal<\/span><\/a><span>\u00a0:\u00a0<\/span><em><span>&#8222;Byli zabiti izraelsk\u00fdmi silami, kdy\u017e se sna\u017eili zachr\u00e1nit \u017eivoty. Po\u017eadujeme odpov\u011bdi a spravedlnost.&#8220;<\/span><\/em><\/p>\n<p><span>The Guardian\u00a0<\/span><a href=\"https:\/\/www.theguardian.com\/world\/2025\/mar\/31\/israel-killed-15-palestinian-paramedics-and-rescue-workers-one-by-one-says-un\" target=\"_blank\" rel=\"noopener noreferrer\"><span>cituje<\/span><\/a><span>\u00a0Dr. Bashara Murada z PRCS, kter\u00fd hovo\u0159il s jedn\u00edm ze zdravotn\u00edk\u016f v konvoji:<\/span><\/p>\n<p><em><span>&#8222;Informoval n\u00e1s, \u017ee byl zran\u011bn a po\u017e\u00e1dal o pomoc, a \u017ee byla zran\u011bna i dal\u0161\u00ed osoba. O n\u011bkolik minut pozd\u011bji, b\u011bhem hovoru, jsme sly\u0161eli zvuk izraelsk\u00fdch voj\u00e1k\u016f, kte\u0159\u00ed p\u0159ij\u00ed\u017ed\u011bli na m\u00edsto a hovo\u0159ili hebrejsky. &#8218;Shrom\u00e1\u017ed\u011bte je u zdi a p\u0159ineste n\u011bjak\u00e9 z\u00e1brany, kter\u00e9 je p\u0159ipout\u00e1.&#8216; To nazna\u010dovalo, \u017ee velk\u00fd po\u010det zdravotnick\u00e9ho person\u00e1lu je st\u00e1le na\u017eivu.<\/span><\/em><\/p>\n<p><span>Mluv\u010d\u00ed izraelsk\u00fdch arm\u00e1dn\u00edch m\u00e9di\u00ed podplukovn\u00edk Nadav Shoshani p\u0159edv\u00eddateln\u011b\u00a0<\/span><a href=\"https:\/\/x.com\/LTC_Shoshani\/status\/1906761462917247361\" target=\"_blank\" rel=\"noopener noreferrer\"><span>pop\u0159el<\/span><\/a><span>\u00a0pochyben\u00ed izraelsk\u00e9 arm\u00e1dy a obvinil Hamas s t\u00edm, \u017ee sanitky\u00a0<\/span><em><span>\u201epodez\u0159ele postupuj\u00ed\u201c<\/span><\/em><span>\u00a0k izraelsk\u00fdm sil\u00e1m. Popravu zdravotn\u00edk\u016f prohl\u00e1sil za likvidaci\u00a0<\/span><em><span>\u201evojensk\u00e9ho agenta Hamasu spolu s 8 dal\u0161\u00edmi teroristy z Hamasu a Isl\u00e1msk\u00e9ho d\u017eih\u00e1du\u201c.<\/span><\/em><\/p>\n<p><span>Pozorovatel\u00e9 na X\u00a0<\/span><a href=\"https:\/\/x.com\/TheSeeds137594\/status\/1906779912503206374\" target=\"_blank\" rel=\"noopener noreferrer\"><span>odm\u00edtli<\/span><\/a><span>\u00a0Shoshani, v\u010detn\u011b poukazu na to, \u017ee izraelsk\u00e1 arm\u00e1da \u00fato\u010d\u00ed na sanitky ji\u017e velmi dlouho.<\/span><\/p>\n<h2><span>Zdravotn\u00edci z Gazy pod izraelsk\u00fdm \u00fatokem od roku 2009<\/span><\/h2>\n<p><span>Mohu mluvit z vlastn\u00ed zku\u0161enosti. B\u011bhem\u00a0<\/span><a href=\"https:\/\/ingaza.wordpress.com\/photos-and-videos-zionist-massacre-of-gaza-2008-2009\/\" target=\"_blank\" rel=\"noopener noreferrer\"><span>izraelsk\u00e9 v\u00e1lky v Gaze<\/span><\/a><span>\u00a0v lednu 2009 jsem byl mezi hrstkou mezin\u00e1rodn\u00edch dobrovoln\u00edk\u016f jedouc\u00edch v sanitk\u00e1ch PRCS, abych zdokumentoval jejich pr\u00e1ci a ob\u011bti, kter\u00e9 zachr\u00e1nili.<\/span><\/p>\n<p><span>Prvn\u00ed noc izraelsk\u00e9 pozemn\u00ed invaze jsme\u00a0<\/span><a href=\"https:\/\/ingaza.wordpress.com\/2009\/01\/04\/they-know-no-limits-now-a-new-nakba\/\" target=\"_blank\" rel=\"noopener noreferrer\"><span>s\u00eddlili v<\/span><\/a><span>\u00a0centru PCRS v Ezbet abed Rabbo, v\u00fdchodn\u011b od Jabaliya, s izraelsk\u00fdm ost\u0159elov\u00e1n\u00edm kolem n\u00e1s. Do r\u00e1na jsme se museli evakuovat. Na konci v\u00e1lky bylo centrum t\u00e9m\u011b\u0159 zni\u010deno.<\/span><\/p>\n<p><span>Ale pokud jde o p\u0159\u00edm\u00e9 \u00fatoky na sanitky a nemocnice, mohu potvrdit, \u017ee k nim do\u0161lo proti neozbrojen\u00fdm zdravotn\u00edk\u016fm v sanitk\u00e1ch, kter\u00e9 nenesly \u017e\u00e1dn\u00fd palestinsk\u00fd odpor, ale p\u0159itahovaly\u00a0<\/span><a href=\"https:\/\/ingaza.wordpress.com\/2009\/01\/05\/death-fills-the-air-the-streets-in-gaza-updates-from-gazas-north\/\" target=\"_blank\" rel=\"noopener noreferrer\"><span>zran\u011bn\u00e9<\/span><\/a><span>\u00a0nebo\u00a0<\/span><a href=\"https:\/\/ingaza.wordpress.com\/2009\/01\/14\/immense-grief-updates-from-runs-with-medics\/\" target=\"_blank\" rel=\"noopener noreferrer\"><span>zabit\u00e9<\/span><\/a><span>\u00a0palestinsk\u00e9 civilisty,\u00a0<\/span><a href=\"https:\/\/ingaza.wordpress.com\/2009\/01\/11\/injured-denied-access-israeli-soldiers-shoot-woman-in-stomach-and-keep-elderly-hostages\/\" target=\"_blank\" rel=\"noopener noreferrer\"><span>v\u010detn\u011b star\u0161\u00edch<\/span><\/a><span>\u00a0.\u00a0<\/span><\/p>\n<p><span>V jednom p\u0159\u00edpad\u011b izraelsk\u00fd odst\u0159elova\u010d\u00a0<\/span><a href=\"https:\/\/www.youtube.com\/watch?v=Lb1rmLAuvM8\" target=\"_blank\" rel=\"noopener noreferrer\"><span>vyp\u00e1lil nejm\u00e9n\u011b 14 st\u0159el<\/span><\/a><span>\u00a0na zdravotn\u00edky a sanitku, ve kter\u00e9 jsem byl,\u00a0<\/span><a href=\"https:\/\/ingaza.wordpress.com\/2009\/01\/12\/israeli-sniper-targets-uniformed-medics-what-i-witnessed-in-gaza\/\" target=\"_blank\" rel=\"noopener noreferrer\"><span>a zam\u00ed\u0159il na uniformovan\u00e9 zdravotn\u00edky<\/span><\/a><span>\u00a0b\u011bhem hodin p\u0159edpokl\u00e1dan\u00e9ho p\u0159\u00edm\u011b\u0159\u00ed, jednoho zdravotn\u00edka zast\u0159elil do nohy a po\u0161kodil vozidlo.<\/span><\/p>\n<p><span>P\u0159ed t\u00fddnem byl zdravotn\u00edk, kter\u00e9ho jsem doprov\u00e1zel jednoho nebezpe\u010dn\u00e9ho ve\u010dera na severoz\u00e1pad\u011b Gazy,\u00a0<\/span><a href=\"https:\/\/ingaza.wordpress.com\/2009\/01\/05\/israeli-army-kills-palestinian-medic-with-dart-bomb\/\" target=\"_blank\" rel=\"noopener noreferrer\"><span>zabit n\u00e1sleduj\u00edc\u00edho dne<\/span><\/a><span>\u00a0, kdy\u017e izraelsk\u00e1 arm\u00e1da vyp\u00e1lila flechette gran\u00e1t (bombu na \u0161ipky) p\u0159\u00edmo na jeho sanitku, rozdrtila ho \u0161\u00edpy ostr\u00fdmi jako b\u0159itva a zabila ho. P\u0159e\u017eiv\u0161\u00ed z m\u00edsta potvrdili, \u017ee nebyl \u017e\u00e1dn\u00fd odpor, pouze zdravotn\u00edci a zran\u011bn\u00ed a zabit\u00ed civilist\u00e9.<\/span><\/p>\n<p><span>O t\u00fdden pozd\u011bji izraelsk\u00e1 arm\u00e1da opakovan\u011b bombardovala nemocnici al-Quds, co\u017e znamenalo, \u017ee zdravotn\u00edci se museli evakuovat do nemocnice al-Shifa, p\u0159i\u010dem\u017e riskovali, \u017ee je zast\u0159el\u00ed izrael\u0161t\u00ed voj\u00e1ci. Byl jsem u zdravotn\u00edk\u016f a\u00a0<\/span><a href=\"https:\/\/ingaza.wordpress.com\/2009\/01\/17\/burning-al-quds-one-of-gazas-remaining-functional-hospitals-destroyed-in-israels-war-on-gaza\/\" target=\"_blank\" rel=\"noopener noreferrer\"><span>vid\u011bl jsem \u0161kody<\/span><\/a><span>\u00a0a n\u00e1sledn\u00fd po\u017e\u00e1r z izraelsk\u00e9ho bombardov\u00e1n\u00ed nemocnice.<\/span><\/p>\n<p><span>Pozd\u011bji jsem\u00a0<\/span><a href=\"https:\/\/ingaza.wordpress.com\/2010\/01\/21\/rescuers-targeted-one-year-on\/\" target=\"_blank\" rel=\"noopener noreferrer\"><span>p\u0159evzal sv\u011bdectv\u00ed<\/span><\/a><span>\u00a0od jin\u00fdch zdravotn\u00edk\u016f PRCS, kte\u0159\u00ed byli c\u00edlem izraelsk\u00e9 arm\u00e1dy, n\u011bkte\u0159\u00ed n\u011bkolikr\u00e1t v pr\u016fb\u011bhu let.<\/span><\/p>\n<p><span>Dva zdravotn\u00edci mi vypr\u00e1v\u011bli, jak pot\u00e9, co dostali od Izraele prost\u0159ednictv\u00edm Mezin\u00e1rodn\u00edho v\u00fdboru \u010cerven\u00e9ho k\u0159\u00ed\u017ee (MV\u010cK) povolen\u00ed k\u00a0<\/span><em><span>vyzvednut\u00ed ran\u011bn\u00fdch a mrtv\u00fdch, se t\u0159i sanitky a d\u017e\u00edp MV\u010cK opakovan\u011b dostaly do izraelsk\u00e9 palby v severn\u00ed Gaze\u00a0<\/span><\/em><em><span>.<\/span><\/em><\/p>\n<p><em><span>&#8222;Jeli jsme do oblasti, mluvili jsme s Izraelci po telefonu. \u0158ekli n\u00e1m, kudy m\u00e1me jet, jakou cestou jet. Kdy\u017e jsme se dostali bl\u00edzko zran\u011bn\u00fdch, izrael\u0161t\u00ed voj\u00e1ci za\u010dali st\u0159\u00edlet. \u0158ekl jsem jim: &#8218;M\u00e1me koordinaci&#8216; a oni \u0159ekli, a\u0165 po\u010dkaj\u00ed. Pak na n\u00e1s za\u010dali st\u0159\u00edlet znovu.&#8220;<\/span><\/em><\/p>\n<p><span>Podle\u00a0<\/span><a href=\"http:\/\/www.pchrgaza.org\/files\/Reports\/English\/medical5.htm\" target=\"_blank\" rel=\"noopener noreferrer\"><span>Palestinsk\u00e9ho centra pro lidsk\u00e1 pr\u00e1va<\/span><\/a><span>\u00a0(PCHR) izrael\u0161t\u00ed voj\u00e1ci t\u00e9ho\u017e dne st\u0159\u00edleli na konvoj 11 sanitek veden\u00fdch jasn\u011b ozna\u010den\u00fdm vozidlem MV\u010cK v centru Gazy, p\u0159i\u010dem\u017e zranili zam\u011bstnance MV\u010cK a po\u0161kodili vozidlo.<\/span><\/p>\n<p><span>Dal\u0161\u00ed zdravotn\u00edk byl st\u0159elen do nohy b\u011bhem mise pro PRCS v kv\u011btnu 2008 a b\u011bhem v\u00e1lky v roce 2009 byl dvakr\u00e1t c\u00edlem izraelsk\u00fdch odst\u0159elova\u010d\u016f. Byl tak\u00e9 v budov\u011b, kter\u00e1 byla bombardov\u00e1na, zat\u00edmco se z\u00e1chran\u00e1\u0159i sna\u017eili evakuovat ob\u011bti.<\/span><\/p>\n<p><em><span>&#8222;Byl jsem s doktorem Issou Salehem sestupovat po schodech z \u0161est\u00e9ho patra \u010din\u017eovn\u00edho domu v Jabaliya a evakuovat mu\u010dedn\u00edka, kdy\u017e Izraelci znovu ost\u0159elovali budovu. V\u011bd\u011bli, \u017ee uvnit\u0159 jsou zdravotn\u00edci. Vid\u011bli na\u0161e uniformy a sanitky venku.&#8220;\u00a0<\/span><\/em><em><span>Dr. Saleh byl zabit a s\u0165at mu hlavu.<\/span><\/em><\/p>\n<p><span>Sv\u011bdectv\u00ed, kter\u00e1 jsem po\u0159\u00eddil, pak zahrnovala mnoho dal\u0161\u00edch p\u0159\u00edpad\u016f, kdy zdravotn\u00edci \u0161li zachra\u0148ovat zran\u011bn\u00e9 Palestince a dostali se pod izraelskou palbu, \u010d\u00edm\u017e jim zabr\u00e1nili dostat se k t\u011bm, kte\u0159\u00ed pot\u0159ebovali pomoc. Tehdej\u0161\u00ed zpr\u00e1vy tak\u00e9 hovo\u0159ily o\u00a0<\/span><a href=\"https:\/\/web.archive.org\/web\/20090323122354\/http:\/www.haaretz.com\/hasen\/spages\/1072830.html\" target=\"_blank\" rel=\"noopener noreferrer\"><span>ru\u010dn\u011b psan\u00e9m rozkazu<\/span><\/a><span>\u00a0v hebrej\u0161tin\u011b nalezen\u00e9m v Gaze, kter\u00fd na\u0159izoval izraelsk\u00fdm voj\u00e1k\u016fm\u00a0<\/span><em><span>\u201ezah\u00e1jit palbu tak\u00e9 p\u0159i z\u00e1chran\u011b\u201c.<\/span><\/em><\/p>\n<p><span>V roce 2007 na Z\u00e1padn\u00edm b\u0159ehu Jord\u00e1nu, b\u011bhem izraelsk\u00e9 invaze do N\u00e1bulusu,\u00a0<\/span><a href=\"https:\/\/opt2007.wordpress.com\/2007\/07\/01\/nablus-invasion-aftermath\/\" target=\"_blank\" rel=\"noopener noreferrer\"><span>jsem vid\u011bl, jak izrael\u0161t\u00ed voj\u00e1ci vzali<\/span><\/a><span>\u00a0dobrovoln\u00edka Palestinsk\u00e9 l\u00e9ka\u0159sk\u00e9 pomoci (PRM) (kter\u00fd byl sou\u010d\u00e1st\u00ed skupiny doprov\u00e1zej\u00edc\u00ed civilisty do jejich star\u00fdch m\u011bstsk\u00fdch domov\u016f) jako rukojm\u00ed, zav\u00e1zali mu o\u010di a spoutali ho a pou\u017eili ho jako lidsk\u00fd \u0161t\u00edt.<\/span><\/p>\n<p><span>U\u017e tehdy bylo c\u00edlen\u00e9 zat\u00fdk\u00e1n\u00ed a zadr\u017eov\u00e1n\u00ed zdravotn\u00edk\u016f b\u011b\u017en\u00e9 jako forma kolektivn\u00edho trestu pro dobrovoln\u00edky poskytuj\u00edc\u00ed z\u00e1kladn\u00ed pohotovostn\u00ed slu\u017eby zran\u011bn\u00fdm Palestinc\u016fm. Kdy\u017e nebyli zat\u010deni, zdravotn\u00edk\u016fm a sanitk\u00e1m by byl st\u00e1le b\u011b\u017en\u011b odep\u0159en p\u0159\u00edstup do nouzov\u00fdch oblast\u00ed, co\u017e by ran\u011bn\u00fdm odp\u00edralo pozornost, kterou zoufale pot\u0159ebovali.<\/span><\/p>\n<p><span>Rychle vp\u0159ed do let 2023 a 2024. Izraelsk\u00e1 arm\u00e1da opakovan\u011b bombardovala nemocnice po cel\u00e9 Gaze, napadala je, okupovala a ni\u010dila, p\u0159i\u010dem\u017e b\u011b\u017en\u011b zab\u00edjela zdravotn\u00edky, l\u00e9ka\u0159e a pracovn\u00edky z\u00e1chrann\u00e9 slu\u017eby.<\/span><\/p>\n<p><span>Je jasn\u00e9, \u017ee pro izraelsk\u00e9 voj\u00e1ky je zab\u00edjen\u00ed zdravotn\u00edk\u016f politikou, a\u0165 u\u017e v sanitk\u00e1ch nebo v nemocnic\u00edch. Je tak\u00e9 jasn\u00e9, \u017ee zat\u00edmco z\u00e1padn\u00ed mocnosti n\u011bkdy pronesou slova odsouzen\u00ed, Izrael za tyto zlo\u010diny nikdy nenese odpov\u011bdnost.<\/span><\/p>\n<h2><span>Odm\u00edt\u00e1n\u00ed l\u00e9ka\u0159sk\u00e9 p\u00e9\u010de civilist\u016fm<\/span><\/h2>\n<p><span>V lednu jsem\u00a0<\/span><a href=\"https:\/\/www.rt.com\/news\/611468-palestinian-doctor-languishes-israeli-detention\/\" target=\"_blank\" rel=\"noopener noreferrer\"><span>psal o<\/span><\/a><span>\u00a0doktoru Hussamovi Abu Safiyovi, palestinsk\u00e9m l\u00e9ka\u0159i ze severn\u00ed Gazy, kter\u00fd byl loni v prosinci unesen a uv\u011bzn\u011bn izraelskou arm\u00e1dou. V tom \u010dl\u00e1nku jsem poznamenal, \u017ee t\u0159i l\u00e9ka\u0159i z Gazy v izraelsk\u00fdch v\u011bznic\u00edch ji\u017e byli umu\u010deni k smrti v posledn\u00edm roce plus a \u017ee existuj\u00ed v\u00e1\u017en\u00e9 obavy o \u017eivot Dr. Abu Safiyi.<\/span><\/p>\n<p><span>Od t\u00e9 doby dal\u0161\u00ed palestin\u0161t\u00ed rukojm\u00ed propu\u0161t\u011bn\u00ed z izraelsk\u00e9 vazby potvrdili, \u017ee Dr. Abu Safiya je mu\u010den. Ned\u00e1vno vydal izraelsk\u00fd soud v Beer\u0161ev\u011b \u0161estim\u011bs\u00ed\u010dn\u00ed p\u0159\u00edkaz k administrativn\u00ed vazb\u011b pro Dr. Hussama Abu Safiyu, p\u0159i\u010dem\u017e administrativn\u00ed vazba je prost\u0159edek, kter\u00fd Izrael pou\u017e\u00edv\u00e1 k uv\u011bzn\u011bn\u00ed Palestinc\u016f bez obvin\u011bn\u00ed.<\/span><\/p>\n<p><span>\u00danos a mu\u010den\u00ed palestinsk\u00fdch l\u00e9ka\u0159\u016f je dal\u0161\u00edm aspektem tot\u00e1ln\u00edho \u00fatoku Izraele na zdravotnick\u00fd syst\u00e9m Gazy. Je to sou\u010d\u00e1st izraelsk\u00fdch \u00fatok\u016f na samotn\u00e9 Palestince, kter\u00e9 je p\u0159ipravuj\u00ed o \u017eivot zachra\u0148uj\u00edc\u00ed p\u00e9\u010di, sou\u010d\u00e1st\u00a0<\/span><a href=\"https:\/\/ingaza.wordpress.com\/2014\/01\/01\/observations-from-occupied-palestine-in-gaza\/\"><span>des\u00edtky let trvaj\u00edc\u00ed politiky<\/span><\/a><span>\u00a0zab\u00edjen\u00ed Palestinc\u016f v\u0161emi mo\u017en\u00fdmi prost\u0159edky, v\u010detn\u011b zabr\u00e1n\u011bn\u00ed vstupu l\u00e9ka\u0159sk\u00e9ho vybaven\u00ed a potravin, vyhladov\u011bn\u00ed Palestinc\u016f, kte\u0159\u00ed unikli bomb\u00e1m a ost\u0159elov\u00e1n\u00ed.<\/span><\/p>\n<p><span>Zve\u0159ejn\u00edm stejnou \u0159e\u010dnickou ot\u00e1zku, jakou jsem polo\u017eil ad naseum: Jak\u00e1 by byla mezin\u00e1rodn\u00ed reakce, kdyby Rusko bezd\u016fvodn\u011b zavra\u017edilo uniformovan\u00e9, neozbrojen\u00e9 zdravotn\u00edky? Bylo by to nep\u0159etr\u017eit\u00e9 vyt\u00ed 24\/7 v korpor\u00e1tn\u00edch m\u00e9di\u00edch, tv\u00e1\u0159e ob\u011bt\u00ed a p\u0159\u00edb\u011bhy, o kter\u00fdch se mluv\u00ed, po\u017eadavky na dal\u0161\u00ed sankce&#8230;<\/span><\/p>\n<p><span>Ale Izrael to b\u011bhem desetilet\u00ed d\u011bl\u00e1 znovu a znovu a v\u0161e, co se Palestinc\u016fm dost\u00e1v\u00e1, jsou tlumen\u00e1 slova znepokojen\u00ed a v\u00fdzvy k vy\u0161et\u0159ov\u00e1n\u00ed, co\u017e Izraeli umo\u017e\u0148uje pokra\u010dovat v masakrov\u00e1n\u00ed zdravotn\u00edk\u016f a pohotovostn\u00edch pracovn\u00edk\u016f bez omezen\u00ed. \u017d\u00e1dn\u00e1 spravedlnost.<\/span><\/p>\n<p><em><strong>Eva Bartlett<\/strong>\u00a0, kanadsk\u00e1\u00a0nez\u00e1visl\u00e1 novin\u00e1\u0159ka. Str\u00e1vila l\u00e9ta v ter\u00e9nu a pokr\u00fdvala konfliktn\u00ed z\u00f3ny na Bl\u00edzk\u00e9m v\u00fdchod\u011b, zejm\u00e9na v S\u00fdrii a Palestin\u011b (kde \u017eila t\u00e9m\u011b\u0159 \u010dty\u0159i roky).<\/em><\/p>\n<div class=\"Blog-author__cover\"><a href=\"https:\/\/swentr.site\/op-ed\/authors\/eva-bartlett\/\"><img decoding=\"async\" loading=\"lazy\" class=\"\" src=\"https:\/\/mf.b37mrtl.ru\/files\/2019.06\/original\/5d0ccac1fc7e93333b8b45d9.jpg\" alt=\"Eva Bartlettov\u00e1\" width=\"219\" height=\"219\" \/><\/a><\/div>\n<div class=\"Blog-author__text\">\n<p><em><span>\u00a0<\/span><\/em><\/p>\n<\/div>\n","protected":false},"excerpt":{"rendered":"<p>Ned\u00e1vn\u00fd p\u0159\u00edpad 15 uniformovan\u00fdch z\u00e1chran\u00e1\u0159\u016f zabit\u00fdch na cest\u011b do pr\u00e1ce je pouze posledn\u00edm z dlouh\u00e9,&#8230;<\/p>\n","protected":false},"author":2,"featured_media":76095,"comment_status":"closed","ping_status":"closed","sticky":false,"template":"","format":"standard","meta":[],"categories":[7],"tags":[178,107,1746,1205,934],"_links":{"self":[{"href":"https:\/\/www.infokuryr.cz\/n\/wp-json\/wp\/v2\/posts\/76094"}],"collection":[{"href":"https:\/\/www.infokuryr.cz\/n\/wp-json\/wp\/v2\/posts"}],"about":[{"href":"https:\/\/www.infokuryr.cz\/n\/wp-json\/wp\/v2\/types\/post"}],"author":[{"embeddable":true,"href":"https:\/\/www.infokuryr.cz\/n\/wp-json\/wp\/v2\/users\/2"}],"replies":[{"embeddable":true,"href":"https:\/\/www.infokuryr.cz\/n\/wp-json\/wp\/v2\/comments?post=76094"}],"version-history":[{"count":0,"href":"https:\/\/www.infokuryr.cz\/n\/wp-json\/wp\/v2\/posts\/76094\/revisions"}],"wp:featuredmedia":[{"embeddable":true,"href":"https:\/\/www.infokuryr.cz\/n\/wp-json\/wp\/v2\/media\/76095"}],"wp:attachment":[{"href":"https:\/\/www.infokuryr.cz\/n\/wp-json\/wp\/v2\/media?parent=76094"}],"wp:term":[{"taxonomy":"category","embeddable":true,"href":"https:\/\/www.infokuryr.cz\/n\/wp-json\/wp\/v2\/categories?post=76094"},{"taxonomy":"post_tag","embeddable":true,"href":"https:\/\/www.infokuryr.cz\/n\/wp-json\/wp\/v2\/tags?post=76094"}],"curies":[{"name":"wp","href":"https:\/\/api.w.org\/{rel}","templated":true}]}}