{"id":76088,"date":"2025-04-10T05:14:23","date_gmt":"2025-04-10T03:14:23","guid":{"rendered":"https:\/\/www.infokuryr.cz\/n\/?p=76088"},"modified":"2025-04-10T05:14:23","modified_gmt":"2025-04-10T03:14:23","slug":"jak-byla-epidemie-alergie-na-arasidy-pohanena-chybnou-vedou-a-institucionalni-aroganci","status":"publish","type":"post","link":"https:\/\/www.infokuryr.cz\/n\/2025\/04\/10\/jak-byla-epidemie-alergie-na-arasidy-pohanena-chybnou-vedou-a-institucionalni-aroganci\/","title":{"rendered":"Jak byla epidemie alergie na ara\u0161\u00eddy poh\u00e1n\u011bna chybnou v\u011bdou a institucion\u00e1ln\u00ed aroganc\u00ed"},"content":{"rendered":"<div id=\"fb-root\"><\/div>\n<p><strong>Zdravotnick\u00e9 \u00fa\u0159ady, v\u010detn\u011b Americk\u00e9 akademie pediatrie (AAP) a N\u00e1rodn\u00edho institutu pro alergie a infek\u010dn\u00ed choroby (NIAID), pod veden\u00edm Anthonyho Fauciho (americk\u00e9ho Mikase b\u011bhem pandemie covidu), byly v pop\u0159ed\u00ed t\u00e9to krize.<\/strong><\/p>\n<p><span>Tyto \u00fa\u0159ady toti\u017e implementovaly politiky, kter\u00e9 byly v protikladu s v\u011bdeck\u00fdmi zji\u0161t\u011bn\u00edmi vysv\u011btluj\u00edc\u00edmi d\u016fvody rostouc\u00edch alergi\u00ed na ara\u0161\u00eddy u d\u011bt\u00ed.<\/span><\/p>\n<p><span>Katastrofick\u00e1 politika doporu\u010duj\u00edc\u00ed d\u011btem vyh\u00fdbat se ara\u0161\u00edd\u016fm ve skute\u010dnosti vedla ke ztrojn\u00e1soben\u00ed alergi\u00ed na ara\u0161\u00eddy v z\u00e1padn\u00edch zem\u00edch.<\/span><\/p>\n<p><span>Toto ztrojn\u00e1soben\u00ed alergi\u00ed nastalo mezi koncem 90. let 20. stolet\u00ed a rokem 2017, kdy Americk\u00e1 akademie pediatrie kone\u010dn\u011b obr\u00e1tila kurz. Tato zdravotn\u00ed krize se vyskytla p\u0159edev\u0161\u00edm v USA, EU, Velk\u00e9 Brit\u00e1nii, Kanad\u011b a Austr\u00e1lii, ale roz\u0161\u00ed\u0159ila se i do cel\u00e9ho sv\u011bta.<\/span><\/p>\n<p><span>Za katastrofou st\u00e1la pom\u00fdlen\u00e1 v\u011bda, institucion\u00e1ln\u00ed p\u00fdcha a odm\u00edtnut\u00ed p\u0159iznat chybu \u2013 \u0161lo o stejn\u00e9 vzorce, jak\u00e9 jsme vid\u011bli b\u011bhem pandemie Covidu-19.<\/span><\/p>\n<h2><span>Ara\u0161\u00eddov\u00e1 panika a jej\u00ed smrteln\u00e9 n\u00e1sledky<\/span><\/h2>\n<p><span>Katastrofick\u00e9 pokyny Americk\u00e9 akademie pediatrie z roku 2000 vyzvali rodi\u010de, aby odep\u0159eli ara\u0161\u00eddy d\u011btem mlad\u0161\u00edm t\u0159\u00ed let, a to i p\u0159es nulov\u00e9 v\u011bdeck\u00e9 podklady pro toto doporu\u010den\u00ed.<\/span><\/p>\n<p><span>V\u00fdskyt alergie na ara\u0161\u00eddy se do roku 2003 zdvojn\u00e1sobil a od t\u00e9 doby se d\u00e1le ztrojn\u00e1sobil, co\u017e p\u0159edstavuje celo\u017eivotn\u00ed z\u00e1t\u011b\u017e pro miliony lid\u00ed.<\/span><\/p>\n<p><span>Imunologov\u00e9 v\u011bd\u011bli, \u017ee brzk\u00e1 expozice alergen\u016fm zabr\u00e1n\u00ed alergi\u00edm, ale t\u00e9m\u011b\u0159 dv\u011b desetilet\u00ed byli ignorov\u00e1ni. Anthony Fauci se zbavil odpov\u011bdnosti a b\u011bhem rozhovoru pro televizn\u00ed stanici CBS v roce 2019 bagatelizoval roli, kterou v t\u00e9to blam\u00e1\u017ei sehr\u00e1la jeho organizace NIAID.<\/span><\/p>\n<p><span>Jde o jasnou paralelu s pandemi\u00ed Covidu-19, kdy \u00fa\u0159ady ignorovaly nesouhlas\u00edc\u00ed v\u011bdce, obvi\u0148ovaly ve\u0159ejnost a p\u0159etla\u010dovaly nefunguj\u00edc\u00ed opat\u0159en\u00ed.<\/span><\/p>\n<p><span>V devades\u00e1t\u00fdch letech minul\u00e9ho stolet\u00ed byly alergie na ara\u0161\u00eddy vz\u00e1cn\u00e9. Do roku 2017 se staly epidemi\u00ed \u2013 epidemi\u00ed, kterou vyrobily pr\u00e1v\u011b instituce ur\u010den\u00e9 na ochranu ve\u0159ejn\u00e9ho zdrav\u00ed.<\/span><\/p>\n<p><span>Americk\u00e1 akademie pediatr\u016f (AAP) a NIAID vydaly v roce 2000 v\u0161eobecn\u00e9 varov\u00e1n\u00ed: rodi\u010de se mus\u00ed vyh\u00fdbat pod\u00e1v\u00e1n\u00ed ara\u0161\u00edd\u016f mal\u00fdm d\u011btem, zejm\u00e9na t\u011bm, kter\u00e9 jsou \u201evysoce rizikov\u00e9\u201c (nejasn\u00e1 kategorie zahrnuj\u00edc\u00ed ka\u017ed\u00e9 d\u00edt\u011b s rodinnou anamn\u00e9zou alergie).<\/span><\/p>\n<p><span>Ministerstvo zdravotnictv\u00ed Velk\u00e9 Brit\u00e1nie prosadilo stejn\u00e9 nev\u011bdeck\u00e9 doporu\u010den\u00ed v roce 1998 s odvol\u00e1n\u00edm na nespr\u00e1vn\u011b interpretovanou studii.<\/span><\/p>\n<p><span>Doktor Jonathan Hourihane, autor studie, byl zd\u011b\u0161en:\u00a0<\/span><em><span>&#8222;Je to sm\u011b\u0161n\u00e9. Nen\u00ed to v\u016fbec to, \u010demu jsem cht\u011bl, aby lid\u00e9 v\u011b\u0159ili.&#8220;<\/span><\/em><\/p>\n<p><span>St\u00e1tn\u00ed \u00fa\u0159ady AAP a NIAID, tehdy veden\u00e9 Anthonym Faucim, v\u0161ak tuto politiku stejn\u011b zavedly.<\/span><\/p>\n<h2><span>Nepohodln\u00e1 pravda: \u010casn\u00e1 expozice alergen\u016fm zabra\u0148uje alergi\u00edm<\/span><\/h2>\n<p><span>V roce 2008 ji\u017e nesouhlasn\u00ed v\u00fdzkumn\u00edci jako Dr. Gideon Lack dok\u00e1zaly, \u017ee vyh\u00fdb\u00e1n\u00ed se ara\u0161\u00edd\u016fm ve skute\u010dnosti zvy\u0161uje alergie na n\u011b.<\/span><\/p>\n<p><span>Jeho pr\u016flomov\u00e1 studie uk\u00e1zala, \u017ee \u017eidovsk\u00e9 d\u011bti ve Velk\u00e9 Brit\u00e1nii, kter\u00e9 m\u011bly ara\u0161\u00eddy zak\u00e1zan\u00e9, m\u011bly desetkr\u00e1t vy\u0161\u0161\u00ed m\u00edru alergi\u00ed ne\u017e izraelsk\u00e9 d\u011bti, kter\u00e9 jedly ara\u0161\u00eddov\u00e9 o\u0159\u00ed\u0161ky ji\u017e v ran\u00e9m d\u011btstv\u00ed. Av\u0161ak zako\u0159en\u011bn\u00e9 l\u00e9ka\u0159sk\u00e9 dogma jeho zji\u0161t\u011bn\u00ed odm\u00edtla.<\/span><\/p>\n<p><em><span>\\&#8220;Obvinili m\u011b z neetick\u00e9ho chov\u00e1n\u00ed. Testov\u00e1n\u00ed jejich dogmatick\u00e9 hypot\u00e9zy bylo pova\u017eov\u00e1no za rouh\u00e1n\u00ed, \\&#8220;<\/span><\/em><span>\u00a0\u0159ekl Dr. Lack.<\/span><\/p>\n<p><span>Trvalo a\u017e do roku 2015, ne\u017e Americk\u00e1 akademie pediatrie kone\u010dn\u011b zm\u011bnila n\u00e1zor. Do t\u00e9 doby se v\u0161ak n\u00e1v\u0161t\u011bvy pohotovosti kv\u016fli alergick\u00fdm reakc\u00edm na ara\u0161\u00eddy ztrojn\u00e1sobily.<\/span><\/p>\n<p><span>Po\u0161kozen\u00ed bylo nevratn\u00e9 pro miliony d\u011bt\u00ed, kter\u00e9 jsou nyn\u00ed odsouzeny nosit EpiPens (adrenalinov\u00e9 pero), b\u00e1t se restaurac\u00ed a \u017e\u00edt v neust\u00e1l\u00e9m nebezpe\u010d\u00ed.<\/span><\/p>\n<h2><span>Fauciho zav\u00e1d\u011bn\u00ed a lekce ponau\u010den\u00ed<\/span><\/h2>\n<p><span>Stejn\u011b jako v p\u0159\u00edpad\u011b pandemie Covidu-19 architekti t\u00e9to katastrofy odm\u00edtaj\u00ed svou odpov\u011bdnost. V rozhovoru pro CBS Sunday Morning v roce 2019 Fauci se sm\u00edchem odvrkl:\u00a0<\/span><em><span>\u201eNevydal jsem \u017e\u00e1dn\u00e9 doporu\u010den\u00ed, to je jist\u00e9!\u201c<\/span><\/em><\/p>\n<p><span>Potom bagatelizoval chybu Americk\u00e9 akademie pediatrie jen jako \u201erozhodnut\u00ed, kter\u00e9 bylo p\u0159i zp\u011btn\u00e9m pohledu nespr\u00e1vn\u00e9\u201c.<\/span><\/p>\n<p><span>Paralely s pandemi\u00ed Covid-19, jako jsou karant\u00e9ny, p\u0159\u00edkazy k rou\u0161kov\u00e1n\u00ed \u010di zav\u00edr\u00e1n\u00ed \u0161kol, jsou v\u00edce ne\u017e z\u0159ejm\u00e9. V obou p\u0159\u00edpadech instituce ignorovaly st\u00e1vaj\u00edc\u00ed v\u011bdu (v\u010dasn\u00e9 vystaven\u00ed ara\u0161\u00edd\u016fm zabra\u0148uje alergi\u00edm a\u00a0<\/span><a href=\"https:\/\/www.badatel.net\/dokumenty-z-nemeckeho-uvz-ukazuju-ze-rozhodnutie-zaviest-lockdowny-bolo-politicke-nie-zdravotne\/\"><span>lockdowny<\/span><\/a><span>\u00a0zp\u016fsobuj\u00ed v\u00edce \u0161kody ne\u017e u\u017eitku).<\/span><\/p>\n<p><span>\u00da\u0159ady dokonce obvi\u0148ovaly ve\u0159ejnost (rodi\u010de z alergi\u00ed a \u201eantiru\u0161ka\u0159e\u201c z \u0161\u00ed\u0159en\u00ed covidu), uml\u010dovali nesouhlas\u00edc\u00ed odborn\u00edky a cenzurovali skeptiky.<\/span><\/p>\n<h2><span>Z\u00e1v\u011br<\/span><\/h2>\n<p><span>Historie se opakuje \u2013 nejen s alergiemi na ara\u0161\u00eddy, ale s ka\u017edou \u201ejistotou\u201c \u00fa\u0159ad\u016f ve\u0159ejn\u00e9ho zdravotnictv\u00ed, kter\u00e1 se pod drobnohledem rozpad\u00e1. Pozd\u011bji s covidem, nov\u011b se slintavkou a kulhavkou.<\/span><\/p>\n<p><span>Jak dok\u00e1zal Dr. Lack, pravda \u010dasto le\u017e\u00ed mimo konsensus. Budeme tyto instituce n\u011bkdy br\u00e1t na zodpov\u011bdnost, nebo je nech\u00e1me nad\u00e1le hazardovat s na\u0161\u00edm zdrav\u00edm?<\/span><\/p>\n<p><em><span>\u201eBylo to doporu\u010den\u00ed zalo\u017een\u00e9 na intuitivn\u00edm pocitu,\u201c<\/span><\/em><span>\u00a0p\u0159iznal Fauci.<\/span><\/p>\n<p><span>Kolik katastrof je\u0161t\u011b zp\u016fsob\u00ed \u201eintuitivn\u00ed pocity\u201c na\u0161ich \u201eodborn\u00edk\u016f a expert\u016f\u201c, ne\u017e budeme od nich striktn\u011b po\u017eadovat skute\u010dnou v\u011bdu a ne jejich pocity?<\/span><\/p>\n<p><span>Autor: Lance D. Johnson, Zdroj:\u00a0<\/span><a href=\"https:\/\/www.naturalnews.com\/2025-04-07-how-the-peanut-allergy-epidemic-was-fueled-by-faulty-science.html\" target=\"_blank\" rel=\"noopener\"><span>naturalnews.com<\/span><\/a><\/p>\n<p>&nbsp;<\/p>\n","protected":false},"excerpt":{"rendered":"<p>Zdravotnick\u00e9 \u00fa\u0159ady, v\u010detn\u011b Americk\u00e9 akademie pediatrie (AAP) a N\u00e1rodn\u00edho institutu pro alergie a infek\u010dn\u00ed choroby&#8230;<\/p>\n","protected":false},"author":2,"featured_media":76089,"comment_status":"closed","ping_status":"closed","sticky":false,"template":"","format":"standard","meta":[],"categories":[7],"tags":[8547,8880,21],"_links":{"self":[{"href":"https:\/\/www.infokuryr.cz\/n\/wp-json\/wp\/v2\/posts\/76088"}],"collection":[{"href":"https:\/\/www.infokuryr.cz\/n\/wp-json\/wp\/v2\/posts"}],"about":[{"href":"https:\/\/www.infokuryr.cz\/n\/wp-json\/wp\/v2\/types\/post"}],"author":[{"embeddable":true,"href":"https:\/\/www.infokuryr.cz\/n\/wp-json\/wp\/v2\/users\/2"}],"replies":[{"embeddable":true,"href":"https:\/\/www.infokuryr.cz\/n\/wp-json\/wp\/v2\/comments?post=76088"}],"version-history":[{"count":0,"href":"https:\/\/www.infokuryr.cz\/n\/wp-json\/wp\/v2\/posts\/76088\/revisions"}],"wp:featuredmedia":[{"embeddable":true,"href":"https:\/\/www.infokuryr.cz\/n\/wp-json\/wp\/v2\/media\/76089"}],"wp:attachment":[{"href":"https:\/\/www.infokuryr.cz\/n\/wp-json\/wp\/v2\/media?parent=76088"}],"wp:term":[{"taxonomy":"category","embeddable":true,"href":"https:\/\/www.infokuryr.cz\/n\/wp-json\/wp\/v2\/categories?post=76088"},{"taxonomy":"post_tag","embeddable":true,"href":"https:\/\/www.infokuryr.cz\/n\/wp-json\/wp\/v2\/tags?post=76088"}],"curies":[{"name":"wp","href":"https:\/\/api.w.org\/{rel}","templated":true}]}}