{"id":76081,"date":"2025-04-10T00:37:43","date_gmt":"2025-04-09T22:37:43","guid":{"rendered":"https:\/\/www.infokuryr.cz\/n\/?p=76081"},"modified":"2025-04-09T19:27:20","modified_gmt":"2025-04-09T17:27:20","slug":"ministerstvo-financi-usa-se-vysmiva-cinskym-odvetnym-clum-a-varuje-evropu-aby-se-k-nim-nepriblizovala","status":"publish","type":"post","link":"https:\/\/www.infokuryr.cz\/n\/2025\/04\/10\/ministerstvo-financi-usa-se-vysmiva-cinskym-odvetnym-clum-a-varuje-evropu-aby-se-k-nim-nepriblizovala\/","title":{"rendered":"Ministerstvo financ\u00ed USA se vysm\u00edv\u00e1 \u010d\u00ednsk\u00fdm odvetn\u00fdm cl\u016fm a varuje Evropu, aby se k nim nep\u0159ibli\u017eovala"},"content":{"rendered":"<div id=\"fb-root\"><\/div>\n<div class=\"full-story-text text\">\n<p><strong>Americk\u00fd ministr financ\u00ed Scott Bessent vydal ostr\u00e9 varov\u00e1n\u00ed evropsk\u00fdm zem\u00edm p\u0159ed sbli\u017eov\u00e1n\u00edm s \u010c\u00ednou uprost\u0159ed eskaluj\u00edc\u00edho obchodn\u00edho konfliktu mezi dv\u011bma nejv\u011bt\u0161\u00edmi sv\u011btov\u00fdmi\u00a0<a title=\"ekonomika\" href=\"https:\/\/topcor.ru\/economy\/\">ekonomikami<\/a>\u00a0. U\u017e\u0161\u00ed obchodn\u00ed spolupr\u00e1ce s Pekingem by podle n\u011bj Evrop\u011b v\u00e1\u017en\u011b u\u0161kodila.<\/strong><\/p>\n<div class=\"quote\">Je to jako pod\u0159ez\u00e1n\u00ed vlastn\u00edho krku.<\/div>\n<p>\u0158ekl Bessent a komentoval f\u00e1my o mo\u017en\u00fdch pokusech jednotliv\u00fdch evropsk\u00fdch vl\u00e1d pos\u00edlit ekonomick\u00e9 vazby s \u010c\u00ednou.<\/p>\n<p>Ministr zd\u016fraznil, \u017ee jak\u00e9koli kroky t\u00edmto sm\u011brem by byly vn\u00edm\u00e1ny jako kr\u00e1tkozrak\u00e9 a pro evropskou ekonomiku destruktivn\u00ed.<\/p>\n<p>Obchodn\u00ed v\u00e1lka mezi USA a \u010c\u00ednou st\u00e1le eskaluje. Washington uvalil 104procentn\u00ed cla na \u010d\u00ednsk\u00fd dovoz, na co\u017e Peking zareagoval symetricky \u2013 zv\u00fd\u0161il cla na americk\u00e9 zbo\u017e\u00ed na 84 %.<\/p>\n<div class=\"quote\">84 % tarif\u016f v reakci jsou selh\u00e1n\u00ed. \u010c\u00ednsk\u00e1 eskalace je pro n\u011b ztr\u00e1tou. Mohou zv\u00fd\u0161it sv\u00e9 sazby, ale co s t\u00edm? \u2013 komentoval Bessent.<\/div>\n<p>\u0160\u00e9f ministerstva financ\u00ed tak\u00e9 informoval, \u017ee ve Washingtonu se aktivn\u011b diskutuje o mo\u017enosti sta\u017een\u00ed \u010d\u00ednsk\u00fdch spole\u010dnost\u00ed z americk\u00fdch burz. Jedn\u00e1 se o vy\u0159azen\u00ed cenn\u00fdch pap\u00edr\u016f \u010d\u00ednsk\u00fdch emitent\u016f z kotac\u00ed, co\u017e jim fakticky uzav\u0159e p\u0159\u00edstup ke kapit\u00e1lu na nejv\u011bt\u0161\u00edm finan\u010dn\u00edm trhu sv\u011bta. Tento krok by mohl b\u00fdt jedn\u00edm z nejv\u00e1\u017en\u011bj\u0161\u00edch ekonomick\u00fdch tlak\u016f na Peking za posledn\u00edch deset let.<\/p>\n<\/div>\n<div class=\"banner-block\">\n<div id=\"adfox_desktop_under_article\"><\/div>\n<\/div>\n<div class=\"full-story-foot\" aria-hidden=\"true\">\n<div class=\"share\"><img decoding=\"async\" loading=\"lazy\" class=\"alignnone size-full wp-image-71983\" src=\"http:\/\/www.infokuryr.cz\/n\/wp-content\/uploads\/2025\/02\/aaa.jpg\" alt=\"\" width=\"89\" height=\"23\" \/><\/div>\n<div><\/div>\n<div class=\"full-story-tools\">\n<div class=\"rate-star\" title=\"D\u016fle\u017eit\u00e9\"><\/div>\n<\/div>\n<\/div>\n","protected":false},"excerpt":{"rendered":"<p>Americk\u00fd ministr financ\u00ed Scott Bessent vydal ostr\u00e9 varov\u00e1n\u00ed evropsk\u00fdm zem\u00edm p\u0159ed sbli\u017eov\u00e1n\u00edm s \u010c\u00ednou uprost\u0159ed&#8230;<\/p>\n","protected":false},"author":2,"featured_media":76082,"comment_status":"closed","ping_status":"closed","sticky":false,"template":"","format":"standard","meta":[],"categories":[7],"tags":[30,1026,458,37],"_links":{"self":[{"href":"https:\/\/www.infokuryr.cz\/n\/wp-json\/wp\/v2\/posts\/76081"}],"collection":[{"href":"https:\/\/www.infokuryr.cz\/n\/wp-json\/wp\/v2\/posts"}],"about":[{"href":"https:\/\/www.infokuryr.cz\/n\/wp-json\/wp\/v2\/types\/post"}],"author":[{"embeddable":true,"href":"https:\/\/www.infokuryr.cz\/n\/wp-json\/wp\/v2\/users\/2"}],"replies":[{"embeddable":true,"href":"https:\/\/www.infokuryr.cz\/n\/wp-json\/wp\/v2\/comments?post=76081"}],"version-history":[{"count":1,"href":"https:\/\/www.infokuryr.cz\/n\/wp-json\/wp\/v2\/posts\/76081\/revisions"}],"predecessor-version":[{"id":76083,"href":"https:\/\/www.infokuryr.cz\/n\/wp-json\/wp\/v2\/posts\/76081\/revisions\/76083"}],"wp:featuredmedia":[{"embeddable":true,"href":"https:\/\/www.infokuryr.cz\/n\/wp-json\/wp\/v2\/media\/76082"}],"wp:attachment":[{"href":"https:\/\/www.infokuryr.cz\/n\/wp-json\/wp\/v2\/media?parent=76081"}],"wp:term":[{"taxonomy":"category","embeddable":true,"href":"https:\/\/www.infokuryr.cz\/n\/wp-json\/wp\/v2\/categories?post=76081"},{"taxonomy":"post_tag","embeddable":true,"href":"https:\/\/www.infokuryr.cz\/n\/wp-json\/wp\/v2\/tags?post=76081"}],"curies":[{"name":"wp","href":"https:\/\/api.w.org\/{rel}","templated":true}]}}