{"id":76066,"date":"2025-04-10T00:34:42","date_gmt":"2025-04-09T22:34:42","guid":{"rendered":"https:\/\/www.infokuryr.cz\/n\/?p=76066"},"modified":"2025-04-09T18:47:30","modified_gmt":"2025-04-09T16:47:30","slug":"jan-sedlacek-vystoupeni-z-eu-je-cesta-ke-svobode","status":"publish","type":"post","link":"https:\/\/www.infokuryr.cz\/n\/2025\/04\/10\/jan-sedlacek-vystoupeni-z-eu-je-cesta-ke-svobode\/","title":{"rendered":"Jan Sedl\u00e1\u010dek: Vystoupen\u00ed z EU je cesta ke svobod\u011b"},"content":{"rendered":"<div id=\"fb-root\"><\/div>\n<div class=\"entry-content\">\n<h4>P\u0159edseda ND mluvil v nov\u00e9m d\u00edle sv\u00e9ho po\u0159adu ZVOSTRA o tom, jak n\u00e1m EU \u0161kod\u00ed a pro\u010d je nutn\u00e9 z n\u00ed vystoupit.<\/h4>\n<p><iframe loading=\"lazy\" class=\"entered litespeed-loaded\" title=\"#56 Zvostra s Janem Sedl\u00e1\u010dkem \u2013 Vystoupen\u00ed z EU: Cesta ke svobod\u011b\" src=\"https:\/\/www.youtube.com\/embed\/4u3x5oNNAis?feature=oembed\" width=\"665\" height=\"374\" frameborder=\"0\" allowfullscreen=\"allowfullscreen\" data-lazyloaded=\"1\" data-src=\"https:\/\/www.youtube.com\/embed\/4u3x5oNNAis?feature=oembed\" data-ll-status=\"loaded\" data-mce-fragment=\"1\"><\/iframe><\/p>\n<h4>Krom\u011b toho Jan Sedl\u00e1\u010dek tak\u00e9 moderoval nov\u00fd d\u00edl po\u0159adu KONCEPTU\u00c1LN\u011a, kter\u00fd byl v\u011bnovan\u00fd zejm\u00e9na v\u00e1lk\u00e1m a zatahov\u00e1n\u00ed \u010cR do t\u011bchto v\u00e1lek:<\/h4>\n<p><iframe loading=\"lazy\" class=\"entered litespeed-loaded\" title=\"Konceptu\u00e1ln\u011b #32 Milan Gybas | Sv\u011bt se zm\u00edt\u00e1 v turbulentn\u00ed bou\u0159i\" src=\"https:\/\/www.youtube.com\/embed\/UbXK41w2ldo?feature=oembed\" width=\"665\" height=\"374\" frameborder=\"0\" allowfullscreen=\"allowfullscreen\" data-lazyloaded=\"1\" data-src=\"https:\/\/www.youtube.com\/embed\/UbXK41w2ldo?feature=oembed\" data-ll-status=\"loaded\" data-mce-fragment=\"1\"><\/iframe><\/p>\n<p><a href=\"https:\/\/narodnidemokracie.cz\/rndr-jan-sedlacek-vystoupeni-z-eu-je-cesta-ke-svobode\/\">RNDr. Jan Sedl\u00e1\u010dek<\/a><\/p>\n<p><img decoding=\"async\" loading=\"lazy\" class=\"alignnone size-full wp-image-678\" src=\"http:\/\/www.infokuryr.cz\/n\/wp-content\/uploads\/2021\/04\/narodni_demokracie_logo.jpg\" alt=\"\" width=\"300\" height=\"85\" \/><\/p>\n<\/div>\n","protected":false},"excerpt":{"rendered":"<p>P\u0159edseda ND mluvil v nov\u00e9m d\u00edle sv\u00e9ho po\u0159adu ZVOSTRA o tom, jak n\u00e1m EU \u0161kod\u00ed&#8230;<\/p>\n","protected":false},"author":2,"featured_media":72664,"comment_status":"closed","ping_status":"closed","sticky":false,"template":"","format":"standard","meta":[],"categories":[6],"tags":[41,1503,85,122,5135],"_links":{"self":[{"href":"https:\/\/www.infokuryr.cz\/n\/wp-json\/wp\/v2\/posts\/76066"}],"collection":[{"href":"https:\/\/www.infokuryr.cz\/n\/wp-json\/wp\/v2\/posts"}],"about":[{"href":"https:\/\/www.infokuryr.cz\/n\/wp-json\/wp\/v2\/types\/post"}],"author":[{"embeddable":true,"href":"https:\/\/www.infokuryr.cz\/n\/wp-json\/wp\/v2\/users\/2"}],"replies":[{"embeddable":true,"href":"https:\/\/www.infokuryr.cz\/n\/wp-json\/wp\/v2\/comments?post=76066"}],"version-history":[{"count":1,"href":"https:\/\/www.infokuryr.cz\/n\/wp-json\/wp\/v2\/posts\/76066\/revisions"}],"predecessor-version":[{"id":76067,"href":"https:\/\/www.infokuryr.cz\/n\/wp-json\/wp\/v2\/posts\/76066\/revisions\/76067"}],"wp:featuredmedia":[{"embeddable":true,"href":"https:\/\/www.infokuryr.cz\/n\/wp-json\/wp\/v2\/media\/72664"}],"wp:attachment":[{"href":"https:\/\/www.infokuryr.cz\/n\/wp-json\/wp\/v2\/media?parent=76066"}],"wp:term":[{"taxonomy":"category","embeddable":true,"href":"https:\/\/www.infokuryr.cz\/n\/wp-json\/wp\/v2\/categories?post=76066"},{"taxonomy":"post_tag","embeddable":true,"href":"https:\/\/www.infokuryr.cz\/n\/wp-json\/wp\/v2\/tags?post=76066"}],"curies":[{"name":"wp","href":"https:\/\/api.w.org\/{rel}","templated":true}]}}