{"id":76059,"date":"2025-04-10T00:30:32","date_gmt":"2025-04-09T22:30:32","guid":{"rendered":"https:\/\/www.infokuryr.cz\/n\/?p=76059"},"modified":"2025-04-09T18:27:41","modified_gmt":"2025-04-09T16:27:41","slug":"jiri-paroubek-svet-je-vyrvan-z-korenu","status":"publish","type":"post","link":"https:\/\/www.infokuryr.cz\/n\/2025\/04\/10\/jiri-paroubek-svet-je-vyrvan-z-korenu\/","title":{"rendered":"Ji\u0159\u00ed Paroubek: Sv\u011bt je vyrv\u00e1n z ko\u0159en\u016f&#8230;"},"content":{"rendered":"<div id=\"fb-root\"><\/div>\n<p><strong>P\u00edse\u0148 pod t\u00edmto n\u00e1zvem zp\u00edvali pr\u00fd royalisti\u010dt\u00ed d\u016fstojn\u00edci, pozvan\u00ed kr\u00e1lem Ludv\u00edkem XVI. a jeho \u017eenou, kr\u00e1lovnou Mari\u00ed Antoinetou na setk\u00e1n\u00ed. V p\u0159\u00edb\u011bhu divok\u00e9ho banketu, po\u0159\u00e1dan\u00e9mu na truc revolu\u010dn\u00ed Pa\u0159\u00ed\u017ei, strh\u00e1vali kr\u00e1li v\u011brn\u00ed d\u016fstojn\u00edci ze sv\u00fdch uniforem trikolory a nahrazovali je bourbonsk\u00fdmi liliemi.<\/strong><\/p>\n<p style=\"font-weight: 400;\">Kdo sledoval americkou prezidentskou volebn\u00ed kampa\u0148, muselo mu b\u00fdt jasn\u00e9, \u017ee pokud bude D. Trump zvolen prezidentem USA, pokus\u00ed se o reindustrializaci Spojen\u00fdch st\u00e1t\u016f.\u00a0\u00a0A to cestou zaveden\u00ed cel. L\u00e9pe by ale sed\u011bl term\u00edn celn\u00edch p\u0159ehrad. Nesd\u00edl\u00edm optimismus mnoh\u00fdch, a to i m\u00fdch p\u0159\u00e1tel, kte\u0159\u00ed se domn\u00edvaj\u00ed, \u017ee se jedn\u00e1 o nutn\u00fd ozdravn\u00fd proces.<\/p>\n<p style=\"font-weight: 400;\">Stav\u011bn\u00ed celn\u00edch bari\u00e9r po p\u00e1du burzy v New Yorku v z\u00e1v\u011bru roku 1929 vytvo\u0159ilo v t\u0159ic\u00e1t\u00fdch letech sv\u011bt s des\u00edtkami milion\u016f nezam\u011bstnan\u00fdch, s pauperizac\u00ed st\u0159edn\u00ed t\u0159\u00eddy v mnoha st\u00e1tech. D\u016fsledkem zchudnut\u00ed \u0161irok\u00fdch vrstev obyvatelstva, zejm. pr\u016fmyslov\u00fdch\u00a0\u00a0st\u00e1t\u016f, v\u010detn\u011b t\u011bch nejvysp\u011blej\u0161\u00edch, znamenalo nev\u00eddan\u00fd rozvoj tenz\u00ed v jednotliv\u00fdch st\u00e1tn\u00edch entit\u00e1ch,\u00a0\u00a0resp. v jejich spole\u010dnostech, kter\u00e9 vyvrcholily 2. sv\u011btovou v\u00e1lkou. A n\u00e1sledn\u011b, po druh\u00e9 sv\u011btov\u00e9 v\u00e1lce vytvo\u0159en\u00edm &#8222;\u017delezn\u00e9\u00a0\u00a0\u00a0opony&#8220;, kter\u00e1 m\u011bla za n\u00e1sledek rozd\u011blen\u00ed Evropy na demokratickou \u010d\u00e1st a tu nedemokratickou pod kontrolou Sov\u011btsk\u00e9ho svazu.<\/p>\n<p>1.Trump velmi tvrd\u011b zas\u00e1hl cly nejv\u011bt\u0161\u00ed v\u00fdvozce zbo\u017e\u00ed do Spojen\u00fdch st\u00e1t\u016f, tedy zejm\u00e9na \u010c\u00ednu, v men\u0161\u00ed m\u00ed\u0159e pak Evropskou unii, Japonsko, Ji\u017en\u00ed Koreu a mohl bych pokra\u010dovat\u2026<\/p>\n<p style=\"font-weight: 400;\">Pokud n\u011bkter\u00e9 st\u00e1ty, kter\u00e9 exportuj\u00ed do USA sv\u00e9 zbo\u017e\u00ed, nemaj\u00ed dostate\u010dn\u011b diverzifikovan\u00fd v\u00fdvoz, bude to pro n\u011b zdrcuj\u00edc\u00ed r\u00e1na. Jak pro jejich ekonomiku, tak pro \u017eivotn\u00ed \u00farove\u0148 lid\u00ed.<\/p>\n<p style=\"font-weight: 400;\">Prost\u011b, nev\u011b\u0159\u00edm tomu, \u017ee by revoluce veden\u00e9 pod abstraktn\u00edmi hesly, v tomto p\u0159\u00edpad\u011b pod heslem zat\u00ed\u017een\u00ed vysok\u00fdmi cly zem\u00ed s nejv\u011bt\u0161\u00edm obchodn\u00edm p\u0159ebytkem v obchod\u011b se Spojen\u00fdmi st\u00e1ty, n\u011bco \u0159e\u0161ilo. Tedy, pozitivn\u011b \u0159e\u0161ilo. V\u011b\u0159il jsem a v\u011b\u0159\u00edm tomu, \u017ee vztahy v ekonomice mezi st\u00e1ty je mo\u017en\u00e9 m\u011bnit, reformovat pozvolna a hlavn\u011b permanentn\u011b. Ch\u00e1pu i vedlej\u0161\u00ed my\u0161lenku Trumpa a jeho lid\u00ed, kte\u0159\u00ed cht\u011bj\u00ed zv\u00fd\u0161it p\u0159\u00edjmy americk\u00e9ho st\u00e1tn\u00edho rozpo\u010dtu tak, aby se cla stala, tak jako p\u0159ed 1. sv\u011btovou v\u00e1lkou, pro Ameriku velkou a vlastn\u011b bezpracnou polo\u017ekou feder\u00e1ln\u00edho rozpo\u010dtu. A pak m\u016f\u017ee doj\u00edt k dal\u0161\u00ed prudk\u00e9 reform\u011b, tedy ke sn\u00ed\u017een\u00ed dan\u011b z p\u0159\u00edjm\u016f a dal\u0161\u00edch dan\u00ed. To v\u0161e se ov\u0161em t\u00fdk\u00e1 jen Spojen\u00fdch st\u00e1t\u016f. Bude zaj\u00edmav\u00e9 sledovat, jak budou reagovat na tento v\u00fdvoj nejv\u011bt\u0161\u00ed export\u00e9\u0159i do Spojen\u00fdch st\u00e1t\u016f. Tedy \u010c\u00edna a Evropsk\u00e1 unie a zejm. N\u011bmecko. To, \u017ee to zat\u0159ese jejich ekonomikami je z\u0159ejm\u00e9.<\/p>\n<p style=\"font-weight: 400;\">\u010c\u00edna m\u00e1 tu obrovskou v\u00fdhodu, \u017ee u\u017e druh\u00e9 desetilet\u00ed rozv\u00edj\u00ed nejv\u011bt\u0161\u00ed ekonomick\u00fd projekt sou\u010dasnosti P\u00e1s a stezka, do kter\u00e9ho zapojila ji\u017e 140 zem\u00ed. M\u00e1 tedy p\u0159irozen\u00e9 odbyti\u0161t\u011b pro sv\u00e9 zbo\u017e\u00ed. A odbyti\u0161t\u011b pro jej\u00ed zbo\u017e\u00ed je t\u0159eba hledat tak\u00e9 na vnit\u0159n\u00edm \u010d\u00ednsk\u00e9m trhu, ve st\u00e1le posiluj\u00edc\u00edm po\u010dtu p\u0159\u00edslu\u0161n\u00edk\u016f st\u0159edn\u00ed \u010d\u00ednsk\u00e9 vrstvy (odhady dnes \u010din\u00ed kolem p\u016fl miliardy lid\u00ed).<\/p>\n<p style=\"font-weight: 400;\">Pokud upadne Evropa do recese a inflace, co\u017e je pravd\u011bpodobn\u00e9, a trouf\u00e1m si tvrdit, \u017ee nejv\u011bt\u0161\u00ed probl\u00e9my ze v\u0161ech zem\u00ed EU bude m\u00edt N\u011bmecko, pak zrcadlov\u011b tyto probl\u00e9my dopadnou i na subdodavatelskou zemi N\u011bmecka, kterou je \u010cesko. A nic na tom nezm\u011bn\u00ed \u00fap\u011bnliv\u00e9 v\u00fdk\u0159iky prezidenta Pavla a premi\u00e9ra Fialy. Prost\u011b Ameri\u010dan\u00e9 je hodili p\u0159es palubu, i s celou Evropskou unii s nevy\u0159\u010denou radou \u201c p\u0159\u00e1tel\u00e9, d\u011blejte si, co chcete\u201c.<\/p>\n<p style=\"font-weight: 400;\">A j\u00e1 bych poradil evropsk\u00fdm l\u00eddr\u016fm, aby se\u00a0\u00a0zbavili v\u0161ech z\u00e1t\u011b\u017e\u00ed, kter\u00e9 Evropa dnes m\u00e1, v prvn\u00ed \u0159ad\u011b v\u00e1lky na Ukrajin\u011b. P\u0159edstavy Zelensk\u00e9ho, Macrona a n\u011bkter\u00fdch dal\u0161\u00edch militant\u016f o eskalaci konfliktu jsou nejen nepraktick\u00e9 v sou\u010dasn\u00e9 situaci, ale ve sv\u00fdch d\u016fsledc\u00edch zni\u010duj\u00edc\u00ed.<\/p>\n<p style=\"font-weight: 400;\">Prezident Trump zasahuje chaoticky v mnoha oblastech sv\u011bta (vrcholn\u00e9 politick\u00e9 ske\u010de p\u0159edv\u00e1d\u00ed v Gaze). A je mu \u00fapln\u011b \u0161umafuk, \u017ee p\u0159i panick\u00e9m v\u00fdprodeji akci\u00ed na americk\u00e9 burze p\u0159i\u0161li velmi pravd\u011bpodobn\u011b o pen\u00edze p\u0159edev\u0161\u00edm men\u0161\u00ed a st\u0159edn\u00ed investo\u0159i. A p\u0159i\u0161li o miliardy dolar\u016f. Velc\u00ed finan\u010dn\u00ed \u017eraloci s dostate\u010dn\u00fdm finan\u010dn\u00edm kapit\u00e1lem mohli jen skupovat levn\u00e9 akcie\u2026<\/p>\n<p style=\"font-weight: 400;\">Je zaj\u00edmav\u00e9, \u017ee se nikdo z Trumpova t\u00fdmu v\u010d. sp\u0159\u00edzn\u011bn\u00fdch miliard\u00e1\u0159sk\u00fdch investor\u016f, nezab\u00fdv\u00e1 mo\u017enost\u00ed p\u00e1du burzy cenn\u00fdch pap\u00edr\u016f v New Yorku. Nechci stra\u0161it, nen\u00ed to na po\u0159adu dne, ale prohlubov\u00e1n\u00ed chaosu a eskalace chaotick\u00fdch rozhodnut\u00ed prezidenta, by mohla za ur\u010dit\u00fdch okolnost\u00ed k takov\u00e9mu debaklu v\u00e9st. To by m\u011blo pochopiteln\u011b nedoz\u00edrn\u00e9 n\u00e1sledky zejm\u00e9na na Evropu, ale i na cel\u00fd sv\u011bt.<\/p>\n<p><a href=\"https:\/\/vasevec.info\/blogy\/svet-je-vyrvan-z-korenu-1\">Ji\u0159\u00ed Paroubek<\/a><\/p>\n<p><img decoding=\"async\" loading=\"lazy\" class=\"alignnone size-medium wp-image-2342\" src=\"http:\/\/www.infokuryr.cz\/n\/wp-content\/uploads\/2021\/06\/paroubek-300x208.jpg\" alt=\"\" width=\"300\" height=\"208\" srcset=\"https:\/\/www.infokuryr.cz\/n\/wp-content\/uploads\/2021\/06\/paroubek-300x208.jpg 300w, https:\/\/www.infokuryr.cz\/n\/wp-content\/uploads\/2021\/06\/paroubek.jpg 318w\" sizes=\"(max-width: 300px) 100vw, 300px\" \/><\/p>\n<p>&nbsp;<\/p>\n","protected":false},"excerpt":{"rendered":"<p>P\u00edse\u0148 pod t\u00edmto n\u00e1zvem zp\u00edvali pr\u00fd royalisti\u010dt\u00ed d\u016fstojn\u00edci, pozvan\u00ed kr\u00e1lem Ludv\u00edkem XVI. a jeho \u017eenou,&#8230;<\/p>\n","protected":false},"author":2,"featured_media":62736,"comment_status":"closed","ping_status":"closed","sticky":false,"template":"","format":"standard","meta":[],"categories":[6],"tags":[1042,59,276,452,37],"_links":{"self":[{"href":"https:\/\/www.infokuryr.cz\/n\/wp-json\/wp\/v2\/posts\/76059"}],"collection":[{"href":"https:\/\/www.infokuryr.cz\/n\/wp-json\/wp\/v2\/posts"}],"about":[{"href":"https:\/\/www.infokuryr.cz\/n\/wp-json\/wp\/v2\/types\/post"}],"author":[{"embeddable":true,"href":"https:\/\/www.infokuryr.cz\/n\/wp-json\/wp\/v2\/users\/2"}],"replies":[{"embeddable":true,"href":"https:\/\/www.infokuryr.cz\/n\/wp-json\/wp\/v2\/comments?post=76059"}],"version-history":[{"count":0,"href":"https:\/\/www.infokuryr.cz\/n\/wp-json\/wp\/v2\/posts\/76059\/revisions"}],"wp:featuredmedia":[{"embeddable":true,"href":"https:\/\/www.infokuryr.cz\/n\/wp-json\/wp\/v2\/media\/62736"}],"wp:attachment":[{"href":"https:\/\/www.infokuryr.cz\/n\/wp-json\/wp\/v2\/media?parent=76059"}],"wp:term":[{"taxonomy":"category","embeddable":true,"href":"https:\/\/www.infokuryr.cz\/n\/wp-json\/wp\/v2\/categories?post=76059"},{"taxonomy":"post_tag","embeddable":true,"href":"https:\/\/www.infokuryr.cz\/n\/wp-json\/wp\/v2\/tags?post=76059"}],"curies":[{"name":"wp","href":"https:\/\/api.w.org\/{rel}","templated":true}]}}