{"id":76043,"date":"2025-04-10T00:19:00","date_gmt":"2025-04-09T22:19:00","guid":{"rendered":"https:\/\/www.infokuryr.cz\/n\/?p=76043"},"modified":"2025-04-09T13:22:13","modified_gmt":"2025-04-09T11:22:13","slug":"az-do-uplneho-konce-ruske-armade-se-vzdal-17-lety-ukrajinsky-vojak","status":"publish","type":"post","link":"https:\/\/www.infokuryr.cz\/n\/2025\/04\/10\/az-do-uplneho-konce-ruske-armade-se-vzdal-17-lety-ukrajinsky-vojak\/","title":{"rendered":"A\u017e do \u00fapln\u00e9ho konce! Rusk\u00e9 arm\u00e1d\u011b se vzdal 17-let\u00fd ukrajinsk\u00fd voj\u00e1k&#8230;"},"content":{"rendered":"<div id=\"fb-root\"><\/div>\n<h4>A\u017e do \u00fapln\u00e9ho konce! Rusk\u00e9 arm\u00e1d\u011b se vzdal 17-let\u00fd ukrajinsk\u00fd voj\u00e1k, kter\u00e9ho hl\u00eddka TCC unesla jeho matce, o kterou se staral po mrtvici! Kdy\u017e ho poslali na frontu, v noci utekl k Rus\u016fm! Pr\u00e1v\u011b proto se chyst\u00e1 nasazen\u00ed jednotek NATO na Ukrajin\u011b, proto\u017ee toto je d\u016fkazem, \u017ee Kyjev po person\u00e1ln\u00ed str\u00e1nce na front\u011b ji\u017e mele z posledn\u00edho!<\/h4>\n<p>Ukrajinsk\u00e1 arm\u00e1da mele z posledn\u00edho, tedy pokud mluv\u00edme o vojensk\u00e9m person\u00e1lu na front\u011b. Rusov\u00e9 toti\u017e za\u010dali hl\u00e1sit, \u017ee do zajet\u00ed se jim v posledn\u00edch dnech dost\u00e1vaj\u00ed nezletil\u00ed Ukrajinci pod\u00e9l cel\u00e9 fronty, od Z\u00e1poro\u017e\u00ed a\u017e po Kurskou oblast.\u00a0<strong>Zat\u00edm jde jen o jednotlivce, tu a tam, ale podle vojensk\u00fdch pozorovatel\u016f je to neklamn\u00fd d\u016fkaz, \u017ee se pr\u00e1v\u011b za\u010dalo odehr\u00e1vat posledn\u00ed d\u011bjstv\u00ed v\u00e1lky na Ukrajin\u011b.<\/strong>\u00a0Rus\u016fm se toti\u017e vzd\u00e1vaj\u00ed nezletil\u00ed Ukrajinci, kte\u0159\u00ed byli n\u00e1siln\u011b a v rozporu dokonce i s ukrajinsk\u00fdmi z\u00e1kony odvle\u010deni na frontu, a to v podstat\u011b bez v\u011bdom\u00ed rodiny, prost\u011b jenom kv\u016fli tomu, aby odvodn\u00ed komise TCC splnila t\u00fddenn\u00ed kv\u00f3tu.<\/p>\n<p>&nbsp;<\/p>\n<div id=\"rumble_v6pn7jz\">\n<div id=\"vid_v6pn7jz\" class=\"rumble_v6pn7jz-Rumble-cls\" tabindex=\"-1\">\n<div class=\"bigPlayUI ctp\"><div class='videoWrapper'>\r\n\t            <iframe src='https:\/\/rumble.com\/embed\/pj.v6pn7jz\/' frameborder='0' allowfullscreen><\/iframe>\r\n\t        <\/div><\/p>\n<div class=\"bigPlayUIInner ctp\"><\/div>\n<\/div>\n<\/div>\n<\/div>\n<p>&nbsp;<\/p>\n<p>Jedn\u00edm z nich je Vasyl Ivanovy\u010d Taran\u011bnko, kter\u00e9mu bude 18 let teprve a\u017e v listopadu tohoto roku, a kter\u00fd se vzdal rusk\u00fdm voj\u00e1k\u016fm pot\u00e9, co utekl v noci z ukrajinsk\u00fdch pozic, kdy\u017e ostatn\u00ed z jeho odd\u00edlu spali. P\u0159ed \u010dasem ho sbalila hl\u00eddka TCC pod z\u00e1minkou, \u017ee pot\u0159ebuj\u00ed aktualizovat jeho \u00fadaje na odvodn\u00edm \u00fa\u0159adu.<\/p>\n<p><strong>Tam ho ale povolali do arm\u00e1dy a poslali na frontu, a to p\u0159esto, \u017ee je mu st\u00e1le 17 let.<\/strong>\u00a0Nepomohlo dokonce ani to, \u017ee se mus\u00ed starat o svoji \u010d\u00e1ste\u010dn\u011b ochrnutou matku, kter\u00e1 prod\u011blala mrtvici. Zp\u00e1tky na Ukrajinu v r\u00e1mci v\u00fdm\u011bny zajatc\u016f se vr\u00e1tit nechce, proto\u017ee podle jeho slov by ho Ukrajinci za zb\u011bhnut\u00ed z pozice k Rus\u016fm zabili.<\/p>\n<h3>Nezletilci v \u0159ad\u00e1ch AFU na frontov\u00e9 linii jako d\u016fkaz, \u017ee Kyjev ji\u017e mele maso z posledn\u00edho<\/h3>\n<p>Ukrajinsk\u00e1 arm\u00e1da zkr\u00e1tka sp\u00e1lila v Kursk\u00e9 oblasti od minul\u00e9ho srpna sv\u00e9 posledn\u00ed schopn\u00e9 jednotky profesion\u00e1ln\u00edch voj\u00e1k\u016f a te\u010f u\u017e prost\u011b AFU nikoho dal\u0161\u00edho nem\u00e1, tak\u017ee hl\u00eddky TCC v obav\u00e1ch, aby samy nebyly posl\u00e1ny na frontu p\u0159i nespln\u011bn\u00ed t\u00fddenn\u00edch kv\u00f3t odveden\u00fdch osob, prost\u011b pos\u00edlaj\u00ed na frontu u\u017e \u00fapln\u011b ka\u017ed\u00e9ho, a to i nezletil\u00e9 kluky, proto\u017ee\u00a0<strong>hl\u00eddk\u00e1m TCC pr\u00fd te\u010f sta\u010d\u00ed jen to, \u017ee osoba se do\u017eila roku, ve kter\u00e9m j\u00ed bude 18 let<\/strong>, tak\u017ee i kdy\u017e zde tomuto klukovi bude 18 a\u017e v listopadu, tak TCC ho pova\u017euje za plnolet\u00e9ho ji\u017e v r\u00e1mci cel\u00e9ho roku 2025 od 1. ledna.<\/p>\n<figure id=\"attachment_60184\" class=\"wp-caption aligncenter\" style=\"width: 668px;\"><a href=\"https:\/\/aeronet.news\/wp-content\/uploads\/TCK_RecruitCenter.jpg\"><img decoding=\"async\" loading=\"lazy\" class=\"wp-image-60184 \" src=\"https:\/\/aeronet.news\/wp-content\/uploads\/TCK_RecruitCenter-1024x682.jpg\" sizes=\"(max-width: 700px) 100vw, 700px\" srcset=\"https:\/\/aeronet.news\/wp-content\/uploads\/TCK_RecruitCenter-1024x682.jpg 1024w, https:\/\/aeronet.news\/wp-content\/uploads\/TCK_RecruitCenter-300x200.jpg 300w, https:\/\/aeronet.news\/wp-content\/uploads\/TCK_RecruitCenter-768x512.jpg 768w, https:\/\/aeronet.news\/wp-content\/uploads\/TCK_RecruitCenter-700x466.jpg 700w, https:\/\/aeronet.news\/wp-content\/uploads\/TCK_RecruitCenter-536x357.jpg 536w, https:\/\/aeronet.news\/wp-content\/uploads\/TCK_RecruitCenter-725x483.jpg 725w, https:\/\/aeronet.news\/wp-content\/uploads\/TCK_RecruitCenter.jpg 1280w\" alt=\"\" width=\"668\" height=\"445\" \/><\/a><figcaption class=\"wp-caption-text\">Vojensk\u00fd odvodn\u00ed \u00fa\u0159ad na Ukrajin\u011b<\/figcaption><\/figure>\n<p>Tohle \u00fa\u010delov\u00e9 oh\u00fdb\u00e1n\u00ed z\u00e1kona je i na Ukrajin\u011b samoz\u0159ejm\u011b nez\u00e1konn\u00e9, osoba prost\u011b nen\u00ed plnolet\u00e1, dokud nedos\u00e1hne dne sv\u00fdch 18. narozenin, nikoliv prvn\u00edho dne roku t\u011bchto narozenin.\u00a0<strong>Pr\u00e1v\u011b tato ud\u00e1lost potvrzuje d\u016fvody, pro\u010d se za\u010dalo mluvit o nasazen\u00ed vojsk NATO na Ukrajin\u011b v r\u00e1mci tzv. m\u00edrov\u00e9 mise<\/strong>, proto\u017ee situace AFU je natolik zoufal\u00e1 po str\u00e1nce person\u00e1lu na front\u011b, \u017ee je nucena u\u017e povol\u00e1vat i nezletil\u00e9 kluky. To nen\u00ed o tom, \u017ee by \u0161lo o administrativn\u00ed omyl, nebo \u017ee ti kluci by to zapomn\u011bli komisa\u0159\u016fm \u0159\u00edct, \u017ee jsou nezletil\u00ed. Nebo \u017ee t\u0159eba vel\u00edc\u00ed d\u016fstojn\u00edk jednotky by si nev\u0161iml, \u017ee mu p\u0159i\u0161el do z\u00e1kopu nezletil\u00fd voj\u00e1k.<\/p>\n<h3>Trump zva\u017euje sta\u017een\u00ed prvn\u00edch 10 000 americk\u00fdch voj\u00e1k\u016f z Evropy. Kone\u010dn\u011b!<\/h3>\n<p>Je to o tom, \u017ee odnikud ji\u017e nen\u00ed mo\u017en\u00e9 br\u00e1t zletil\u00e9 voj\u00e1ky, a tak se za\u010d\u00ednaj\u00ed zav\u00edrat o\u010di nad t\u00edm, \u017ee tady v z\u00e1kopu vedle stoj\u00ed 17-let\u00fd kluk, a \u017ee je to v rozporu s p\u0159edpisy a se v\u0161emi z\u00e1kony.\u00a0<strong>Konec ka\u017ed\u00e9 v\u00e1lky na stran\u011b pora\u017een\u00e9ho vypad\u00e1 stejn\u011b\u00a0\u2013 do boj\u016f veden\u00fdch a\u017e do \u00fapln\u00e9ho konce nastupuj\u00ed nezletil\u00ed a nakonec i d\u011bti ze z\u00e1kladn\u00edch \u0161kol.<\/strong>\u00a0Na ty je\u0161t\u011b nedo\u0161lo, ale dlouho to trvat nebude, a\u017e Rusov\u00e9 zajmou prvn\u00ed d\u011bti ve v\u011bku 10, 12 nebo 14 let.<\/p>\n<p>Americk\u00e1 m\u00e9dia nav\u00edc p\u0159inesla v \u00fater\u00fd informaci, \u017ee\u00a0<strong>Donald Trump zva\u017euje [<a href=\"https:\/\/href.li\/?https:\/\/www.nbcnews.com\/politics\/national-security\/pentagon-considering-proposal-cut-thousands-troops-europe-officials-sa-rcna199603\" target=\"_blank\" rel=\"nofollow noopener\">1<\/a>], \u017ee st\u00e1hne z Evropy kontingent 10 000 americk\u00fdch voj\u00e1k\u016f.<\/strong>\u00a0Prost\u011b to u\u017e za\u010dalo.\u00a0Spojen\u00e9 st\u00e1ty toti\u017e pr\u00fd zva\u017euj\u00ed sta\u017een\u00ed a\u017e 10 000 voj\u00e1k\u016f z v\u00fdchodn\u00ed Evropy, uvedla v \u00fater\u00fd televize NBC News s odvol\u00e1n\u00edm na sv\u00e9 zdroje. Tento krok by mohl p\u0159ij\u00edt v dob\u011b, kdy americk\u00fd prezident Donald Trump vede rozhovory s Ruskem s c\u00edlem dos\u00e1hnout urovn\u00e1n\u00ed konfliktu na Ukrajin\u011b a sna\u017e\u00ed se v\u00edce zam\u011b\u0159it na \u010c\u00ednu.<\/p>\n<figure id=\"attachment_63241\" class=\"wp-caption aligncenter\" style=\"width: 696px;\"><a href=\"https:\/\/aeronet.news\/wp-content\/uploads\/US_Army_Airborne.jpg\"><img decoding=\"async\" loading=\"lazy\" class=\"wp-image-63241 \" src=\"https:\/\/aeronet.news\/wp-content\/uploads\/US_Army_Airborne-1024x576.jpg\" sizes=\"(max-width: 700px) 100vw, 700px\" srcset=\"https:\/\/aeronet.news\/wp-content\/uploads\/US_Army_Airborne-1024x576.jpg 1024w, https:\/\/aeronet.news\/wp-content\/uploads\/US_Army_Airborne-300x169.jpg 300w, https:\/\/aeronet.news\/wp-content\/uploads\/US_Army_Airborne-768x432.jpg 768w, https:\/\/aeronet.news\/wp-content\/uploads\/US_Army_Airborne-700x394.jpg 700w, https:\/\/aeronet.news\/wp-content\/uploads\/US_Army_Airborne-635x357.jpg 635w, https:\/\/aeronet.news\/wp-content\/uploads\/US_Army_Airborne-859x483.jpg 859w, https:\/\/aeronet.news\/wp-content\/uploads\/US_Army_Airborne.jpg 1280w\" alt=\"\" width=\"696\" height=\"392\" \/><\/a><figcaption class=\"wp-caption-text\">Americk\u00e1 arm\u00e1da<\/figcaption><\/figure>\n<p>Doty\u010dn\u00e9 jednotky pat\u0159\u00ed mezi 20 000 p\u0159\u00edslu\u0161n\u00edk\u016f, kter\u00e9 na kontinent vyslala administrativa b\u00fdval\u00e9ho americk\u00e9ho prezidenta Joea Bidena v roce 2022 po eskalaci konfliktu na Ukrajin\u011b, sd\u011blilo televizi \u0161est nejmenovan\u00fdch americk\u00fdch a evropsk\u00fdch p\u0159edstavitel\u016f obezn\u00e1men\u00fdch se z\u00e1le\u017eitost\u00ed.<\/p>\n<p><strong>Zdroje poznamenaly, \u017ee a\u010dkoli se o p\u0159esn\u00e9m po\u010dtu st\u00e1le jedn\u00e1,\u00a0n\u00e1vrh by se mohl t\u00fdkat americk\u00fdch jednotek um\u00edst\u011bn\u00fdch v Rumunsku a Polsku\u00a0\u2013 dvou \u010dlen\u016f NATO v bl\u00edzkosti rusk\u00fdch hranic.<\/strong>\u00a0Podle NBC evrop\u0161t\u00ed p\u0159edstavitel\u00e9 vyj\u00e1d\u0159ili obavy, \u017ee p\u0159\u00edpadn\u00e9 sn\u00ed\u017een\u00ed po\u010dtu voj\u00e1k\u016f by mohlo v NATO vyvolat obavy, \u017ee USA tv\u00e1\u0159\u00ed v tv\u00e1\u0159 vn\u00edman\u00e9 rusk\u00e9 hrozb\u011b blok opou\u0161t\u011bj\u00ed.<\/p>\n<h3>Odp\u016frci sta\u017een\u00ed americk\u00fdch vojsk bij\u00ed na poplach<\/h3>\n<p>B\u00fdval\u00fd vysok\u00fd \u00fa\u0159edn\u00edk americk\u00e9ho ministerstva obrany Seth Jones uvedl, \u017ee tento krok oslab\u00ed vojensk\u00e9 postaven\u00ed USA a zv\u00fd\u0161\u00ed \u201c<em>ochotu Moskvy vm\u011b\u0161ovat se r\u016fzn\u00fdmi zp\u016fsoby do cel\u00e9ho spektra v Evrop\u011b.<\/em>\u201d Na za\u010d\u00e1tku roku 2025 bylo v Evrop\u011b rozm\u00edst\u011bno t\u00e9m\u011b\u0159 84 000 americk\u00fdch voj\u00e1k\u016f, p\u0159i\u010dem\u017e v\u011bt\u0161ina z nich byla soust\u0159ed\u011bna v N\u011bmecku a Polsku a skromn\u011bj\u0161\u00ed s\u00edly byly rozm\u00edst\u011bny v Rumunsku, Estonsku a Litv\u011b, uv\u00e1d\u00ed evropsk\u00e9 velitelstv\u00ed USA.<\/p>\n<figure id=\"attachment_4496\" class=\"wp-caption aligncenter\" style=\"width: 694px;\"><a href=\"https:\/\/aeronet.news\/wp-content\/uploads\/estonia-us-tanks3.jpg\"><img decoding=\"async\" loading=\"lazy\" class=\"wp-image-4496 \" src=\"https:\/\/aeronet.news\/wp-content\/uploads\/estonia-us-tanks3-1024x682.jpg\" sizes=\"(max-width: 700px) 100vw, 700px\" srcset=\"https:\/\/aeronet.news\/wp-content\/uploads\/estonia-us-tanks3-1024x682.jpg 1024w, https:\/\/aeronet.news\/wp-content\/uploads\/estonia-us-tanks3-300x200.jpg 300w, https:\/\/aeronet.news\/wp-content\/uploads\/estonia-us-tanks3-700x467.jpg 700w, https:\/\/aeronet.news\/wp-content\/uploads\/estonia-us-tanks3-536x357.jpg 536w, https:\/\/aeronet.news\/wp-content\/uploads\/estonia-us-tanks3-725x483.jpg 725w, https:\/\/aeronet.news\/wp-content\/uploads\/estonia-us-tanks3.jpg 1484w\" alt=\"\" width=\"694\" height=\"462\" \/><\/a><figcaption class=\"wp-caption-text\">Obrn\u011bn\u00e9 vozy Stryker americk\u00e9 arm\u00e1dy v Estonsku<\/figcaption><\/figure>\n<p>Zpr\u00e1va p\u0159ich\u00e1z\u00ed v dob\u011b, kdy Trumpova administrativa nad\u00e1le tla\u010d\u00ed na evropsk\u00e9 \u010dleny NATO, aby p\u0159evzali v\u011bt\u0161\u00ed odpov\u011bdnost za vlastn\u00ed obranu, mimo jin\u00e9 zv\u00fd\u0161en\u00edm v\u00fddaj\u016f na obranu, p\u0159i\u010dem\u017e se zam\u011b\u0159uje na zadr\u017eov\u00e1n\u00ed \u010c\u00edny.\u00a0<strong>USA mezit\u00edm vedou rozhovory s Ruskem s c\u00edlem dos\u00e1hnout p\u0159\u00edm\u011b\u0159\u00ed v ukrajinsk\u00e9m konfliktu a obnovit bilater\u00e1ln\u00ed vztahy, kter\u00e9 b\u011bhem Bidenovy vl\u00e1dy klesly na historick\u00e9 minimum.<\/strong><\/p>\n<p>Moskva opakovan\u011b vyj\u00e1d\u0159ila siln\u00e9 znepokojen\u00ed nad roz\u0161i\u0159ov\u00e1n\u00edm NATO a vojensk\u00fdmi aktivitami bloku na sv\u00fdch hranic\u00edch. Rusko uv\u00edtalo to, co ozna\u010dilo za ochotu Washingtonu prozkoumat \u201c<em>z\u00e1kladn\u00ed p\u0159\u00ed\u010diny<\/em>\u201d ukrajinsk\u00e9ho konfliktu \u2013 v\u010detn\u011b p\u0159\u00e1n\u00ed Kyjeva vstoupit do NATO, co\u017e je pro Moskvu dlouhodob\u011b \u010derven\u00e1 linie.<\/p>\n<h3>Kreml ozn\u00e1mil dal\u0161\u00ed kolo vyjedn\u00e1v\u00e1n\u00ed s USA, ale op\u011bt se nebude mluvit o Ukrajin\u011b, ale o vz\u00e1jemn\u00fdch diplomatick\u00fdch vztaz\u00edch<\/h3>\n<p>Moskva mezit\u00edm ozn\u00e1mila\u00a0<strong>[<a href=\"https:\/\/href.li\/?https:\/\/www.reuters.com\/world\/russia-us-hold-new-round-consultations-istanbul-coming-days-tass-reports-2025-04-08\/\" target=\"_blank\" rel=\"nofollow noopener\">2<\/a>]<\/strong>, \u017ee dal\u0161\u00ed kolo rusko-americk\u00fdch rozhovor\u016f zam\u011b\u0159en\u00fdch na zlep\u0161en\u00ed diplomatick\u00fdch vztah\u016f se uskute\u010dn\u00ed 10. dubna v tureck\u00e9m Istanbulu. Potvrdilo to v \u00fater\u00fd rusk\u00e9 ministerstvo zahrani\u010d\u00ed. Od lednov\u00e9ho n\u00e1stupu americk\u00e9ho prezidenta Donalda Trumpa do \u00fa\u0159adu se mezi ob\u011bma zem\u011bmi uskute\u010dnilo n\u011bkolik kol jedn\u00e1n\u00ed na vysok\u00e9 \u00farovni. Nadch\u00e1zej\u00edc\u00ed rozhovory se zam\u011b\u0159\u00ed na normalizaci fungov\u00e1n\u00ed diplomatick\u00fdch mis\u00ed obou zem\u00ed, uvedlo v \u00fater\u00fd ministerstvo pro rusk\u00e1 m\u00e9dia.<\/p>\n<figure id=\"attachment_63242\" class=\"wp-caption aligncenter\" style=\"width: 691px;\"><a href=\"https:\/\/aeronet.news\/wp-content\/uploads\/IstanbulMeetingRU_US.jpg\"><img decoding=\"async\" loading=\"lazy\" class=\"wp-image-63242 \" src=\"https:\/\/aeronet.news\/wp-content\/uploads\/IstanbulMeetingRU_US-1024x682.jpg\" sizes=\"(max-width: 700px) 100vw, 700px\" srcset=\"https:\/\/aeronet.news\/wp-content\/uploads\/IstanbulMeetingRU_US-1024x682.jpg 1024w, https:\/\/aeronet.news\/wp-content\/uploads\/IstanbulMeetingRU_US-300x200.jpg 300w, https:\/\/aeronet.news\/wp-content\/uploads\/IstanbulMeetingRU_US-768x512.jpg 768w, https:\/\/aeronet.news\/wp-content\/uploads\/IstanbulMeetingRU_US-700x466.jpg 700w, https:\/\/aeronet.news\/wp-content\/uploads\/IstanbulMeetingRU_US-536x357.jpg 536w, https:\/\/aeronet.news\/wp-content\/uploads\/IstanbulMeetingRU_US-725x483.jpg 725w, https:\/\/aeronet.news\/wp-content\/uploads\/IstanbulMeetingRU_US.jpg 1280w\" alt=\"\" width=\"691\" height=\"460\" \/><\/a><figcaption class=\"wp-caption-text\">Rusk\u00e1 delegace b\u011bhem p\u0159\u00edjezdu na jedn\u00e1n\u00ed v Istanbulu 27. \u00fanora 2025<\/figcaption><\/figure>\n<p>M\u00edsto, form\u00e1t a \u00fa\u010dastn\u00edci rozhovor\u016f z\u016fstanou beze zm\u011bny oproti p\u0159edchoz\u00edmu kolu, kter\u00e9 se uskute\u010dnilo 27. \u00fanora rovn\u011b\u017e v Istanbulu, uvedlo ministerstvo.<strong>\u00a0\u201c<em>Pr\u00e1ce na odstran\u011bn\u00ed \u010detn\u00fdch technick\u00fdch p\u0159ek\u00e1\u017eek komplikuj\u00edc\u00edch ka\u017edodenn\u00ed fungov\u00e1n\u00ed diplomat\u016f obou zem\u00ed budou pokra\u010dovat<\/em>,\u201d<\/strong>\u00a0uvedlo ministerstvo, kter\u00e9 citovala agentura RIA Novosti.<\/p>\n<p>Ruskou delegaci povede nov\u00fd velvyslanec Moskvy ve Washingtonu Alexandr Darchiev, zat\u00edmco americkou stranu povede n\u00e1m\u011bstkyn\u011b st\u00e1tn\u00edho tajemn\u00edka pro euroasijsk\u00e9 z\u00e1le\u017eitosti Sonata Coulterov\u00e1. Z\u00fa\u010dastn\u00ed se rovn\u011b\u017e z\u00e1stupci obou ministerstev zahrani\u010d\u00ed.<\/p>\n<h3>Ukrajina se ocitla na vedlej\u0161\u00ed koleji u\u017e i v rozhovorech mezi Ruskem a USA<\/h3>\n<p>Pl\u00e1ny na novou sch\u016fzku poprv\u00e9 ozn\u00e1mil minul\u00fd t\u00fdden rusk\u00fd ministr zahrani\u010d\u00ed Sergej Lavrov, kter\u00fd uvedl, \u017ee Moskva a Washington jsou \u201c<em>v kontaktu prost\u0159ednictv\u00edm telefonu a videokonference<\/em>\u201d p\u0159i p\u0159\u00edprav\u011b dal\u0161\u00edho kola rozhovor\u016f. V posledn\u00edch letech si Rusko a USA vz\u00e1jemn\u011b sni\u017eovaly po\u010det diplomatick\u00fdch pracovn\u00edk\u016f na sv\u00fdch mis\u00edch, vz\u00e1jemn\u011b si ukl\u00e1daly bankovn\u00ed omezen\u00ed a zabavovaly si diplomatick\u00fd majetek. Eskalace ukrajinsk\u00e9ho konfliktu v roce 2022 d\u00e1le zv\u00fd\u0161ila nap\u011bt\u00ed a vedla k dal\u0161\u00edm omezen\u00edm. Trump se odklonil od mnoha politik z Bidenovy \u00e9ry a vyzval k rychl\u00e9mu vy\u0159e\u0161en\u00ed ukrajinsk\u00e9ho konfliktu a obnoven\u00ed dvoustrann\u00fdch vztah\u016f.<\/p>\n<figure id=\"attachment_62764\" class=\"wp-caption aligncenter\" style=\"width: 693px;\"><a href=\"https:\/\/aeronet.news\/wp-content\/uploads\/LavrovRubioRiyadhCloseUp.jpg\"><img decoding=\"async\" loading=\"lazy\" class=\"wp-image-62764 \" src=\"https:\/\/aeronet.news\/wp-content\/uploads\/LavrovRubioRiyadhCloseUp-1024x576.jpg\" sizes=\"(max-width: 700px) 100vw, 700px\" srcset=\"https:\/\/aeronet.news\/wp-content\/uploads\/LavrovRubioRiyadhCloseUp-1024x576.jpg 1024w, https:\/\/aeronet.news\/wp-content\/uploads\/LavrovRubioRiyadhCloseUp-300x169.jpg 300w, https:\/\/aeronet.news\/wp-content\/uploads\/LavrovRubioRiyadhCloseUp-768x432.jpg 768w, https:\/\/aeronet.news\/wp-content\/uploads\/LavrovRubioRiyadhCloseUp-700x394.jpg 700w, https:\/\/aeronet.news\/wp-content\/uploads\/LavrovRubioRiyadhCloseUp-635x357.jpg 635w, https:\/\/aeronet.news\/wp-content\/uploads\/LavrovRubioRiyadhCloseUp-859x483.jpg 859w, https:\/\/aeronet.news\/wp-content\/uploads\/LavrovRubioRiyadhCloseUp.jpg 1280w\" alt=\"\" width=\"693\" height=\"390\" \/><\/a><figcaption class=\"wp-caption-text\">Minist\u0159i zahrani\u010d\u00ed Ruska a USA v Rij\u00e1du, Sergej Lavrov a Marco Rubio<\/figcaption><\/figure>\n<p>Prvn\u00ed setk\u00e1n\u00ed rusk\u00e9 a americk\u00e9 delegace na vysok\u00e9 \u00farovni se uskute\u010dnilo 18. \u00fanora v Rij\u00e1du a zam\u011b\u0159ilo se na obnoven\u00ed \u010dinnosti velvyslanectv\u00ed a zm\u00edrn\u011bn\u00ed omezen\u00ed. N\u00e1sledn\u00e9 jedn\u00e1n\u00ed v Istanbulu 27. \u00fanora se t\u00fdkalo financov\u00e1n\u00ed diplomacie a rusk\u00e9ho n\u00e1vrhu na obnoven\u00ed p\u0159\u00edm\u00fdch let\u016f mezi ob\u011bma zem\u011bmi.<\/p>\n<p>Minul\u00fd m\u011bs\u00edc se delegace obou stran znovu se\u0161ly v Sa\u00fadsk\u00e9 Ar\u00e1bii, kde se dohodly na obnoven\u00ed \u010dernomo\u0159sk\u00e9 obiln\u00e9 iniciativy. V n\u00e1vaznosti na jedn\u00e1n\u00ed Trump nazna\u010dil, \u017ee Washington by mohl zv\u00e1\u017eit zru\u0161en\u00ed n\u011bkter\u00fdch sankc\u00ed s c\u00edlem podpo\u0159it tuto dohodu, kter\u00e1 je pova\u017eov\u00e1na za krok k vy\u0159e\u0161en\u00ed konfliktu na Ukrajin\u011b.<\/p>\n<h3>Ameri\u010dan\u00e9 v\u00e1lku na Ukrajin\u011b vyrobili, a jen oni ji mohou ukon\u010dit<\/h3>\n<p>Tyto informace znovu potvrzuj\u00ed, \u017ee rozhovory mezi Ruskem a USA se vlastn\u011b v\u016fbec net\u00fdkaj\u00ed v\u00e1lky na Ukrajin\u011b, ale ob\u011b strany jednaj\u00ed o vz\u00e1jemn\u00fdch vztaz\u00edch, o normalizaci businessu, o technick\u00fdch ot\u00e1zk\u00e1ch obnovy diplomatick\u00fdch vztah\u016f, prost\u011b o vz\u00e1jemn\u00fdch vztaz\u00edch s c\u00edlem postavit je na nejvy\u0161\u0161\u00ed prioritu.\u00a0<strong>Kdokoliv si myslel, \u017ee tyto rozhovory budou jen o Ukrajin\u011b, tak je asi hodn\u011b p\u0159ekvapen\u00fd a z hlediska Kyjeva ur\u010dit\u011b i znepokojen\u00fd<\/strong>, proto\u017ee i dal\u0161\u00ed sch\u016fzka vyjedn\u00e1vac\u00edch t\u00fdm\u016f Ruska a USA se bude t\u00fdkat obnovy vz\u00e1jemn\u00fdch diplomatick\u00fdch vtah\u016f, nikoliv Ukrajiny.<\/p>\n<figure id=\"attachment_62673\" class=\"wp-caption aligncenter\" style=\"width: 697px;\"><a href=\"https:\/\/aeronet.news\/wp-content\/uploads\/TrumpPutinFinlandDuo.jpg\"><img decoding=\"async\" loading=\"lazy\" class=\"wp-image-62673 \" src=\"https:\/\/aeronet.news\/wp-content\/uploads\/TrumpPutinFinlandDuo-1024x682.jpg\" sizes=\"(max-width: 700px) 100vw, 700px\" srcset=\"https:\/\/aeronet.news\/wp-content\/uploads\/TrumpPutinFinlandDuo-1024x682.jpg 1024w, https:\/\/aeronet.news\/wp-content\/uploads\/TrumpPutinFinlandDuo-300x200.jpg 300w, https:\/\/aeronet.news\/wp-content\/uploads\/TrumpPutinFinlandDuo-768x512.jpg 768w, https:\/\/aeronet.news\/wp-content\/uploads\/TrumpPutinFinlandDuo-700x466.jpg 700w, https:\/\/aeronet.news\/wp-content\/uploads\/TrumpPutinFinlandDuo-536x357.jpg 536w, https:\/\/aeronet.news\/wp-content\/uploads\/TrumpPutinFinlandDuo-725x483.jpg 725w, https:\/\/aeronet.news\/wp-content\/uploads\/TrumpPutinFinlandDuo.jpg 1280w\" alt=\"\" width=\"697\" height=\"464\" \/><\/a><figcaption class=\"wp-caption-text\">Donald Trump s Vladimirem Putinem v Helsink\u00e1ch v roce 2018<\/figcaption><\/figure>\n<p>Ten d\u016fvod je prost\u00fd \u2013 USA vyprovokovaly, napl\u00e1novaly, \u0159\u00eddily a financovaly v\u00e1lku na Ukrajin\u011b, a zase jenom USA tu v\u00e1lku mohou ukon\u010dit. A proto je nutn\u00e9 obnovit vztahy mezi Ruskem a USA jako prvn\u00ed v\u011bc, proto\u017ee v\u0161echno ostatn\u00ed potom p\u0159ijde de facto samo a automaticky.<\/p>\n<p>Konec v\u00e1lky a v\u0161echno s t\u00edm spojen\u00e9. A proto\u017ee Lond\u00fdn a Brusel konec v\u00e1lky necht\u011bj\u00ed, mus\u00ed poslat na Ukrajinu sv\u00e9 voj\u00e1ky. Bez americk\u00e9 v\u011brchu\u0161ky a podpory. A to se mnoho evropsk\u00fdch zem\u00ed boj\u00ed. Prost\u011b to drhne. A proto Kyjevu nezb\u00fdv\u00e1 nic jin\u00e9ho v tomto mezidob\u00ed, ne\u017e lepit v\u0161echno, co se d\u00e1, a za\u010d\u00edt pos\u00edlat na frontu nezletil\u00e9 teenagery a brzy i d\u011bti. Takov\u00e1 je realita.<\/p>\n<p><a href=\"https:\/\/aeronet.news\/az-do-uplneho-konce-ruske-armade-se-vzdal-17-lety-ukrajinsky-vojak-ktereho-hlidka-tcc-unesla-jeho-matce-o-kterou-se-staral-po-mrtvici-kdyz-ho-poslali-na-frontu-v-noci-utekl-k-rusum\/\">-VK-<\/a><\/p>\n<p>&nbsp;<\/p>\n","protected":false},"excerpt":{"rendered":"<p>A\u017e do \u00fapln\u00e9ho konce! Rusk\u00e9 arm\u00e1d\u011b se vzdal 17-let\u00fd ukrajinsk\u00fd voj\u00e1k, kter\u00e9ho hl\u00eddka TCC unesla&#8230;<\/p>\n","protected":false},"author":2,"featured_media":76044,"comment_status":"closed","ping_status":"closed","sticky":false,"template":"","format":"standard","meta":[],"categories":[6],"tags":[1042,1929,22,1635,37,1600],"_links":{"self":[{"href":"https:\/\/www.infokuryr.cz\/n\/wp-json\/wp\/v2\/posts\/76043"}],"collection":[{"href":"https:\/\/www.infokuryr.cz\/n\/wp-json\/wp\/v2\/posts"}],"about":[{"href":"https:\/\/www.infokuryr.cz\/n\/wp-json\/wp\/v2\/types\/post"}],"author":[{"embeddable":true,"href":"https:\/\/www.infokuryr.cz\/n\/wp-json\/wp\/v2\/users\/2"}],"replies":[{"embeddable":true,"href":"https:\/\/www.infokuryr.cz\/n\/wp-json\/wp\/v2\/comments?post=76043"}],"version-history":[{"count":1,"href":"https:\/\/www.infokuryr.cz\/n\/wp-json\/wp\/v2\/posts\/76043\/revisions"}],"predecessor-version":[{"id":76045,"href":"https:\/\/www.infokuryr.cz\/n\/wp-json\/wp\/v2\/posts\/76043\/revisions\/76045"}],"wp:featuredmedia":[{"embeddable":true,"href":"https:\/\/www.infokuryr.cz\/n\/wp-json\/wp\/v2\/media\/76044"}],"wp:attachment":[{"href":"https:\/\/www.infokuryr.cz\/n\/wp-json\/wp\/v2\/media?parent=76043"}],"wp:term":[{"taxonomy":"category","embeddable":true,"href":"https:\/\/www.infokuryr.cz\/n\/wp-json\/wp\/v2\/categories?post=76043"},{"taxonomy":"post_tag","embeddable":true,"href":"https:\/\/www.infokuryr.cz\/n\/wp-json\/wp\/v2\/tags?post=76043"}],"curies":[{"name":"wp","href":"https:\/\/api.w.org\/{rel}","templated":true}]}}