{"id":76023,"date":"2025-04-10T00:15:59","date_gmt":"2025-04-09T22:15:59","guid":{"rendered":"https:\/\/www.infokuryr.cz\/n\/?p=76023"},"modified":"2025-04-09T12:38:50","modified_gmt":"2025-04-09T10:38:50","slug":"scott-ritter-larry-c-johnson-pokud-usa-zautoci-na-iran-namornictvo-neprezije-jemen-to-dokazal","status":"publish","type":"post","link":"https:\/\/www.infokuryr.cz\/n\/2025\/04\/10\/scott-ritter-larry-c-johnson-pokud-usa-zautoci-na-iran-namornictvo-neprezije-jemen-to-dokazal\/","title":{"rendered":"Scott Ritter &#038; Larry C. Johnson: Pokud USA za\u00fato\u010d\u00ed na \u00cdr\u00e1n, n\u00e1mo\u0159nictvo nep\u0159e\u017eije \u2013 Jemen to dok\u00e1zal"},"content":{"rendered":"<div id=\"fb-root\"><\/div>\n<h3 class=\"wp-block-heading\">Hroz\u00edc\u00ed velk\u00e1 v\u00e1lka: P\u0159ipravuje se \u00fatok na \u00cdr\u00e1n<\/h3>\n<p>Podle\u00a0<strong>Channel 14 Israel<\/strong>\u00a0hroz\u00ed bezprecedentn\u00ed velk\u00fd \u00fatok na \u00cdr\u00e1n \u2013 nejv\u011bt\u0161\u00ed od druh\u00e9 sv\u011btov\u00e9 v\u00e1lky. B\u00fdval\u00fd zbrojn\u00ed inspektor OSN\u00a0<strong>Scott Ritter<\/strong>\u00a0a b\u00fdval\u00fd analytik CIA\u00a0<strong>Larry C. Johnson<\/strong>\u00a0ve v\u00fdbu\u0161n\u00e9m rozhovoru na\u00a0<em>Dialogue Works<\/em>\u00a0diskutuj\u00ed o tom, pro\u010d tato v\u00e1lka pravd\u011bpodobn\u011b p\u0159ijde \u2013 a pro\u010d by m\u011bla katastrof\u00e1ln\u00ed n\u00e1sledky.<\/p>\n<figure class=\"wp-block-embed is-type-video is-provider-youtube wp-block-embed-youtube wp-embed-aspect-16-9 wp-has-aspect-ratio\">\n<div class=\"wp-block-embed__wrapper\"><iframe loading=\"lazy\" title=\"Pokud USA budou bojovat proti \u00cdr\u00e1nu, n\u00e1mo\u0159nictvo nep\u0159e\u017eije \u2013 Jemen to dok\u00e1zal! | Scott Ritter a Larry C. Johnson\" src=\"https:\/\/www.youtube.com\/embed\/oDfOVpHGfg4?feature=oembed\" width=\"800\" height=\"450\" frameborder=\"0\" allowfullscreen=\"allowfullscreen\" data-mce-fragment=\"1\"><\/iframe><\/div>\n<\/figure>\n<h3 class=\"wp-block-heading\">1.\u00a0<strong>Scott Ritter: V\u00e1lka je hotov\u00e1 v\u011bc<\/strong><\/h3>\n<ul>\n<li><strong>&#8222;\u0158ekl jsem si chraplav\u011b &#8211; tahle v\u00e1lka se bl\u00ed\u017e\u00ed.&#8220;<\/strong><br \/>\nRitter je p\u0159esv\u011bd\u010den, \u017ee pokud \u00cdr\u00e1n neopust\u00ed sv\u016fj jadern\u00fd program, stane se c\u00edlem strategick\u00e9 leteck\u00e9 v\u00e1lky. Ne ojedin\u011bl\u00e9 \u00fadery, ale\u00a0<em>\u201ekampa\u0148 ukon\u010duj\u00edc\u00ed re\u017eim\u201c<\/em>\u00a0\u2013 \u00fatok na odstran\u011bn\u00ed \u00cdr\u00e1nu jako st\u00e1tu.<\/li>\n<li><strong>60% obohacen\u00fd uran je pro Trumpa \u201e\u010derven\u00fd hadr\u201c<\/strong>\u00a0\u2013 \u00cdr\u00e1n de facto poskytl z\u00e1minku, kter\u00e1 ospravedl\u0148uje v\u00e1lku americk\u00e9mu prezidentovi.\u00a0<em>&#8222;T\u0159i a\u017e p\u011bt jadern\u00fdch hlavic by zni\u010dilo Izrael &#8211; Washington to nikdy nep\u0159ijme.&#8220;<\/em><\/li>\n<li><strong>Pou\u017eit\u00ed taktick\u00fdch jadern\u00fdch zbran\u00ed?<\/strong><br \/>\nPodle Rittera je to nejen mo\u017en\u00e9, ale i pravd\u011bpodobn\u00e9 \u2013 nap\u0159. B. B61-12 nebo W76-2, postaven\u00fd ke zni\u010den\u00ed \u00edr\u00e1nsk\u00fdch bunkr\u016f, jako je Fordo.<\/li>\n<\/ul>\n<h3 class=\"wp-block-heading\">2.\u00a0<strong>Larry C. Johnson: USA provokuj\u00ed \u2013 \u00cdr\u00e1n reaguje<\/strong><\/h3>\n<ul>\n<li>Johnson nepop\u00edr\u00e1 hrozbu v\u00e1lky, ale zd\u016fraz\u0148uje:\u00a0<em>&#8222;\u00cdr\u00e1n je suver\u00e9nn\u00ed st\u00e1t a m\u00e1 stejn\u00e9 pr\u00e1vo na jadern\u00e9 zbran\u011b jako P\u00e1kist\u00e1n nebo Izrael.&#8220;<\/em><\/li>\n<li><strong>USA<\/strong>\u00a0vid\u00ed jako agresora\u00a0:\u00a0<em>\u201eU\u017e 20 let prov\u00e1d\u00edme teroristick\u00e9 \u00fatoky proti \u00cdr\u00e1nu \u2013 ne naopak.<\/em><\/li>\n<li>USA se opakovan\u011b pokou\u0161ely o zm\u011bnu re\u017eimu (nap\u0159. s\u00a0<strong>MEK<\/strong>\u00a0, d\u0159\u00edve klasifikovanou jako teroristick\u00e1 organizace), financovaly tajn\u00e9 operace a z\u00e1m\u011brn\u011b podn\u011bcovaly nestabilitu v \u00edr\u00e1nsk\u00fdch men\u0161inov\u00fdch regionech.<\/li>\n<\/ul>\n<h3 class=\"wp-block-heading\">3.\u00a0<strong>\u201e\u00cdr\u00e1n nem\u016f\u017ee vyhr\u00e1t v\u00e1lku\u201c \u2013 varuje Ritter<\/strong><\/h3>\n<ul>\n<li>I kdy\u017e \u00cdr\u00e1n m\u016f\u017ee zp\u016fsobit region\u00e1ln\u00ed \u0161kody (nap\u0159. ropn\u00e1 pole, americk\u00e9 z\u00e1kladny, Izrael),\u00a0<strong>v\u00e1le\u010dnou ma\u0161in\u00e9rii USA to nezastav\u00ed<\/strong>\u00a0.\u00a0<em>&#8222;Tato v\u00e1lka zni\u010d\u00ed re\u017eim &#8211; te\u010dka.&#8220;<\/em><\/li>\n<li>\u00cdr\u00e1n oslabily des\u00edtky let sankce, soci\u00e1ln\u00ed frustrace a st\u00e1rnut\u00ed jeho politick\u00fdch elit.\u00a0<em>&#8222;Syst\u00e9m u\u017e nen\u00ed podporov\u00e1n novou generac\u00ed. Pokud p\u0159ijde vn\u011bj\u0161\u00ed tlak, v\u0161echno by se mohlo zhroutit.&#8220;<\/em><\/li>\n<\/ul>\n<h3 class=\"wp-block-heading\">4.\u00a0<strong>Rusko a \u010c\u00edna: \u017d\u00e1dn\u00e1 z\u00e1chrana pro \u00cdr\u00e1n<\/strong><\/h3>\n<ul>\n<li>Podle Rittera\u00a0<strong>Rusko varovalo p\u0159ed \u201ekatastrofick\u00fdmi region\u00e1ln\u00edmi d\u016fsledky\u201c,<\/strong>\u00a0ale nep\u016fjde do v\u00e1lky za \u00cdr\u00e1n.<br \/>\n\u010c\u00edna tak\u00e9 ne.<\/li>\n<li>\u00cdr\u00e1nsk\u00e1 strategie spol\u00e9hat se na podporu ze strany BRICS nebo Shanghai Organization je\u00a0<strong>polovi\u010dat\u00e1 a ne\u00fapln\u00e1<\/strong>\u00a0.\u00a0<em>&#8222;\u00cdr\u00e1n se nedok\u00e1zal postavit na odpor v\u016f\u010di sankc\u00edm &#8211; nyn\u00ed postr\u00e1d\u00e1 podporu.&#8220;<\/em><\/li>\n<\/ul>\n<h3 class=\"wp-block-heading\">5.\u00a0<strong>Fale\u0161n\u00e9 p\u0159edpoklady: fat\u00e1ln\u00ed omyl USA<\/strong><\/h3>\n<ul>\n<li>Oba \u00fa\u010dastn\u00edci rozhovoru varuj\u00ed p\u0159ed\u00a0<strong>americkou v\u00edrou v c\u00edlen\u00e9 st\u011bt\u00ed hlavy<\/strong>\u00a0:\u00a0<em>&#8222;\u00cdr\u00e1n nen\u00ed Sadd\u00e1m. Zm\u011bna veden\u00ed syst\u00e9m nezni\u010d\u00ed, ale mohla by ho radikalizovat.&#8220;<\/em><\/li>\n<li><strong>Hizball\u00e1h, Kadd\u00e1f\u00ed a Sadd\u00e1m<\/strong>\u00a0nebyli odstran\u011bni pouhou ztr\u00e1tou moci \u2013 d\u016fsledkem byl chaos, nikoli m\u00edr\u00a0.<\/li>\n<\/ul>\n<h3 class=\"wp-block-heading\">6.\u00a0<strong>Posledn\u00ed varov\u00e1n\u00ed<\/strong><\/h3>\n<ul class=\"wp-block-list\">\n<li><strong>&#8222;Tohle u\u017e nen\u00ed hra.&#8220;<\/strong><br \/>\nPodle Rittera m\u00e1 \u00cdr\u00e1n poprv\u00e9 technologii pot\u0159ebnou k v\u00fdrob\u011b jadern\u00fdch zbran\u00ed v kr\u00e1tkodob\u00e9m horizontu \u2013 USA to vid\u00ed jako\u00a0<em>existen\u010dn\u00ed hrozbu pro Izrael<\/em>\u00a0.<\/li>\n<li>\u00cdr\u00e1n by m\u011bl p\u0159\u00edle\u017eitost z\u00edskat \u010das a z\u00edskat lep\u0161\u00ed geopolitickou pozici prost\u0159ednictv\u00edm transparentnosti nebo z\u0159eknut\u00ed se. To chyb\u011blo.\u00a0<em>&#8222;Te\u010f je p\u0159\u00edli\u0161 pozd\u011b. \u00datok se bl\u00ed\u017e\u00ed. A cena bude neuv\u011b\u0159iteln\u011b vysok\u00e1 &#8211; pro v\u0161echny strany.&#8220;<\/em><\/li>\n<\/ul>\n<p><strong><span style=\"font-size: 14pt;\"><br \/>\nZ\u00e1v\u011br:<\/span><br \/>\n<\/strong>Ritter a Johnson poskytuj\u00ed nemilosrdnou anal\u00fdzu: V\u00e1lka mezi USA a \u00cdr\u00e1nem je pravd\u011bpodobn\u011bj\u0161\u00ed ne\u017e kdy jindy. Zat\u00edmco Ritter poukazuje na konkr\u00e9tn\u00ed vojensk\u00fd v\u00fdvoj, Johnson se zam\u011b\u0159uje na strategick\u00e9 p\u0159epo\u010dty a pokrytectv\u00ed americk\u00e9 politiky. Oba se shoduj\u00ed: Pokud vypukne v\u00e1lka, bude to zni\u010duj\u00edc\u00ed \u2013 a bude st\u00e1t miliony \u017eivot\u016f.<\/p>\n<p><img decoding=\"async\" loading=\"lazy\" class=\"alignnone size-full wp-image-71983\" src=\"http:\/\/www.infokuryr.cz\/n\/wp-content\/uploads\/2025\/02\/aaa.jpg\" alt=\"\" width=\"89\" height=\"23\" \/><\/p>\n<p>&nbsp;<\/p>\n","protected":false},"excerpt":{"rendered":"<p>Hroz\u00edc\u00ed velk\u00e1 v\u00e1lka: P\u0159ipravuje se \u00fatok na \u00cdr\u00e1n Podle\u00a0Channel 14 Israel\u00a0hroz\u00ed bezprecedentn\u00ed velk\u00fd \u00fatok na&#8230;<\/p>\n","protected":false},"author":2,"featured_media":76024,"comment_status":"closed","ping_status":"closed","sticky":false,"template":"","format":"standard","meta":[],"categories":[7],"tags":[1042,38,107,37,40],"_links":{"self":[{"href":"https:\/\/www.infokuryr.cz\/n\/wp-json\/wp\/v2\/posts\/76023"}],"collection":[{"href":"https:\/\/www.infokuryr.cz\/n\/wp-json\/wp\/v2\/posts"}],"about":[{"href":"https:\/\/www.infokuryr.cz\/n\/wp-json\/wp\/v2\/types\/post"}],"author":[{"embeddable":true,"href":"https:\/\/www.infokuryr.cz\/n\/wp-json\/wp\/v2\/users\/2"}],"replies":[{"embeddable":true,"href":"https:\/\/www.infokuryr.cz\/n\/wp-json\/wp\/v2\/comments?post=76023"}],"version-history":[{"count":1,"href":"https:\/\/www.infokuryr.cz\/n\/wp-json\/wp\/v2\/posts\/76023\/revisions"}],"predecessor-version":[{"id":76025,"href":"https:\/\/www.infokuryr.cz\/n\/wp-json\/wp\/v2\/posts\/76023\/revisions\/76025"}],"wp:featuredmedia":[{"embeddable":true,"href":"https:\/\/www.infokuryr.cz\/n\/wp-json\/wp\/v2\/media\/76024"}],"wp:attachment":[{"href":"https:\/\/www.infokuryr.cz\/n\/wp-json\/wp\/v2\/media?parent=76023"}],"wp:term":[{"taxonomy":"category","embeddable":true,"href":"https:\/\/www.infokuryr.cz\/n\/wp-json\/wp\/v2\/categories?post=76023"},{"taxonomy":"post_tag","embeddable":true,"href":"https:\/\/www.infokuryr.cz\/n\/wp-json\/wp\/v2\/tags?post=76023"}],"curies":[{"name":"wp","href":"https:\/\/api.w.org\/{rel}","templated":true}]}}