{"id":76022,"date":"2025-04-10T00:14:24","date_gmt":"2025-04-09T22:14:24","guid":{"rendered":"https:\/\/www.infokuryr.cz\/n\/?p=76022"},"modified":"2025-04-09T12:33:56","modified_gmt":"2025-04-09T10:33:56","slug":"izrael-jedina-demokracie-na-blizkem-vychode-nebezpecny-mytus","status":"publish","type":"post","link":"https:\/\/www.infokuryr.cz\/n\/2025\/04\/10\/izrael-jedina-demokracie-na-blizkem-vychode-nebezpecny-mytus\/","title":{"rendered":"Izrael \u2013 jedin\u00e1 demokracie na Bl\u00edzk\u00e9m v\u00fdchod\u011b? Nebezpe\u010dn\u00fd m\u00fdtus"},"content":{"rendered":"<div id=\"fb-root\"><\/div>\n<div class=\"elementor-element elementor-element-1fb4c2c elementor-widget elementor-widget-theme-post-content\" data-id=\"1fb4c2c\" data-element_type=\"widget\" data-widget_type=\"theme-post-content.default\">\n<div class=\"elementor-widget-container\">\n<p><span>Tvrzen\u00ed, \u017ee Izrael je \u201ejedinou demokraci\u00ed na Bl\u00edzk\u00e9m v\u00fdchod\u011b\u201c, se v z\u00e1padn\u00edm diskurzu opakuje po desetilet\u00ed t\u00e9m\u011b\u0159 jako \u010dl\u00e1nek v\u00edry. Tato v\u011bta v\u0161ak neobstoj\u00ed p\u0159i kritick\u00e9m zkoum\u00e1n\u00ed \u2013 naopak: zast\u00edr\u00e1 realitu, kter\u00e1 m\u00e1 s demokratick\u00fdmi principy pram\u00e1lo spole\u010dn\u00e9ho. N\u00e1sleduje nezbytn\u00e1 demystifikace.<\/span><\/p>\n<h3 class=\"wp-block-heading\"><strong><span>Pravidlo bez \u00fa\u010dasti<\/span><\/strong><\/h3>\n<p><span>Izrael kontroluje \u017eivoty milion\u016f Palestinc\u016f \u2013 v p\u00e1smu Gazy, na Z\u00e1padn\u00edm b\u0159ehu Jord\u00e1nu a ve v\u00fdchodn\u00edm Jeruzal\u00e9m\u011b \u2013 kte\u0159\u00ed nemaj\u00ed \u017e\u00e1dn\u00e9 politick\u00e9 slovo nad vl\u00e1dou, kter\u00e1 z velk\u00e9 \u010d\u00e1sti \u0159\u00edd\u00ed jejich \u017eivoty. A\u0165 u\u017e prost\u0159ednictv\u00edm p\u0159\u00edm\u00e9 okupace, oble\u017een\u00ed nebo jednostrann\u00e9 anexe, tito lid\u00e9 \u017eij\u00ed pod izraelskou vl\u00e1dn\u00ed strukturou, ani\u017e by jim byla p\u0159izn\u00e1na z\u00e1kladn\u00ed demokratick\u00e1 pr\u00e1va, jako je pr\u00e1vo volit.<\/span><\/p>\n<h3 class=\"wp-block-heading\"><strong><span>P\u00e1smo Gazy: Kontrola bez odpov\u011bdnosti<\/span><\/strong><\/h3>\n<p><span>V p\u00e1smu Gazy Izrael reguluje vstup a v\u00fdstup, kontroluje vzdu\u0161n\u00fd prostor, mo\u0159e, dod\u00e1vky elekt\u0159iny, pohyb zbo\u017e\u00ed a svobodu pohybu. To v\u0161e se d\u011bje bez politick\u00e9 reprezentace posti\u017een\u00e9ho obyvatelstva. Obyvatel\u00e9 Gazy se ne\u00fa\u010dastn\u00ed izraelsk\u00fdch voleb \u2013 \u017eij\u00ed de facto pod ciz\u00ed nadvl\u00e1dou.<\/span><\/p>\n<h3 class=\"wp-block-heading\"><strong><span>Z\u00e1padn\u00ed b\u0159eh Jord\u00e1nu: Dva syst\u00e9my, jeden \u010dlov\u011bk vyjma<\/span><\/strong><\/h3>\n<p><span>Nerovnost je zvl\u00e1\u0161t\u011b patrn\u00e1 na Z\u00e1padn\u00edm b\u0159ehu: Zat\u00edmco izrael\u0161t\u00ed osadn\u00edci \u017eij\u00ed a vol\u00ed podle izraelsk\u00e9ho ob\u010dansk\u00e9ho pr\u00e1va, sousedn\u00ed Palestinci podl\u00e9haj\u00ed izraelsk\u00e9mu vojensk\u00e9mu pr\u00e1vu. Existuj\u00ed dva r\u016fzn\u00e9 pr\u00e1vn\u00ed syst\u00e9my \u2013 v z\u00e1vislosti na etnick\u00e9 p\u0159\u00edslu\u0161nosti. Kontroln\u00ed stanovi\u0161t\u011b, sv\u00e9voln\u00e9 zat\u00fdk\u00e1n\u00ed a no\u010dn\u00ed razie charakterizuj\u00ed ka\u017edodenn\u00ed \u017eivot palestinsk\u00e9ho obyvatelstva.<\/span><\/p>\n<h3 class=\"wp-block-heading\"><strong><span>Diskriminace v Izraeli<\/span><\/strong><\/h3>\n<p><span>Dokonce i palestin\u0161t\u00ed ob\u010dan\u00e9 Izraele \u2013 p\u0159ibli\u017en\u011b 20 % populace \u2013 jsou pr\u00e1vn\u011b znev\u00fdhodn\u011bni. V\u00edce ne\u017e 65 z\u00e1kon\u016f je diskriminuje v kl\u00ed\u010dov\u00fdch oblastech \u017eivota, jako je vzd\u011bl\u00e1v\u00e1n\u00ed, vlastnictv\u00ed p\u016fdy a bydlen\u00ed. Navzdory sv\u00e9mu ob\u010danstv\u00ed z\u016fst\u00e1v\u00e1 jejich politick\u00e1 \u00fa\u010dast omezen\u00e1, zejm\u00e9na pokud cht\u011bj\u00ed vyjad\u0159ovat kritick\u00e9 n\u00e1zory nebo zakl\u00e1dat politick\u00e9 organizace.<\/span><\/p>\n<h3 class=\"wp-block-heading\"><strong><span>Represe m\u00edsto pr\u00e1vn\u00edho st\u00e1tu<\/span><\/strong><\/h3>\n<p><span>Kritick\u00e9 hlasy jsou systematicky potla\u010dov\u00e1ny: Izrael pravideln\u011b zat\u00fdk\u00e1 novin\u00e1\u0159e, aktivisty a dokonce i nezletil\u00e9. Tis\u00edce Palestinc\u016f jsou dr\u017eeny v takzvan\u00e9 \u201eadministrativn\u00ed vazb\u011b\u201c bez obvin\u011bn\u00ed nebo soudu. Cenzura a sledov\u00e1n\u00ed politicky ne\u017e\u00e1douc\u00edch skupin je samoz\u0159ejmost\u00ed.<\/span><\/p>\n<h3 class=\"wp-block-heading\"><strong><span>Etnokracie m\u00edsto demokracie<\/span><\/strong><\/h3>\n<p><span>Zemi, kter\u00e1 zakazuje politick\u00e9 strany, cenzuruje opozi\u010dn\u00ed m\u00e9dia, diskriminuje etnick\u00e9 men\u0161iny a praktikuje dva zcela odli\u0161n\u00e9 pr\u00e1vn\u00ed syst\u00e9my, lze jen st\u011b\u017e\u00ed pova\u017eovat za demokracii. Struktura Izraele p\u0159ipom\u00edn\u00e1 sp\u00ed\u0161e\u00a0<\/span><strong><span>etnokracii<\/span><\/strong><span>\u00a0\u2013 vl\u00e1du zalo\u017eenou na etnick\u00e9m p\u016fvodu.<\/span><\/p>\n<h3 class=\"wp-block-heading\"><strong><span>Z\u00e1v\u011br: Z\u00e1padn\u00ed omyl<\/span><\/strong><\/h3>\n<p><span>Opakuj\u00edc\u00ed se tvrzen\u00ed, \u017ee Izrael je \u201ejedinou demokraci\u00ed na Bl\u00edzk\u00e9m v\u00fdchod\u011b\u201c, ignoruje realitu okupace, apartheidu a etnick\u00e9ho nacionalismu.<\/span><br \/>\n<span>Skute\u010dn\u00e1 demokracie vy\u017eaduje rovnost p\u0159ed z\u00e1konem, politickou reprezentaci a svobodu projevu \u2013 nikoli vojenskou kontrolu, rasistickou legislativu a systematick\u00e9 odep\u00edr\u00e1n\u00ed volebn\u00edho pr\u00e1va.<\/span><\/p>\n<p><span>Ti, kdo obhajuj\u00ed demokracii a lidsk\u00e1 pr\u00e1va, by se nem\u011bli nechat zaslepit p\u0159\u00edjemn\u011b zn\u011bj\u00edc\u00edmi m\u00fdty \u2013 ale m\u011bli by se d\u00edvat na realitu takovou, jak\u00e1 je.<\/span><\/p>\n<\/div>\n<\/div>\n<div class=\"elementor-element elementor-element-8c57238 quelle dc-has-condition dc-condition-empty elementor-widget elementor-widget-heading\" data-id=\"8c57238\" data-element_type=\"widget\" data-widget_type=\"heading.default\">\n<div class=\"elementor-widget-container\">\n<h3 class=\"elementor-heading-title elementor-size-default\"><span style=\"font-size: 10pt;\"><a href=\"https:\/\/threadreaderapp.com\/thread\/1907541938787545527.html?utm_campaign=topunroll\" target=\"_blank\" rel=\"nofollow noopener\">Zdroj<\/a><\/span><\/h3>\n<p>&nbsp;<\/p>\n<\/div>\n<\/div>\n","protected":false},"excerpt":{"rendered":"<p>Tvrzen\u00ed, \u017ee Izrael je \u201ejedinou demokraci\u00ed na Bl\u00edzk\u00e9m v\u00fdchod\u011b\u201c, se v z\u00e1padn\u00edm diskurzu opakuje po&#8230;<\/p>\n","protected":false},"author":2,"featured_media":1079,"comment_status":"closed","ping_status":"closed","sticky":false,"template":"","format":"standard","meta":[],"categories":[7],"tags":[169,1061,107,365],"_links":{"self":[{"href":"https:\/\/www.infokuryr.cz\/n\/wp-json\/wp\/v2\/posts\/76022"}],"collection":[{"href":"https:\/\/www.infokuryr.cz\/n\/wp-json\/wp\/v2\/posts"}],"about":[{"href":"https:\/\/www.infokuryr.cz\/n\/wp-json\/wp\/v2\/types\/post"}],"author":[{"embeddable":true,"href":"https:\/\/www.infokuryr.cz\/n\/wp-json\/wp\/v2\/users\/2"}],"replies":[{"embeddable":true,"href":"https:\/\/www.infokuryr.cz\/n\/wp-json\/wp\/v2\/comments?post=76022"}],"version-history":[{"count":0,"href":"https:\/\/www.infokuryr.cz\/n\/wp-json\/wp\/v2\/posts\/76022\/revisions"}],"wp:featuredmedia":[{"embeddable":true,"href":"https:\/\/www.infokuryr.cz\/n\/wp-json\/wp\/v2\/media\/1079"}],"wp:attachment":[{"href":"https:\/\/www.infokuryr.cz\/n\/wp-json\/wp\/v2\/media?parent=76022"}],"wp:term":[{"taxonomy":"category","embeddable":true,"href":"https:\/\/www.infokuryr.cz\/n\/wp-json\/wp\/v2\/categories?post=76022"},{"taxonomy":"post_tag","embeddable":true,"href":"https:\/\/www.infokuryr.cz\/n\/wp-json\/wp\/v2\/tags?post=76022"}],"curies":[{"name":"wp","href":"https:\/\/api.w.org\/{rel}","templated":true}]}}