{"id":76015,"date":"2025-04-09T06:48:55","date_gmt":"2025-04-09T04:48:55","guid":{"rendered":"https:\/\/www.infokuryr.cz\/n\/?p=76015"},"modified":"2025-04-09T06:48:55","modified_gmt":"2025-04-09T04:48:55","slug":"michael-svatos-dosud-nejbrutalnejsi-vzkaz-ruska-vladam-velke-britanie-a-francie-bude-pochopen","status":"publish","type":"post","link":"https:\/\/www.infokuryr.cz\/n\/2025\/04\/09\/michael-svatos-dosud-nejbrutalnejsi-vzkaz-ruska-vladam-velke-britanie-a-francie-bude-pochopen\/","title":{"rendered":"Michael Svato\u0161: Dosud nejbrut\u00e1ln\u011bj\u0161\u00ed vzkaz Ruska vl\u00e1d\u00e1m Velk\u00e9 Brit\u00e1nie a Francie! Bude pochopen?"},"content":{"rendered":"<div id=\"fb-root\"><\/div>\n<p>V p\u00e1tek 4. dubna 2025 ve\u010der\u00a0<a href=\"https:\/\/hromadske.ua\/viyna\/242783-ziavylosia-video-z-kryvoho-rohu-u-moment-rosiyskoho-udaru-kadry-sprostovuiut-zaiavy-rf-pro-udar-po-ofitserakh-nato\">p\u0159ilet\u011bla do ukrajinsk\u00e9ho m\u011bsta Kryvyj Rih rusk\u00e1 balistick\u00e1 raketa Iskander-M<\/a>, a jej\u00ed kazetov\u00e1 hlavice explodovala, p\u0159esn\u011b tak jak je u kazetov\u00fdch hlavic konstruk\u010dn\u00edm z\u00e1m\u011brem, tedy\u00a0<a href=\"https:\/\/hromadske.ua\/viyna\/242674-vilkul-rosiiany-atakuvaly-kryvyy-rih-raketoiu-z-pidryvom-u-povitri?_gl=1*8zwozz*_up*MQ..*_ga*OTAzNjM4OTkwLjE3NDQxNDY4MDY.*_ga_QRXBZKG0YN*MTc0NDE0NjgwMy4xLjAuMTc0NDE0NjgwMy4wLjAuMA..*_ga_FFQQ6F8PRK*MTc0NDE0NjgwMy4xLjAuMTc0NDE0NjgwMy4wLjAuMA..\">v n\u00edzk\u00e9 v\u00fd\u0161ce nad vybran\u00fdm c\u00edlem jej\u00edho \u00fatoku<\/a>\u00a0tak, aby ztr\u00e1ty nekryt\u00e9 \u017eiv\u00e9 s\u00edly nep\u0159\u00edtele byly pro n\u011bj co mo\u017en\u00e1 nejv\u00edc bolestn\u00e9. Raketa v konkr\u00e9tn\u00edm p\u0159\u00edpad\u011b explodovala nad d\u011btsk\u00fdm h\u0159i\u0161t\u011bm v dob\u011b vysoce pravd\u011bpodobn\u00e9ho v\u00fdskytu d\u011bt\u00ed v c\u00edlov\u00e9m prostoru, a to d\u00e1v\u00e1 jasn\u00fd sign\u00e1l, \u017ee \u00fakol rakety byl mimo\u0159\u00e1dn\u011b strategick\u00e9 povahy. Ne\u017e celou z\u00e1le\u017eitost podrobn\u011b analyzujeme, zrekapitulujeme faktografick\u00e9 \u00fadaje.<\/p>\n<p>V\u00fdsledkem \u00fatoku ze 4. dubna je podle ukrajinsk\u00e9 strany\u00a0<a href=\"https:\/\/krivbass.city\/news\/view\/likvidatsiya-naslidkiv-vorozhih-udariv-krivij-rig-ogovtuetsya-pislya-najkrivavishogo-obstrilu-4-kvitnya\">ke v\u010derej\u0161\u00edmu dni 8. dubna 2025\u00a0 u\u017e 20 mrtv\u00fdch, z toho 9 d\u011bt\u00ed, a kdov\u00ed kolik zran\u011bn\u00fdch je je\u0161t\u011b bude n\u00e1sledovat<\/a>. V hr\u016fzou ot\u0159esen\u00e9m m\u011bst\u011b Kryvyj Rih u\u017e m\u00edstn\u00ed n\u00e1\u010delnictvo vyhl\u00e1silo na dny 8. a 9. dubna ve\u0159ejn\u00fd smutek, a kn\u011b\u017e\u00ed u\u017e za\u010dali na m\u00edstech p\u00e1te\u010dn\u00edho krveprolit\u00ed konat sv\u00e9 ob\u0159ady, a kyjevsk\u00e1 m\u00e9dia, i z\u00e1padn\u00ed mainstream se u\u017e o p\u0159\u00ed\u010din\u00e1ch i n\u00e1sledc\u00edch raketov\u00e9ho \u00fatoku na d\u011btsk\u00e9 h\u0159i\u0161t\u011b\u00a0<a href=\"https:\/\/www.forum24.cz\/francouzska-televize-usvedcila-rusy-z-dalsi-lzi-v-miste-utoku-na-kryvyj-rih-nebyli-zadni-vojaci-jen-civiliste\">za\u010dala p\u0159etahovat<\/a>\u00a0s rusk\u00fdmi, a tzv.\u00a0<a href=\"https:\/\/t.me\/cz24news\/159603\">vlasteneck\u00fdmi evropsk\u00fdmi kan\u00e1ly<\/a>. Ob\u011b strany zaryt\u011b melou sob\u011b v\u00fdhodn\u00e9 verze \u00fatoku, a p\u0159itom z vojensko-strategick\u00e9 logiky, i ze zp\u016fsobu povolov\u00e1n\u00ed a rozhodov\u00e1n\u00ed na rusk\u00e9 stran\u011b o pou\u017eit\u00ed rakety Iskander-M ke zni\u010den\u00ed ur\u010dit\u00e9ho c\u00edle z\u0159eteln\u011b vypl\u00fdv\u00e1, \u017ee cel\u00e1 ne\u0161\u0165astn\u00e1 raketov\u00e1 z\u00e1le\u017eitost m\u011bla od sam\u00e9ho sv\u00e9ho po\u010d\u00e1tku a\u017e do sv\u00e9ho \u00fapln\u00e9ho konce \u00fapln\u011b jin\u00e9 c\u00edlov\u00e9 parametry i strategick\u00e1 zad\u00e1n\u00ed, ne\u017e jak je ob\u011b sve\u0159ep\u011b antagonistick\u00e9 medi\u00e1ln\u00ed strany vytrubuj\u00ed do \u00e9teru.<\/p>\n<p>Logiku \u00fatoku rakety Iskander-M na d\u011btsk\u00e9 h\u0159i\u0161t\u011b rozebereme ve dvou lini\u00edch, vojensko-velitelsk\u00e9, a vojensko-strategick\u00e9, a v\u00fdsledek sou\u010dtu obou anal\u00fdz, pak bude velmi jasn\u00fd. A pro mnoh\u00e9 \u0161okuj\u00edc\u00ed \u2013 \u00datok byl v\u00fdslovn\u011b nam\u00ed\u0159en proti vl\u00e1d\u00e1m Brit\u00e1nie a Francie, jako jejich posledn\u00ed varov\u00e1n\u00ed!<\/p>\n<div id=\"attachment_17334\" class=\"wp-caption aligncenter\" style=\"width: 882px;\"><img decoding=\"async\" loading=\"lazy\" class=\" wp-image-17334\" src=\"https:\/\/www.michalapetr.com\/wp-content\/uploads\/2025\/04\/9T250-1_Iskander-M.jpg\" sizes=\"(max-width: 1280px) 100vw, 1280px\" srcset=\"https:\/\/www.michalapetr.com\/wp-content\/uploads\/2025\/04\/9T250-1_Iskander-M.jpg 1280w, https:\/\/www.michalapetr.com\/wp-content\/uploads\/2025\/04\/9T250-1_Iskander-M-300x203.jpg 300w, https:\/\/www.michalapetr.com\/wp-content\/uploads\/2025\/04\/9T250-1_Iskander-M-1030x695.jpg 1030w, https:\/\/www.michalapetr.com\/wp-content\/uploads\/2025\/04\/9T250-1_Iskander-M-768x518.jpg 768w, https:\/\/www.michalapetr.com\/wp-content\/uploads\/2025\/04\/9T250-1_Iskander-M-705x476.jpg 705w, https:\/\/www.michalapetr.com\/wp-content\/uploads\/2025\/04\/9T250-1_Iskander-M-450x304.jpg 450w\" alt=\"\" width=\"882\" height=\"596\" aria-describedby=\"caption-attachment-17334\" \/><\/p>\n<p id=\"caption-attachment-17334\" class=\"wp-caption-text\">Raketa Iskander-M, kter\u00e1 4. dubna 2025 vybuchla nad d\u011btsk\u00fdm h\u0159i\u0161t\u011bm ve m\u011bst\u011b Kryvyj Rih\u00a0<a href=\"https:\/\/web.archive.org\/web\/20220712225818\/https:\/\/missilery.info\/missile\/iscander\">m\u00e1 kruhovou odchylku iniciace 5 a\u017e 7 metr\u016f<\/a>, plat\u00ed se (\u0441\u0438\u0441\u0442\u0435\u043c\u043e\u0439 \u0441\u0430\u043c\u043e\u043d\u0430\u0432\u0435\u0434\u0435\u043d\u0438\u044f).<\/p>\n<\/div>\n<p>Raketa Iskander-M, na fotce naho\u0159e, je \u00fazkoprofilov\u00e1, mimo\u0159\u00e1dn\u011b drah\u00e1, a extr\u00e9mn\u011b \u00fa\u010dinn\u00e1 zbra\u0148. Na c\u00edl let\u00ed tak rychle, \u017ee nen\u00ed \u0161ance se p\u0159ed n\u00ed v\u010das ukr\u00fdt, nebo prostor \u00fatoku v\u010das opustit. Raketu v podm\u00ednk\u00e1ch v\u00e1lky na Ukrajin\u011b tak\u0159ka nelze sest\u0159elit v prostoru Kyjeva, a nelze ji nijak sest\u0159elit v prostoru Kryvyj Rih. Odp\u00e1len\u00ed rakety Iskander-M na c\u00edl se \u0159\u00edd\u00ed slo\u017eit\u00fdmi ustanoven\u00ed rusk\u00fdch vojensk\u00fdch na\u0159\u00edzen\u00ed. K odp\u00e1len\u00ed rakety Iskander-M na c\u00edl bez v\u00fdslovn\u00e9ho na\u0159\u00edzen\u00ed z nejvy\u0161\u0161\u00edch m\u00edst, je t\u0159eba opera\u010dn\u00edho souhlasu vy\u0161\u0161\u00edho rusk\u00e9ho gener\u00e1la, nejm\u00e9n\u011b velitele jedn\u00e9 ze \u0161esti rusk\u00fdch opera\u010dn\u00edch skupin. Tento souhlas se vyd\u00e1v\u00e1 formou na\u0159\u00edzen\u00ed veliteli d\u011blost\u0159electva opera\u010dn\u00ed skupiny, a obsahuje po\u010det raket, kter\u00e9 lze v ur\u010dit\u00e9m \u010dasov\u00e9m \u00faseku vyp\u00e1lit,\u00a0 a z\u00e1rove\u0148 v\u00fd\u010det typologie c\u00edl\u016f, na kter\u00e9 lze raketu Iskander-M odp\u00e1lit. Typicky tak m\u016f\u017ee velitel d\u011blost\u0159electva, nebo n\u00e1\u010deln\u00edk d\u011blost\u0159electva konaj\u00edc\u00ed slu\u017ebu, povolit vyp\u00e1len\u00ed rakety Iskander-M proti pr\u016fzkumem odhalen\u00e9 ukrajinsk\u00e9 kolon\u011b tvo\u0159en\u00e9 raketomety HIMARS, ATACAMS, nebo raketami PATRIOT, \u010di IRIS-T, a v tomto p\u0159\u00edpad\u011b bude pou\u017eita raketa s kazetovou hlavic\u00ed exploduj\u00edc\u00ed ve v\u00fd\u0161ce, nebo\u0165 jde o nekryt\u00e9 neobrn\u011bn\u00e9 c\u00edle, a na jejich zni\u010den\u00ed je t\u0159eba zna\u010dn\u00fdm mno\u017estv\u00edm speci\u00e1ln\u00edch p\u0159ed-tvarovan\u00fdch projektil\u016f v\u00fdbuchem vymeten\u00fdch z hlavice pokr\u00fdt velkou plochu.<\/p>\n<p>A nebo m\u016f\u017ee b\u00fdt pr\u016fzkumem odhalen vy\u0161\u0161\u00ed velitelsk\u00fd bunkr, nebo podzemn\u00ed \u00fakryt v\u011bt\u0161\u00edho po\u010dtu zku\u0161en\u00fdch oper\u00e1tor\u016f zabij\u00e1ck\u00fdch dron\u016f, \u010di jejich sklad, a nebo budova, v n\u00ed\u017e se shrom\u00e1\u017edilo nejm\u00e9n\u011b 100 nep\u0159\u00e1telsk\u00fdch voj\u00e1k\u016f vy\u0161\u0161\u00ed kategorie, a v tomto p\u0159\u00edpad\u011b rusk\u00fd velitel ve slu\u017eb\u011b na \u0161t\u00e1bu d\u011blost\u0159electva rusk\u00e9 opera\u010dn\u00ed skupiny povol\u00ed odp\u00e1len\u00ed rakety Iskander-M s trhavou, nebo proti-betonovou hlavic\u00ed, a ta vybuchne ne ve v\u00fd\u0161ce nad c\u00edlem, ale ihned po prora\u017een\u00ed st\u0159echy, nebo st\u011bny objektu. A\u010dkoli ob\u011b hlavice lze na raket\u011b i v poln\u00edch podm\u00ednk\u00e1ch m\u011bnit, nen\u00ed to b\u011b\u017en\u00fd postup, a podle informac\u00ed se ani neprov\u00e1d\u00ed. Rusk\u00fd velitel povoluj\u00edc\u00ed odp\u00e1len\u00ed raket Iskander-M na c\u00edl si tedy mus\u00ed vybrat, jak\u00fd typ hlavice na jak\u00fd c\u00edl pou\u017eije. Pokud by c\u00edlem rakety, kter\u00e1 p\u0159ilet\u011bla 4. dubna v podve\u010dern\u00edch hodin\u00e1ch do m\u011bsta Kyrvyj Rih bylo velitelsk\u00e9 shrom\u00e1\u017ed\u011bn\u00ed konan\u00e9 v prostor\u00e1ch restaurace, jak tvrd\u00ed r\u016fzn\u00e1 evropsk\u00e1 i rusk\u00e1 vlasteneck\u00e1 a nacionalistick\u00e1 m\u00e9dia, p\u0159ilet\u011bla by raketa typu II, tedy v \u017e\u00e1dn\u00e9m p\u0159\u00edpad\u011b kazetov\u00e1 hlavice, proto\u017ee st\u011bny restaurace by d\u016fstojn\u00edky NATO ochr\u00e1nily, a proto\u017ee trefit d\u016fstojn\u00edky NATO p\u0159esn\u011b v \u010dase, kdy z budovy hromadn\u011b odch\u00e1zej\u00ed, nebo do n\u00ed vch\u00e1zej\u00ed, je pro raketu Iskander-M utopi\u00ed, a pro tento \u010dasov\u011b p\u0159esn\u00fd \u00fatok se pou\u017e\u00edvaj\u00ed st\u0159ely vypalovan\u00e9 z letadel, nebo z dron\u016f, \u010d\u00edhaj\u00edc\u00edch jen n\u011bkolik kilometr\u016f od c\u00edle \u00fatoku.<\/p>\n<h3>Z\u00e1v\u011br prvn\u00ed: Na spr\u00e1vn\u00fd c\u00edl let\u011bla spr\u00e1vn\u00e1 raketa!<\/h3>\n<p>Proto\u017ee raketa, kter\u00e1 p\u0159ilet\u011bla 4. dubna 2025 na d\u011btsk\u00e9 h\u0159i\u0161t\u011b ve m\u011bst\u011b Kryvyj Rih nesla kazetovou hlavici, je vylou\u010deno, aby byla odp\u00e1lena ke zni\u010den\u00ed budovy, v n\u00ed\u017e se podle rusk\u00fdch zdroj\u016f m\u011bli nach\u00e1zet d\u016fstojn\u00edci NATO. Proto\u017ee odp\u00e1len\u00ed rakety Iskander-M povoluj\u00ed vysoc\u00ed d\u016fstojn\u00edci, nebo gener\u00e1lov\u00e9, a ti p\u0159esn\u011b v\u011bd\u00ed, jakou raketu na jak\u00fd c\u00edl odp\u00e1lit, nelze se logicky nijak domn\u00edvat, \u017ee by takto naivn\u011b chybovali odp\u00e1len\u00edm nespr\u00e1vn\u00e9 hlavice na spr\u00e1vn\u00fd c\u00edl. Raketa tedy byla odp\u00e1lena proti d\u011btsk\u00e9mu h\u0159i\u0161ti \u00famysln\u011b, proto\u017ee nesla kazetovou hlavici p\u0159esn\u011b pro tento typ \u00fatoku, a proto\u017ee v oblasti mo\u017en\u00e9 velmi kr\u00e1tk\u00e9 vzd\u00e1lenostn\u00ed tolerance kruhov\u00e9 v\u00fdchylky iniciace hlavice k v\u00fdbuchu nelze nijak o\u010dek\u00e1vat v\u00fdskyt n\u011bjak\u00e9 ukrajinsk\u00e9 kolony techniky typov\u011b slo\u017een\u00e9 z c\u00edl\u016f ur\u010den\u00fdch k okam\u017eit\u00e9 likvidaci raketou Iskander-M s kazetovou hlavici, t\u00edm sp\u00ed\u0161, \u017ee tento typ ni\u010den\u00ed kolony raketou Iskander-M se v\u017edy prov\u00e1d\u00ed se sou\u010dasnou vizu\u00e1ln\u00ed kontrolou c\u00edle pr\u016fzkumn\u00fdmi drony v re\u00e1ln\u00e9m \u010dase, a ty se nad m\u011bstem Kryvyj Rih v dob\u011b \u00fatoku rakety na d\u011btsk\u00e9 h\u0159i\u0161t\u011b nevzn\u00e1\u0161ely.<\/p>\n<h3>Z\u00e1v\u011br druh\u00fd: \u00datok byl na\u0159\u00edzen z nejvy\u0161\u0161\u00edch m\u00edst Ruska!<\/h3>\n<p>Proto\u017ee \u00fatok byl vykon\u00e1n spr\u00e1vnou hlavic\u00ed na spr\u00e1vn\u00fd c\u00edl \u2013 d\u011btsk\u00e9 h\u0159i\u0161t\u011b, ale tento c\u00edl sv\u00fdm typem sou\u010dasn\u011b rusk\u00e9mu opera\u010dn\u00edmu veliteli nedovoloval raketu proti n\u011bmu vyst\u0159elit, je jasn\u00e9, \u017ee velitel musel m\u00edt na\u0159\u00edzen\u00ed z nejvy\u0161\u0161\u00edch m\u00edst, tuto raketu proti d\u011btsk\u00e9mu h\u0159i\u0161ti odp\u00e1lit, nebo je\u0161t\u011b sp\u00ed\u0161, \u017ee tuto raketu vyp\u00e1lila speci\u00e1ln\u00ed odpalovac\u00ed skupina zvl\u00e1\u0161tn\u00edch jednotek pro zvl\u00e1\u0161tn\u00ed \u00fatoky na z\u00e1klad\u011b tajn\u00e9ho na\u0159\u00edzen\u00ed z nejvy\u0161\u0161\u00edch m\u00edst. Takov\u00e1 to skupina m\u00e1 krat\u0161\u00ed velitelsk\u00fd \u0159et\u011bzec, a hrozba provalen\u00ed \u00fatoku na rozkaz vydan\u00fd jako nejvy\u0161\u0161\u00ed st\u00e1tn\u00ed tajemstv\u00ed se tak v\u00fdrazn\u011b sni\u017euje. Nav\u00edc je tvo\u0159ena pe\u010dliv\u011b vybran\u00fdmi \u010dleny, kte\u0159\u00ed jsou na zvl\u00e1\u0161tn\u00ed, (tak\u0159ka v\u00fdlu\u010dn\u011b nukle\u00e1rn\u00ed), mise p\u0159edem vybr\u00e1ni, a jsou oproti b\u011b\u017en\u00fdm obsluh\u00e1m raket Iskander-M bezpe\u010dnostn\u011b obzvl\u00e1\u0161\u0165 d\u016fsledn\u011b prov\u011b\u0159eni.<\/p>\n<h3>Z\u00e1v\u011br t\u0159et\u00ed: Pro\u010d v\u0161ak byla raketa Iskander-M proti d\u011btsk\u00e9mu h\u0159i\u0161ti vyp\u00e1lena \u00famysln\u011b na rozkaz z nejvy\u0161\u0161\u00edch m\u00edst?<\/h3>\n<p><a href=\"https:\/\/krivbass.city\/news\/view\/sered-zagiblih-minus-diti-u-den-zhalobi-4-kvitnya-rosiyani-vdarili-balistikoyu-po-krivomu-rogu\">Raketa na d\u011btsk\u00e9 h\u0159i\u0161t\u011b ve m\u011bst\u011b Kryvyj Rih p\u0159ilet\u011bla 4. dubna v podve\u010der<\/a>, tedy jen n\u011bkolik hodin p\u0159ed t\u00edm,\u00a0<a href=\"https:\/\/kyivindependent.com\/zelensky-welcomes-french-british-army-chiefs-in-kyiv-talks-troop-deployment\/\">ne\u017e Zelenskyj 5. dubna p\u0159ijal ve sv\u00e9m kyjevsk\u00e9m doup\u011bti n\u00e1\u010deln\u00edky gener\u00e1ln\u00edch \u0161t\u00e1b\u016f<\/a>\u00a0Velk\u00e9 Brit\u00e1nie, admir\u00e1la sira\u00a0<a href=\"https:\/\/en.wikipedia.org\/wiki\/Tony_Radakin\">Tony Radakina<\/a>, a Francie, gener\u00e1la\u00a0<a href=\"https:\/\/en.wikipedia.org\/wiki\/Thierry_Burkhard\">Thierry Burkharda<\/a>, aby spole\u010dn\u011b dojednali kolik, kdy, a kam, z\u00e1padn\u00edch voj\u00e1\u010dk\u016f na Ukrajinu po\u0161lou,\u00a0<a href=\"https:\/\/www.michalapetr.com\/map-2261-jaderna-valka-s-ruskem-bude-pravdepodobnost-druha-polovina-letosniho-roku-vyse-pravdepodobnosti-vyssi-nez-v-zari-2022-kdy-se-ve-washingtonu-vsichni-hlavouni-trasli-strachy-novy-vcera-zv\/\">aby podle pl\u00e1n\u016f 6 \u0161\u00edlenc\u016f donutili Rusko k p\u0159ijet\u00ed kapitula\u010dn\u00edch podm\u00ednek, nebo rozpoutali III. sv\u011btovou v\u00e1lku<\/a>.<\/p>\n<p>A\u010dkoli rusk\u00e1 diplomacie d\u016frazn\u011b p\u0159ed podobn\u00fdmi n\u00e1pady zem\u011b EU neust\u00e1le varovala, vysl\u00e1n\u00ed gener\u00e1l\u016f do Kyjeva k jedn\u00e1n\u00edm 5. dubna z\u0159eteln\u011b signalizovalo, \u017ee varov\u00e1n\u00ed Ruska nejsou dostate\u010dn\u011b br\u00e1na na z\u0159etel. Rusko tedy vyslalo sign\u00e1l mnohem drasti\u010dt\u011bj\u0161\u00ed \u00farovn\u011b, a vyslalo raketu zlikvidovat n\u011bkolik d\u011bt\u00ed a civilist\u016f na d\u011btsk\u00e9 h\u0159i\u0161t\u011b v rodn\u00e9m m\u011bst\u011b prezidenta Zelensk\u00e9ho, kter\u00e9 je z\u00e1rove\u0148 centrem ukrajinsk\u00e9ho t\u011b\u017ek\u00e9ho pr\u016fmyslu, a ve kter\u00e9m bylo nanejv\u00fd\u0161 pravd\u011bpodobn\u00e9, \u017ee by se z\u00e1padn\u00ed voj\u00e1\u010dkov\u00e9 mohli cht\u00edt rozm\u00eds\u0165ovat. Z\u00e1padn\u00ed gener\u00e1lov\u00e9 nejsou v\u017edy \u00fapln\u00ed pitomci, a ameri\u010dt\u00ed gener\u00e1lov\u00e9 by jim v p\u0159\u00edpad\u011b nezbytn\u00e9 nal\u00e9havosti ochotn\u011b vysv\u011btlili, \u017ee kazetov\u00e1 hlavice dopraven\u00e1 extr\u00e9mn\u011b drahou a \u00fazkoprofilovou raketou Iskander-M na d\u011btsk\u00e9 h\u0159i\u0161t\u011b ve m\u011bst\u011b Kryvyj Rih bez v\u00fdhrad dokazuje, \u017ee Rusov\u00e9 se nebudou nijak upejpat, a rakety Iskander-M i Ore\u0161nik ihned vy\u0161lou proti jak\u00e9mukoli soust\u0159ed\u011bn\u00ed z\u00e1padn\u00edch voj\u00e1k\u016f na Ukrajin\u011b, proto\u017ee p\u0159eci \u00famysln\u011b, a na nejvy\u0161\u0161\u00ed rozkaz, kter\u00fd se v\u0161ak v zem\u00edch mocnost\u00ed v \u017e\u00e1dn\u00e9m p\u0159\u00edpad\u011b nikdy ve\u0159ejn\u011b nep\u0159izn\u00e1v\u00e1, odp\u00e1lili kazetovou hlavici proti d\u011btsk\u00e9mu h\u0159i\u0161ti v rodn\u00e9m m\u011bst\u011b ukrajinsk\u00e9ho prezidenta t\u011bsn\u011b p\u0159ed jeho jedn\u00e1n\u00edm s britsk\u00fdm i francouzsk\u00fdm n\u00e1\u010deln\u00edkem gener\u00e1ln\u00edho \u0161t\u00e1bu o pl\u00e1novan\u00e9m rozm\u00edst\u011bn\u00ed z\u00e1padn\u00edch v\u00e1le\u010dn\u00fdch\u00a0 kohort na Ukrajin\u011b. Ergo, \u00famysln\u00e1 ob\u011b\u0165 zat\u00edm 9 d\u011bt\u00ed, a 11 dosp\u011bl\u00fdch je perfektn\u00edm d\u016fkazem, \u017ee Rusko mysl\u00ed sv\u00e1 varov\u00e1n\u00ed v\u00e1\u017en\u011b,\u00a0<a href=\"https:\/\/hromadske.ua\/viyna\/242674-vilkul-rosiiany-atakuvaly-kryvyy-rih-raketoiu-z-pidryvom-u-povitri?_gl=1*8zwozz*_up*MQ..*_ga*OTAzNjM4OTkwLjE3NDQxNDY4MDY.*_ga_QRXBZKG0YN*MTc0NDE0NjgwMy4xLjAuMTc0NDE0NjgwMy4wLjAuMA..*_ga_FFQQ6F8PRK*MTc0NDE0NjgwMy4xLjAuMTc0NDE0NjgwMy4wLjAuMA..\">i za cenu brut\u00e1ln\u00edho poru\u0161en\u00ed mezin\u00e1rodn\u00edho pr\u00e1va v\u00e1le\u010dn\u00e9ho<\/a>, a\u010dkoli se k n\u011bmu nikdy ve\u0159ejn\u011b nep\u0159izn\u00e1, a schov\u00e1 se za d\u011btinsky naivn\u00ed tvrzen\u00ed, \u017ee d\u016fstojn\u00edci NATO byli v restauraci p\u00e1r des\u00edtek metr\u016f od d\u011btsk\u00e9ho h\u0159i\u0161t\u011b podle pl\u00e1nu raketou zlikvidov\u00e1ni. Sir Radakin, i gener\u00e1l Burkhard, p\u0159eci v\u011bd\u00ed, kde maj\u00ed sv\u00e9 d\u016fstojn\u00edky na Ukrajin\u011b, a rusk\u00fd vzkaz tak ur\u010dit\u011b ch\u00e1pou v jeho prav\u00e9 podstat\u011b \u2013\u00a0<b>\u041d\u0438 \u0448\u0430\u0433\u0443 \u043d\u0430\u0437\u0430\u0434! \u2013 Dejte si pozor, my na Ukrajin\u011b nikdy neustoup\u00edme!<\/b><\/p>\n<p>Na rusk\u00e9 front\u011b jinak zat\u00edm zd\u00e1nliv\u00fd klid = trval\u00fd pomal\u00fd rusk\u00fd postup pod\u00e9l cel\u00e9 linie fronty. Kr\u00e1sn\u00e9 video s animovan\u00fdmi mapami z oblasti boj\u016f z\u00e1padn\u011b Kurachove\u00a0<a href=\"https:\/\/t.me\/rybar\/69491\">najdete zde<\/a>.<\/p>\n<p>Ve st\u0159edu 2. dubna\u00a0 jsem nato\u010dil po\u0159ad u Petra H\u00e1jka na Protiproud TV,\u00a0<a class=\"mfp-iframe lightbox-added\" href=\"https:\/\/www.youtube.com\/watch?v=cPdOKVlOISg\">po\u0159ad najdete zde<\/a>.<\/p>\n<p><a href=\"https:\/\/www.michalapetr.com\/map-2269-dosud-nejbrutalnejsi-vzkaz-ruska-vladam-velke-britanie-a-francie-bude-pochopen\/\">Michael Svato\u0161<\/a><\/p>\n<p><img decoding=\"async\" loading=\"lazy\" class=\"alignnone size-full wp-image-27204\" src=\"http:\/\/www.infokuryr.cz\/n\/wp-content\/uploads\/2023\/05\/Michael_Svatos.png\" alt=\"\" width=\"180\" height=\"180\" srcset=\"https:\/\/www.infokuryr.cz\/n\/wp-content\/uploads\/2023\/05\/Michael_Svatos.png 180w, https:\/\/www.infokuryr.cz\/n\/wp-content\/uploads\/2023\/05\/Michael_Svatos-150x150.png 150w\" sizes=\"(max-width: 180px) 100vw, 180px\" \/><\/p>\n<p>&nbsp;<\/p>\n","protected":false},"excerpt":{"rendered":"<p>V p\u00e1tek 4. dubna 2025 ve\u010der\u00a0p\u0159ilet\u011bla do ukrajinsk\u00e9ho m\u011bsta Kryvyj Rih rusk\u00e1 balistick\u00e1 raketa Iskander-M,&#8230;<\/p>\n","protected":false},"author":2,"featured_media":76016,"comment_status":"closed","ping_status":"closed","sticky":false,"template":"","format":"standard","meta":[],"categories":[6],"tags":[1042,2122,22,2101],"_links":{"self":[{"href":"https:\/\/www.infokuryr.cz\/n\/wp-json\/wp\/v2\/posts\/76015"}],"collection":[{"href":"https:\/\/www.infokuryr.cz\/n\/wp-json\/wp\/v2\/posts"}],"about":[{"href":"https:\/\/www.infokuryr.cz\/n\/wp-json\/wp\/v2\/types\/post"}],"author":[{"embeddable":true,"href":"https:\/\/www.infokuryr.cz\/n\/wp-json\/wp\/v2\/users\/2"}],"replies":[{"embeddable":true,"href":"https:\/\/www.infokuryr.cz\/n\/wp-json\/wp\/v2\/comments?post=76015"}],"version-history":[{"count":0,"href":"https:\/\/www.infokuryr.cz\/n\/wp-json\/wp\/v2\/posts\/76015\/revisions"}],"wp:featuredmedia":[{"embeddable":true,"href":"https:\/\/www.infokuryr.cz\/n\/wp-json\/wp\/v2\/media\/76016"}],"wp:attachment":[{"href":"https:\/\/www.infokuryr.cz\/n\/wp-json\/wp\/v2\/media?parent=76015"}],"wp:term":[{"taxonomy":"category","embeddable":true,"href":"https:\/\/www.infokuryr.cz\/n\/wp-json\/wp\/v2\/categories?post=76015"},{"taxonomy":"post_tag","embeddable":true,"href":"https:\/\/www.infokuryr.cz\/n\/wp-json\/wp\/v2\/tags?post=76015"}],"curies":[{"name":"wp","href":"https:\/\/api.w.org\/{rel}","templated":true}]}}