{"id":76007,"date":"2025-04-09T06:27:01","date_gmt":"2025-04-09T04:27:01","guid":{"rendered":"https:\/\/www.infokuryr.cz\/n\/?p=76007"},"modified":"2025-04-09T06:27:01","modified_gmt":"2025-04-09T04:27:01","slug":"alena-schillerova-toxicka-kauza-dozimetr-hnuti-stan-a-pet-mrtvych","status":"publish","type":"post","link":"https:\/\/www.infokuryr.cz\/n\/2025\/04\/09\/alena-schillerova-toxicka-kauza-dozimetr-hnuti-stan-a-pet-mrtvych\/","title":{"rendered":"Alena Schillerov\u00e1: Toxick\u00e1 kauza Dozimetr, hnut\u00ed STAN a p\u011bt mrtv\u00fdch"},"content":{"rendered":"<div id=\"fb-root\"><\/div>\n<p><strong>\u201eKauza Dozimetr hnut\u00ed STAN nen\u00ed krimi seri\u00e1l, je to realita Fialovy vl\u00e1dy. Ministr Raku\u0161an vesele to\u010d\u00ed videa na soci\u00e1ln\u00ed s\u00edt\u011b, zat\u00edmco jeho spolupracovn\u00edci maj\u00ed \u0161ifrovan\u00e9 mobily za 70 tis\u00edc a\u00a0um\u00edraj\u00ed kolem nich lid\u00e9.\u201c Takto uvedl Andrej Babi\u0161 koment\u00e1\u0159 Aleny Schillerov\u00e9.<\/strong><\/p>\n<p>\u201eV\u00e1\u017een\u00ed p\u0159\u00e1tel\u00e9, v\u00a0kauze Dozimetr zem\u0159elo 5\u00a0lid\u00ed za 2 roky. Dva soudci se u\u017e pokusili z\u00a0kauzy \u201cvylou\u010dit\u201d a\u00a0s\u00e1m ministr spravedlnosti \u0159\u00edk\u00e1, \u017ee se evidentn\u011b boj\u00ed. Aby taky ne, kdy\u017e p\u011b\u0161\u00e1ci v\u00a0t\u00e9to kauze sk\u00e1\u010d\u00ed z\u00a0oken, st\u0159\u00edl\u00ed se nebo um\u00edraj\u00ed na p\u0159echodu. A\u00a0to ve frekvenci, kterou jsme od 90.\u00a0let neza\u017eili.<\/p>\n<p>Dozimetr. Tahle korup\u010dn\u00ed s\u00ed\u0165 podle vy\u0161et\u0159ovatel\u016f tahala pod veden\u00edm Michala Redla pen\u00edze ze st\u00e1tn\u00edch podnik\u016f. \u201cJ\u00e1 ti \u0159\u00edk\u00e1m, Jirko, \u017e\u00e1dn\u00fd strachy, kdy\u017e p\u0159ijdem do Prahy, m\u016f\u017eem kr\u00e1st,\u201d \u0159\u00edk\u00e1 na odposlechu v\u00a0konspira\u010dn\u00edm byt\u011b Redl volebn\u00edmu mana\u017eerovi TOP 09 Ji\u0159\u00edmu Fremrovi a\u00a0oba se t\u00edmhle odkazem na slavn\u00fd hit bav\u00ed.<\/p>\n<p>Kdy\u017e se pod\u00edv\u00e1te na web Hl\u00edda\u010de st\u00e1tu, zjist\u00edte, \u017ee TOPce pos\u00edlal pen\u00edze u\u017e Redl\u016fv otec, kamar\u00e1d Krej\u010d\u00ed\u0159ova otce Lamberta. A\u00a0nejen TOPce, ale i\u00a0ODS a\u00a0STANu. Pr\u00e1v\u011b Starostov\u00e9 jsou do Dozimetru namo\u010den\u00ed nejv\u00edc. Aby taky ne, kdy\u017e od samotn\u00e9ho vzniku v\u00a0roce 2004 jsou jejich zakladatel\u00e9 ze Zl\u00ednsk\u00e9ho kraje pevn\u011b prov\u00e1zan\u00ed s\u00a0Redlov\u00fdmi.<br \/>\nLid\u00e9 kolem Dozimetru nebyli \u017e\u00e1dn\u00e1 p\u00e1r\u00e1tka. Dob\u0159e v\u011bd\u011bli, co d\u011blaj\u00ed a\u00a0co jim za to hroz\u00ed. Pou\u017e\u00edvali proto mezi sebou \u0161ifrovan\u00e9 telefony, aby zt\u00ed\u017eili policii odposlechy. A\u00a0te\u010f si p\u0159edstavte si, \u017ee takov\u00fd Petr Gazd\u00edk a\u00a0Stanislav Pol\u010d\u00e1k ze STAN m\u011bli ty stejn\u00e9 \u0161ifrovan\u00e9 telefony jako Redl u\u017e 10 let p\u0159edt\u00edm, ne\u017e policie v\u00a0\u010dervnu 2022 spustila z\u00e1tah. Deset let, p\u0159\u00e1tel\u00e9. A\u00a0u\u00a0nich to nekon\u010d\u00ed. \u0160ifrovan\u00fd telefon m\u011bl i\u00a0dnes u\u017e odsouzen\u00fd hejtman P\u016fta a\u00a0jak ur\u010dit\u011b v\u00edte i\u00a0s\u00e1m p\u0159edseda STANu V\u00edt Raku\u0161an. Nikdo z\u00a0nich po\u0159\u00e1dn\u011b nevysv\u011btlil, kdo jim vlastn\u011b tuhle technologii plat\u00ed.<\/p>\n<p>Gazd\u00edk ode\u0161el, Pol\u010d\u00e1k m\u00e1 pozastaven\u00e9 \u010dlenstv\u00ed, ale Raku\u0161an se po\u0159\u00e1d dr\u017e\u00ed. Ten Raku\u0161an, kter\u00fd radil Gazd\u00edkovi, aby sv\u016fj telefon roz\u0161lapal, kdy\u017e se o\u00a0n\u011bj za\u010dala zaj\u00edmat policie. Ten sam\u00fd Raku\u0161an, kter\u00fd tvrdil, \u017ee sv\u016fj p\u0159\u00edstroj za cirka 70 tis\u00edc d\u00e1v\u00e1 akor\u00e1t d\u011btem na hran\u00ed.<a href=\"https:\/\/www.prvnizpravy.cz\/zpravy\/politika\/revolucni-situace-kvasi-v-ulicich-a-lidska-nespokojenost-stoupa\/\"><br \/>\n<\/a><br \/>\nMezi t\u00edm um\u00edraj\u00ed lid\u00e9. Naposledy Ond\u0159ej K\u0159ivka, kter\u00fd pom\u00e1hal vylep\u0161ovat image Petrovi Hlubu\u010dkovi, \u010dlenovi STANu a\u00a0podle vy\u0161et\u0159ovatel\u016f hlavn\u00edmu mu\u017ei pra\u017esk\u00e9 v\u011btve Dozimetru. V\u00edt Raku\u0161an mezi t\u00edm to\u010d\u00ed usm\u011bvav\u00e1 videa na soci\u00e1ln\u00ed s\u00edt\u011b a\u00a0chlub\u00ed se, \u017ee bude ve volb\u00e1ch kandidovat za St\u0159edo\u010desk\u00fd kraj. \u0158\u00edk\u00e1m si, jestli fakt nen\u00ed alespo\u0148 n\u011bkter\u00e9mu z\u00a0komparzist\u016f na jeho vide\u00edch a\u00a0fotk\u00e1ch hloup\u011b. My mezit\u00edm \u010dek\u00e1me na prvn\u00edho soudce, kter\u00fd sebere v\u00a0kauze Dozimetr odvahu.<\/p>\n<p>V\u00e1m ka\u017edop\u00e1dn\u011b hezk\u00fd v\u00edkend, p\u0159\u00e1tel\u00e9,\u201c zakon\u010dila sv\u016fj koment\u00e1\u0159 na s\u00edti facebook Alena Schillerov\u00e1.*<\/p>\n<p><i>Alena Schillerov\u00e1, facebook<\/i><\/p>\n<p>&nbsp;<\/p>\n","protected":false},"excerpt":{"rendered":"<p>\u201eKauza Dozimetr hnut\u00ed STAN nen\u00ed krimi seri\u00e1l, je to realita Fialovy vl\u00e1dy. Ministr Raku\u0161an vesele&#8230;<\/p>\n","protected":false},"author":2,"featured_media":76008,"comment_status":"closed","ping_status":"closed","sticky":false,"template":"","format":"standard","meta":[],"categories":[6],"tags":[4743,1503,207,424],"_links":{"self":[{"href":"https:\/\/www.infokuryr.cz\/n\/wp-json\/wp\/v2\/posts\/76007"}],"collection":[{"href":"https:\/\/www.infokuryr.cz\/n\/wp-json\/wp\/v2\/posts"}],"about":[{"href":"https:\/\/www.infokuryr.cz\/n\/wp-json\/wp\/v2\/types\/post"}],"author":[{"embeddable":true,"href":"https:\/\/www.infokuryr.cz\/n\/wp-json\/wp\/v2\/users\/2"}],"replies":[{"embeddable":true,"href":"https:\/\/www.infokuryr.cz\/n\/wp-json\/wp\/v2\/comments?post=76007"}],"version-history":[{"count":0,"href":"https:\/\/www.infokuryr.cz\/n\/wp-json\/wp\/v2\/posts\/76007\/revisions"}],"wp:featuredmedia":[{"embeddable":true,"href":"https:\/\/www.infokuryr.cz\/n\/wp-json\/wp\/v2\/media\/76008"}],"wp:attachment":[{"href":"https:\/\/www.infokuryr.cz\/n\/wp-json\/wp\/v2\/media?parent=76007"}],"wp:term":[{"taxonomy":"category","embeddable":true,"href":"https:\/\/www.infokuryr.cz\/n\/wp-json\/wp\/v2\/categories?post=76007"},{"taxonomy":"post_tag","embeddable":true,"href":"https:\/\/www.infokuryr.cz\/n\/wp-json\/wp\/v2\/tags?post=76007"}],"curies":[{"name":"wp","href":"https:\/\/api.w.org\/{rel}","templated":true}]}}