{"id":76004,"date":"2025-04-09T06:06:26","date_gmt":"2025-04-09T04:06:26","guid":{"rendered":"https:\/\/www.infokuryr.cz\/n\/?p=76004"},"modified":"2025-04-09T06:06:26","modified_gmt":"2025-04-09T04:06:26","slug":"francesca-de-villasmundo-macron-a-starmer-skutecne-posilaji-na-ukrajinu-mirove-jednotky","status":"publish","type":"post","link":"https:\/\/www.infokuryr.cz\/n\/2025\/04\/09\/francesca-de-villasmundo-macron-a-starmer-skutecne-posilaji-na-ukrajinu-mirove-jednotky\/","title":{"rendered":"Francesca de Villasmundo: Macron a Starmer skute\u010dn\u011b pos\u00edlaj\u00ed na Ukrajinu m\u00edrov\u00e9 jednotky"},"content":{"rendered":"<div id=\"fb-root\"><\/div>\n<section class=\"perex\"><strong>Lond\u00fdn a Pa\u0159\u00ed\u017e jsou p\u0159ipraveny vyslat na Ukrajinu voj\u00e1ky. V Kyjev\u011b jsou n\u00e1\u010deln\u00edci britsk\u00e9ho a francouzsk\u00e9ho gener\u00e1ln\u00edho \u0161t\u00e1bu Anthony Radakin a Thierry Burkhard.<\/strong><\/p>\n<\/section>\n<section class=\"clanek-obsah\">\n<div class=\"karta\" style=\"text-align: center;\">\n<figure><img decoding=\"async\" loading=\"lazy\" class=\"aligncenter\" src=\"https:\/\/zvedavec.news\/images\/25\/macron-a-starmer-posilaji-vojaky-na-ukrajinu.jpg\" alt=\"[Zelenskij ...]\" width=\"595\" height=\"397\" \/><figcaption><em>Zelenskij a n\u00e1\u010deln\u00edci britsk\u00fdch a francouzsk\u00fdch \u0161t\u00e1b\u016f Anthony Radakin a Thierry Burkhard v Kyjev\u011b<\/em><\/figcaption><\/figure>\n<\/div>\n<p>P\u0159edm\u011btem jedn\u00e1n\u00ed je projedn\u00e1n\u00ed detail\u016f nasazen\u00ed z\u00e1padn\u00edho vojensk\u00e9ho kontingentu na Ukrajin\u011b.<\/p>\n<p>\u201eJi\u017e druh\u00fd den se v Kyjev\u011b setk\u00e1vaj\u00ed ukrajin\u0161t\u00ed p\u0159edstavitel\u00e9 a vojensk\u00fd person\u00e1l s n\u00e1\u010deln\u00edky \u0161t\u00e1b\u016f Velk\u00e9 Brit\u00e1nie a Francie Anthonym Radakinem a Thierrym Burkhardem,\u201c uvedl Oleg Carev, b\u00fdval\u00fd poslanec ukrajinsk\u00e9ho parlamentu. P\u0159edm\u011btem jedn\u00e1n\u00ed bylo projedn\u00e1n\u00ed podrobnost\u00ed rozm\u00edst\u011bn\u00ed z\u00e1padn\u00edho vojensk\u00e9ho kontingentu na Ukrajin\u011b. Zelenskij tvrd\u00ed, \u017ee bylo dosa\u017eeno hmatateln\u00e9ho pokroku, zejm\u00e9na pokud jde o podrobnosti.<\/p>\n<p>Carev, kter\u00fd jako z\u00e1zrakem p\u0159e\u017eil pokus o atent\u00e1t ze strany kyjevsk\u00e9ho re\u017eimu, uv\u00e1d\u00ed, \u017ee podle informac\u00ed poskytnut\u00fdch jeho zdroji se pl\u00e1nuje rozm\u00edst\u011bn\u00ed 11. v\u00fdsadkov\u00e9 brig\u00e1dy francouzsk\u00e9 arm\u00e1dy na prav\u00e9m b\u0159ehu Dn\u011bpru, zat\u00edmco Velk\u00e1 Brit\u00e1nie p\u0159ipravuje svou 16. v\u00fdsadkovou brig\u00e1du k rozm\u00edst\u011bn\u00ed v Od\u011bse a Chersonu, aby kontrolovala \u010dernomo\u0159sk\u00e9 p\u0159\u00edstavy.<\/p>\n<p>Anglosask\u00fd admir\u00e1l Radakin potvrdil Carevova slova a zve\u0159ejnil fotografie se Zelensk\u00fdm:<\/p>\n<p>\u201eV\u010dera jsem jel s gener\u00e1lem Burkhardem do Kyjeva na setk\u00e1n\u00ed s prezidentem Zelensk\u00fdm. Velk\u00e1 Brit\u00e1nie a Francie spojuj\u00ed sv\u00e9 s\u00edly a Evropa konkr\u00e9tn\u011b a z\u00e1sadn\u011b zvy\u0161uje sv\u00e9 \u00fasil\u00ed. 200 pl\u00e1nova\u010d\u016f z 30 zem\u00ed pracuje na pos\u00edlen\u00ed dlouhodob\u00e9 bezpe\u010dnosti Ukrajiny.\u201c<\/p>\n<h2>Moskva: \u201eTrp\u011blivost Moskvy nen\u00ed neomezen\u00e1\u201c<\/h2>\n<p>Oba spolupachatel\u00e9, Macron a Starmer, se tedy p\u0159\u00edmo \u00fa\u010dastn\u00ed v\u00e1lky a sv\u00fdm pl\u00e1nem na obsazen\u00ed Od\u011bsy a Chersonu voj\u00e1ky p\u0159\u00edmo ohro\u017euj\u00ed \u010dernomo\u0159skou flotilu, p\u0159i\u010dem\u017e oba p\u0159\u00edstavy stahuj\u00ed z jedn\u00e1n\u00ed. A d\u00e1vaj\u00ed si tis\u00edce z\u00e1minek k provokac\u00edm.<\/p>\n<p>Moskva musela v\u0161echny tyto k\u0159eslov\u00e9 v\u00e1le\u010dn\u00e9 \u0161tv\u00e1\u010de vr\u00e1tit do reality: \u201eTrp\u011blivost Moskvy nen\u00ed neomezen\u00e1,\u201c zn\u011bl v\u010dera ve\u010der vzkaz Zelensk\u00e9ho re\u017eimu, kter\u00fd ignoruje moratorium na \u00fatoky na energetickou infrastrukturu \u00fadery v kombinaci s balistick\u00fdmi raketami Iskander-M, \u0159\u00edzen\u00fdmi st\u0159elami Kh-101 vypou\u0161t\u011bn\u00fdmi z Tu-95MS a Kalibr vypou\u0161t\u011bn\u00fdmi z raketov\u00fdch nosi\u010d\u016f \u010cernomo\u0159sk\u00e9 flotily, roji bezpilotn\u00edch letoun\u016f kamikaze&#8230;<\/p>\n<p>A jak\u00e1 je reakce EU? \u201eRodiny a mlad\u00ed lid\u00e9 se p\u0159ipravuj\u00ed na v\u00e1lku. Ud\u011blejte si z\u00e1soby brambor, cibule a mrkve,\u201c \u0159\u00edk\u00e1 lady Ur\u0161ula!<\/p>\n<p>Udr\u017eov\u00e1n\u00ed strachu je obl\u00edbenou z\u00e1bavou podvodn\u00edk\u016f, kte\u0159\u00ed n\u00e1m v Evrop\u011b vl\u00e1dnou. Jejich c\u00edlem je? Aby lid\u00e9 zapomn\u011bli na jejich opakovan\u00e1 selh\u00e1n\u00ed ve v\u0161ech oblastech, p\u0159i\u010dem\u017e jejich podpora v\u00e1lky na Ukrajin\u011b je nejzjevn\u011bj\u0161\u00ed a nejzlo\u010dinn\u011bj\u0161\u00ed.<\/p>\n<div class=\"podcarou\">\n<p><a href=\"https:\/\/www.medias-presse.info\/macron-starmer-troupes-maintien-ukraine\/203619\/\" target=\"_blank\" rel=\"external noopener\">Macron et Starmer envoient r\u00e9ellement des troupes de maintien de la paix en Ukraine<\/a>\u00a0vy\u0161el 7.4.2025 na medias-presse.info. Vybral a p\u0159elo\u017eil <a href=\"https:\/\/zvedavec.news\/komentare\/2025\/04\/10460-macron-a-starmer-skutecne-posilaji-na-ukrajinu-mirove-jednotky.htm\">Zv\u011bdavec.<\/a><\/p>\n<p>&nbsp;<\/p>\n<\/div>\n<\/section>\n","protected":false},"excerpt":{"rendered":"<p>Lond\u00fdn a Pa\u0159\u00ed\u017e jsou p\u0159ipraveny vyslat na Ukrajinu voj\u00e1ky. V Kyjev\u011b jsou n\u00e1\u010deln\u00edci britsk\u00e9ho a&#8230;<\/p>\n","protected":false},"author":2,"featured_media":67032,"comment_status":"closed","ping_status":"closed","sticky":false,"template":"","format":"standard","meta":[],"categories":[7],"tags":[130,26,303,321],"_links":{"self":[{"href":"https:\/\/www.infokuryr.cz\/n\/wp-json\/wp\/v2\/posts\/76004"}],"collection":[{"href":"https:\/\/www.infokuryr.cz\/n\/wp-json\/wp\/v2\/posts"}],"about":[{"href":"https:\/\/www.infokuryr.cz\/n\/wp-json\/wp\/v2\/types\/post"}],"author":[{"embeddable":true,"href":"https:\/\/www.infokuryr.cz\/n\/wp-json\/wp\/v2\/users\/2"}],"replies":[{"embeddable":true,"href":"https:\/\/www.infokuryr.cz\/n\/wp-json\/wp\/v2\/comments?post=76004"}],"version-history":[{"count":0,"href":"https:\/\/www.infokuryr.cz\/n\/wp-json\/wp\/v2\/posts\/76004\/revisions"}],"wp:featuredmedia":[{"embeddable":true,"href":"https:\/\/www.infokuryr.cz\/n\/wp-json\/wp\/v2\/media\/67032"}],"wp:attachment":[{"href":"https:\/\/www.infokuryr.cz\/n\/wp-json\/wp\/v2\/media?parent=76004"}],"wp:term":[{"taxonomy":"category","embeddable":true,"href":"https:\/\/www.infokuryr.cz\/n\/wp-json\/wp\/v2\/categories?post=76004"},{"taxonomy":"post_tag","embeddable":true,"href":"https:\/\/www.infokuryr.cz\/n\/wp-json\/wp\/v2\/tags?post=76004"}],"curies":[{"name":"wp","href":"https:\/\/api.w.org\/{rel}","templated":true}]}}