{"id":76002,"date":"2025-04-09T06:03:57","date_gmt":"2025-04-09T04:03:57","guid":{"rendered":"https:\/\/www.infokuryr.cz\/n\/?p=76002"},"modified":"2025-04-09T06:03:57","modified_gmt":"2025-04-09T04:03:57","slug":"jiri-paroubek-vi-nekdo-kdo-byl-libor-roucek","status":"publish","type":"post","link":"https:\/\/www.infokuryr.cz\/n\/2025\/04\/09\/jiri-paroubek-vi-nekdo-kdo-byl-libor-roucek\/","title":{"rendered":"Ji\u0159\u00ed Paroubek: V\u00ed n\u011bkdo, kdo byl Libor Rou\u010dek?"},"content":{"rendered":"<div id=\"fb-root\"><\/div>\n<p><strong>Libor Rou\u010dek byl do 7.4. \u010dlenem SocDem a otev\u0159en\u00fdm dopisem ozn\u00e1mil veden\u00ed t\u00e9to strany zru\u0161en\u00ed sv\u00e9ho \u010dlenstv\u00ed. Krom\u011b hezk\u00e9ho a \u010dtiv\u00e9ho \u00favodu dopisu, kde autor rekapituluje v kostce historii soci\u00e1ln\u00ed demokracie a jej\u00ed \u00falohu v \u010desk\u00e9 spole\u010dnosti od po\u010d\u00e1tku jej\u00ed existence p\u0159ed 147 lety, zvolna p\u0159ech\u00e1z\u00ed do osobn\u00ed roviny.<\/strong><\/p>\n<p style=\"font-weight: 400;\">Rou\u010dek p\u0159ipom\u00edn\u00e1 tak\u00e9 n\u011bkter\u00e9 sv\u00e9 \u017eivotn\u00ed peripetie, jako nap\u0159. to, \u017ee po emigraci z \u010ceskoslovenska mohl &#8222;v\u00a0dob\u011b kancl\u00e9\u0159stv\u00ed soci\u00e1ln\u00edho demokrata B. Kreiskyho v\u00a0Rakousku, coby nemajetn\u00fd uprchl\u00edk\u2026 \u017e\u00edt sv\u016fj \u017eivotn\u00ed sen: j\u00edt, jako \u00fapln\u011b prvn\u00ed Rou\u010dek z\u00a0rodu na univerzitu\u201c\u2026<\/p>\n<p style=\"font-weight: 400;\">V\u00a0obnoven\u00e9 \u010cSSD se Rou\u010dek, \u00a0po n\u00e1vratu z\u00a0exilu stal postupn\u011b \u2013 jak to v kostce rekapituluje \u2013 nejprve mluv\u010d\u00edm strany (1997), pot\u00e9 mluv\u010d\u00edm vl\u00e1dy, poslancem parlamentu \u010desk\u00e9ho a pozd\u011bji i evropsk\u00e9ho.<\/p>\n<p style=\"font-weight: 400;\">1.Zaor\u00e1lkovi vy\u010d\u00edt\u00e1 Rou\u010dek, \u017ee pr\u00fd to bylo jeho d\u00edlo, kdy\u017e jej v roce 2014 \u010cSSD na kandid\u00e1tce do Evropsk\u00e9ho parlamentu (EP) za\u0159adila na nevoliteln\u00e9 dev\u00e1t\u00e9 m\u00edsto. A pak sebev\u011bdom\u011b p\u00ed\u0161e: \u201estrana se tak sama vzdala mo\u017enosti ovliv\u0148ovat d\u011bn\u00ed v Evrop\u011b\u2026\u201c Pr\u00fd v\u0161e, co v Evropsk\u00e9m parlamentu pro \u010cSSD deset let budoval, p\u0159i\u0161lo vnive\u010d. Pak si ve sv\u00e9m dopise fouk\u00e1 na vlastn\u00ed beb\u00ed a mluv\u00ed cosi o podrazech, kter\u00e9 do t\u00e9 doby nikdy neza\u017eil, o malosti, z\u00e1visti, kari\u00e9rismu, kmotrovstv\u00ed, klientelismu a korupci. V z\u00e1sad\u011b je to smutn\u00e9 \u010dten\u00ed, a pobavilo mne zejm\u00e9na, \u017ee t\u00edm, \u017ee se po deseti letech sv\u00e9ho t\u00e9m\u011b\u0159 neviditeln\u00e9ho p\u016fsoben\u00ed v EP ve volb\u00e1ch do EP v roce 2014 ji\u017e nestal europoslancem, p\u0159i\u0161el pr\u00fd on i \u010cSSD o mo\u017enost, aby se L. Rou\u010dek &#8222;stal p\u0159edsedou evropsk\u00e9 soci\u00e1ln\u00ed demokracie.&#8220;<\/p>\n<p style=\"font-weight: 400;\">Skute\u010dn\u011b si nemysl\u00edm, \u017ee by na tuto \u010delnou pozici byl L. Rou\u010dek t\u00edm prav\u00fdm. Pro\u010d? Je to jednoduch\u00e9, nem\u00e1 na to.<\/p>\n<p style=\"font-weight: 400;\">Konec konc\u016f v\u00a0roce 2009 se pot\u00e9, co \u010cSSD pod m\u00fdm veden\u00edm dos\u00e1hla ve volb\u00e1ch do EP historick\u00e9ho \u00fasp\u011bchu, kdy\u017e z\u00edskala 7 mand\u00e1t\u016f oproti dv\u011bma, kter\u00e9 z\u00edskala p\u011bt let p\u0159edt\u00edm (v roce 2004 vyk\u00e1zala pouhopouh\u00fdch 8,8 % hlas\u016f voli\u010d\u016f).<\/p>\n<p style=\"font-weight: 400;\">Po volb\u00e1ch do EP v roce 2009 \u010cSSD m\u011bla d\u00edky sv\u00fdm (tehdy) vynikaj\u00edc\u00edm volebn\u00edm v\u00fdsledk\u016fm mimo\u0159\u00e1dn\u011b silnou pozici ve Stran\u011b evropsk\u00fdch socialist\u016f. Vlastn\u011b \u017e\u00e1dn\u00e1 jin\u00e1 soc.dem. strana ve volb\u00e1ch do EP v\u00a0roce 2009 nedos\u00e1hla oproti p\u0159edchoz\u00edm volb\u00e1m n\u00e1r\u016fstu o 5 mand\u00e1t\u016f. Proto jsem n\u00e1rokoval u veden\u00ed Evropsk\u00fdch socialist\u016f, aby \u010cSSD m\u011bla pozici m\u00edstop\u0159edsedy EP. Bohu\u017eel, Ji\u0159\u00ed Havel, l\u00eddr kandid\u00e1tky do EP nebyl ochoten se natrvalo us\u00eddlit v\u00a0Bruselu coby\u00a0 m\u00edstop\u0159edseda EP. Cht\u011bl z\u016fstat na Karlov\u011b univerzit\u011b. Proto se z\u00a0bo\u017e\u00edho dopu\u0161t\u011bn\u00ed stal L. Rou\u010dek m\u00edstop\u0159edsedou EP. Sledoval jsem pozorn\u011b Liborovy v\u00fdstupy v\u00a0EP v\u00a0n\u00e1sleduj\u00edc\u00edch p\u011bti letech, kdy mohl \u201eovliv\u0148ovat evropskou politiku\u201c, jak s\u00e1m \u0159\u00edk\u00e1. Neud\u011blal nic, nebo jen m\u00e1lo.<\/p>\n<p style=\"font-weight: 400;\">Sou\u010dasn\u00e9mu veden\u00ed SocDem vy\u010d\u00edt\u00e1 Rou\u010dek v\u00a0z\u00e1sad\u011b t\u0159i v\u011bci:<\/p>\n<p><strong>1<\/strong>. \u017ee chce spolupracovat \u00fazce s A. Babi\u0161em. No, pokud se SocDem dostane do p\u0159\u00ed\u0161t\u00ed sn\u011bmovny, bylo by to nanejv\u00fd\u0161 \u017e\u00e1douc\u00ed. Nebo by snad L. Rou\u010dek cht\u011bl, aby SocDem spolupracovala po volb\u00e1ch s pravic\u00ed? Tak daleko by jist\u011b ani on ve sv\u00e9 nen\u00e1visti k A. Babi\u0161ovi neza\u0161el.<\/p>\n<p><strong>2.<\/strong> Vy\u010d\u00edt\u00e1 veden\u00ed SocDem, tedy jmenovit\u011b J. Mal\u00e1\u010dov\u00e9 a L. Zaor\u00e1lkovi, \u017ee neho\u0159\u00ed nad\u0161en\u00edm pro zvy\u0161ov\u00e1n\u00ed vojensk\u00fdch v\u00fddaj\u016f. J\u00e1 dod\u00e1m, \u017ee podobn\u011b jako j\u00e1 dob\u0159e v\u011bd\u00ed, \u017ee by to bylo na \u00fakor v\u00fddaj\u016f v oblasti zdravotnictv\u00ed, bydlen\u00ed, \u0161kolstv\u00ed, d\u016fchod\u016f atd. A \u017ee pr\u00fd v\u0161echny soc.dem. strany Evropy \u201euzn\u00e1vaj\u00ed, \u017ee pod vlivem rusk\u00e9 agrese na Ukrajin\u011b a zm\u011bn\u011bn\u00e9ho geopolitick\u00e9ho prost\u0159ed\u00ed po n\u00e1stupu prezidenta Trumpa, je nutno v\u011bnovat v\u00edce prost\u0159edk\u016f na na\u0161i spole\u010dnou obranu\u201c.<\/p>\n<p style=\"font-weight: 400;\">J\u00e1 bych jenom dodal, \u017ee zem\u011b EU plus Velk\u00e1\u00a0Brit\u00e1nie maj\u00ed, pokud jde o t\u011b\u017ek\u00e9 zbran\u011b, zhruba t\u0159\u00ed a\u017e \u010dty\u0159n\u00e1sobn\u011b v\u011bt\u0161\u00ed v\u00e1le\u010dn\u00fd arzen\u00e1l, ne\u017eli Rusko. A stejn\u011b tak je to s\u00a0financemi, kter\u00e9 vyd\u00e1vaj\u00ed na svou obranu, je\u017e n\u00e1sobn\u011b p\u0159ed\u010d\u00ed vojensk\u00e9 v\u00fddaje vyd\u00e1van\u00e9 ka\u017edoro\u010dn\u011b Ruskem.<\/p>\n<p><strong>3.<\/strong>Vy\u010d\u00edt\u00e1 veden\u00ed SocDem, \u017ee jednalo o p\u0159edvolebn\u00ed spolupr\u00e1ci, s koalic\u00ed Sta\u010dilo!.\u00a0 A v\u016fbec mu nevad\u00ed, \u017ee toto jedn\u00e1n\u00ed skon\u010dilo pro doktrin\u00e1\u0159sk\u00fd p\u0159\u00edstup veden\u00ed Sta\u010dilo! \u00a0a K. Kone\u010dn\u00e9 v\u016f\u010di soci\u00e1ln\u00ed demokracii, ne\u00fasp\u011b\u0161n\u011b. Bohu\u017eel, K. Kone\u010dn\u00e1 m\u00e1 prost\u011b jin\u00e9 p\u0159edstavy o spolupr\u00e1ci na levici, ne\u017eli m\u00e1 SocDem, \u010cSSD i dal\u0161\u00ed, men\u0161\u00ed levicov\u00e9 strany. Kdy\u017e spolupr\u00e1ce s komunisty nenastala, nev\u00edm, pro\u010d Rou\u010dek veden\u00ed SocDem tento pokus o spolupr\u00e1ci vy\u010d\u00edt\u00e1.<\/p>\n<p style=\"font-weight: 400;\">Shr\u0148me to. Rou\u010dek u\u017e d\u00e1vno \u017eije n\u011bkde jinde, ne\u017eli b\u011b\u017en\u00ed voli\u010di levice. Ti ve sv\u00e9 v\u011bt\u0161in\u011b nepat\u0159\u00ed do n\u011bjak\u00e9ho levicov\u00e9ho intelektu\u00e1ln\u00edho diskusn\u00edho klubu elit\u00e1\u0159\u016f a progresivist\u016f, ale \u017eij\u00ed sv\u00e9 \u017eivoty v\u00a0\u017eivotn\u00edch podm\u00ednk\u00e1ch, kter\u00e9 se jim m\u011bn\u00ed za sou\u010dasn\u00e9 vl\u00e1dy jen a jen k\u00a0hor\u0161\u00edmu. Levicov\u00ed voli\u010di nejsou ani rusofobn\u00ed, ani netou\u017e\u00ed po v\u00e1lce v\u00a0na\u0161\u00ed bl\u00edzkosti, ani po zvy\u0161ov\u00e1n\u00ed v\u00e1le\u010dn\u00fdch v\u00fddaj\u016f a zvy\u0161ov\u00e1n\u00ed nap\u011bt\u00ed v\u00a0Evrop\u011b. Cht\u011bj\u00ed slu\u0161n\u011b a v\u00a0klidu \u017e\u00edt. L. Rou\u010dka ale pot\u0159eby oby\u010dejn\u00fdch lid\u00ed nezaj\u00edmaj\u00ed&#8230;.<\/p>\n<p><a href=\"https:\/\/vasevec.info\/domaci-politika\/vi-nekdo-kdo-byl-libor-roucek\">Ji\u0159\u00ed Paroubek<\/a><\/p>\n<p><img decoding=\"async\" loading=\"lazy\" class=\"alignnone size-medium wp-image-2342\" src=\"http:\/\/www.infokuryr.cz\/n\/wp-content\/uploads\/2021\/06\/paroubek-300x208.jpg\" alt=\"\" width=\"300\" height=\"208\" srcset=\"https:\/\/www.infokuryr.cz\/n\/wp-content\/uploads\/2021\/06\/paroubek-300x208.jpg 300w, https:\/\/www.infokuryr.cz\/n\/wp-content\/uploads\/2021\/06\/paroubek.jpg 318w\" sizes=\"(max-width: 300px) 100vw, 300px\" \/><\/p>\n<p>&nbsp;<\/p>\n","protected":false},"excerpt":{"rendered":"<p>Libor Rou\u010dek byl do 7.4. \u010dlenem SocDem a otev\u0159en\u00fdm dopisem ozn\u00e1mil veden\u00ed t\u00e9to strany zru\u0161en\u00ed&#8230;<\/p>\n","protected":false},"author":2,"featured_media":76003,"comment_status":"closed","ping_status":"closed","sticky":false,"template":"","format":"standard","meta":[],"categories":[6],"tags":[1503,8873,7200],"_links":{"self":[{"href":"https:\/\/www.infokuryr.cz\/n\/wp-json\/wp\/v2\/posts\/76002"}],"collection":[{"href":"https:\/\/www.infokuryr.cz\/n\/wp-json\/wp\/v2\/posts"}],"about":[{"href":"https:\/\/www.infokuryr.cz\/n\/wp-json\/wp\/v2\/types\/post"}],"author":[{"embeddable":true,"href":"https:\/\/www.infokuryr.cz\/n\/wp-json\/wp\/v2\/users\/2"}],"replies":[{"embeddable":true,"href":"https:\/\/www.infokuryr.cz\/n\/wp-json\/wp\/v2\/comments?post=76002"}],"version-history":[{"count":0,"href":"https:\/\/www.infokuryr.cz\/n\/wp-json\/wp\/v2\/posts\/76002\/revisions"}],"wp:featuredmedia":[{"embeddable":true,"href":"https:\/\/www.infokuryr.cz\/n\/wp-json\/wp\/v2\/media\/76003"}],"wp:attachment":[{"href":"https:\/\/www.infokuryr.cz\/n\/wp-json\/wp\/v2\/media?parent=76002"}],"wp:term":[{"taxonomy":"category","embeddable":true,"href":"https:\/\/www.infokuryr.cz\/n\/wp-json\/wp\/v2\/categories?post=76002"},{"taxonomy":"post_tag","embeddable":true,"href":"https:\/\/www.infokuryr.cz\/n\/wp-json\/wp\/v2\/tags?post=76002"}],"curies":[{"name":"wp","href":"https:\/\/api.w.org\/{rel}","templated":true}]}}