{"id":75995,"date":"2025-04-09T00:34:28","date_gmt":"2025-04-08T22:34:28","guid":{"rendered":"https:\/\/www.infokuryr.cz\/n\/?p=75995"},"modified":"2025-04-08T18:07:17","modified_gmt":"2025-04-08T16:07:17","slug":"miroslav-petr-mame-se-bat-ruska","status":"publish","type":"post","link":"https:\/\/www.infokuryr.cz\/n\/2025\/04\/09\/miroslav-petr-mame-se-bat-ruska\/","title":{"rendered":"Miroslav Petr: M\u00e1me se b\u00e1t Ruska?"},"content":{"rendered":"<div id=\"fb-root\"><\/div>\n<p><strong>Poslanec Zaor\u00e1lek v televizi dok\u00e1zal, \u017ee jde jen a jen o divadlo a zbyte\u010dn\u00e9 stra\u0161en\u00ed, aby se mohlo zbrojit proti zl\u00e9mu Rusku. Skute\u010dn\u00e9 nebezpe\u010d\u00ed je invaze muslimsk\u00fdch migrant\u016f, z\u00e1kaz doslova v\u0161eho z Brusele, Green Deal, Ziskovky ve \u0161kol\u00e1ch propaguj\u00edc\u00ed LGBT a 99 pohlav\u00ed, atd.<\/strong><\/p>\n<div class=\"body apply-styles\" lang=\"cs\">\n<p>&#8222;Kde je ta hrozba? Rusko se bude z t\u00e9hle v\u00e1lky vzpamatov\u00e1vat je\u0161t\u011b l\u00e9ta. Neposlouch\u00e1m nic jin\u00e9ho ne\u017e &#8222;jsme u toho, podporujeme&#8230;&#8220; a podobn\u011b. To u\u017e byl \u010dtvrt\u00fd summit, dva byly v Pa\u0159\u00ed\u017ei, jeden v Lond\u00fdn\u011b, te\u010f m\u00e1me evropsk\u00fd summit. V\u017edy\u0165 se to u\u017e v\u016fbec ned\u00e1 poslouchat. O \u010dem tady mluv\u00edme? O jak\u00e9m p\u0159ezbrojov\u00e1n\u00ed? O jak\u00e9m znovuvyzbrojov\u00e1n\u00ed tady mluv\u00edme? M\u011b zaj\u00edmaj\u00ed \u010d\u00edsla. Existuje n\u011bco jako Stockholmsk\u00fd institut, kde si najdete v\u0161echna \u010d\u00edsla, kter\u00e1 stoj\u00ed &#8211; jak vypad\u00e1 Rusko, jak vypadaj\u00ed st\u00e1ty NATO. \u010c\u00edsla jsou takov\u00e1, \u017ee Evropa m\u00e1 4 060 tank\u016f, Rusko 2 000. V d\u011blost\u0159eleck\u00fdch syst\u00e9mech m\u00e1me my Evropan\u00e9 12 454, Rusov\u00e9 5 000. Pokud jde o voj\u00e1ky, \u0159\u00edk\u00e1m \u010d\u00edsla zcela nezpochybniteln\u00e1 &#8211; 5,5 milionu cel\u00e1 Evropa, 3,2 milionu Rusko s rezervisty a podobn\u011b. Kdy\u017e se pod\u00edv\u00e1te na \u010d\u00edsla tohoto institutu, tak zjist\u00edte, \u017ee NATO 11 let neust\u00e1le zvy\u0161uje sv\u00e9 rozpo\u010dty. Dnes d\u00e1v\u00e1me 320 miliard Euro a Rusko d\u00e1v\u00e1 109 miliard. Co to jsou za \u0159e\u010di o tom, \u017ee se tu nic ned\u011blo? Tady se masivn\u011b zbrojilo. A j\u00e1 v\u00e1m te\u010f uvedu tis\u00edc \u010d\u00edsel: v\u017edy\u0165 Polsko v roce 2023 zv\u00fd\u0161ilo rozpo\u010det o 75%, daleko v\u00edc ne\u017e Rusko. Tady m\u00e1me ocelov\u00e9ho dikobraza u\u017e dnes. A te\u010f p\u0159ijde tohle PR cvi\u010den\u00ed pan\u00ed Ursuly von den Leyen, kter\u00e1 \u0159\u00edk\u00e1, \u017ee budeme vyr\u00e1b\u011bt znovu toho dikobraza. Do toho p\u0159ijde \u010desk\u00fd premi\u00e9r, n\u00e1\u0161 limon\u00e1dov\u00fd Joe, kter\u00fd \u0159ekne &#8211; zbran\u011b na st\u016fl! To u\u017e je \u00fapln\u011b komick\u00e1 figura!&#8220;<\/p>\n<p>Soudru\u017eka Ji\u0159inka Posp\u00ed\u0161ilov\u00e1 bude m\u00e1mou, pardon, t\u00e1tou. Dnes je hrdost\u00ed b\u00fdt buz&#8230;ant. Donald u\u017e to zakazuje. Kter\u00fd politik najde odvahu to kop\u00edrovat od Donalda? Pardon, zapomn\u011bl jsem na Orb\u00e1na.<\/p>\n<p>N\u011bmeck\u00e1 policie m\u00e1 elektromobily, kter\u00e9 se velmi rychle vyb\u00edj\u00ed. Policie mus\u00ed \u010dekat na nabit\u00ed auta, i kdy\u017e bylo p\u0159es noc nab\u00edjeno. A p\u0159itom policist\u00e9 \u010dekaj\u00ed v aut\u011b a bezmocn\u011b poslouchaj\u00ed pomoc z vys\u00edla\u010dky. Auta jsou prosazov\u00e1ny i u z\u00e1chranky. Bude se to t\u00fdkat i hasi\u010d\u016f a arm\u00e1dy? V n\u011bmeck\u00e9 \u00fastav\u011b je zakotvena uhl\u00edkov\u00e1 nula.<\/p>\n<p>Dle \u0158itky m\u00e1 75% \/!\/ podd\u016fstojn\u00edk\u016f probl\u00e9m vyj\u00edt s pen\u011bzi. Agent Pepa a jeho \u017eena \u0161li na vojnu kv\u016fli tomu, \u017ee tam m\u011bli zdarma byt, oble\u010den\u00ed a j\u00eddlo. T\u00fdk\u00e1 se to i t\u011bchto podd\u016fstojn\u00edk\u016f. Odchod voj\u00e1k\u016f nen\u00ed kv\u016fli pen\u011bz\u016fm ale kv\u016fli tomu, \u017ee budou muset j\u00edt na jistou smrt do v\u00e1lky proti &#8222;zl\u00e9mu&#8220; Rusku. S tempem, jak\u00fdm Putin postupuje, by se do \u010cR dostal tak za pades\u00e1t rok\u016f.<\/p>\n<p>Trump vy\u017eaduje ve volb\u00e1ch doklady o ob\u010danstv\u00ed. Zl\u00fd Donald nedovol\u00ed opic\u00edm volit.<\/p>\n<p>Slovensko bude ru\u0161it Ziskovky. \u00daspory budou v miliard\u00e1ch.\u00a0 Budou se po volb\u00e1ch ru\u0161it Ziskovky i u n\u00e1s ?<\/p>\n<p>24 st\u00e1t\u016f USA je proti chemtrails. Kennedy uva\u017euje o z\u00e1kazu s mnohalet\u00fdm v\u011bzen\u00edm. Najde se v Evrop\u011b tak\u00e9 odv\u00e1\u017en\u00fd politik, kter\u00fd chemtrails zak\u00e1\u017ee pod p\u0159\u00edsn\u00fdm trestem?<\/p>\n<p>Na\u0159\u00edzen\u00ed EU: \u0158idi\u010d\u00e1k bude platit jen patn\u00e1ct let. Digit\u00e1ln\u00ed \u0158P bude zaveden do roku 2030. Velk\u00fd bratr v\u00e1m ned\u00e1 pokoj.<\/p>\n<p>T\u0159etina majitel\u016f elektroaut v Nizozem\u00ed se vr\u00e1t\u00ed ke klasick\u00fdm aut\u016fm. Je to marn\u00e9, trh si porou\u010d\u00ed. Z\u00e1kazn\u00edkovi nevnut\u00edte ani zadarmo to, co nechce!<\/p>\n<p>EU vyz\u00fdv\u00e1 v\u0161echny evropsk\u00e9 zem\u011b, aby se p\u0159ipojily do m\u00edrov\u00e9ho \/?\/ projektu- &#8222;ochotn\u00ed&#8220;.<\/p>\n<p>Z N\u011bmecka odch\u00e1z\u00ed firmy kv\u016fli drah\u00e9 energii. Evropa se \u0159\u00edt\u00ed do skute\u010dn\u00e9 chudoby a zaostalosti.<\/p>\n<p>D\u00e1nsk\u00fd politik lituje, \u017ee koupil americk\u00e9 st\u00edha\u010dky F35 a varuje spojence. Co na to star\u00e1 \u010cerno\u0161ka?<\/p>\n<p>Ve \u0160v\u00e9dsku je 40% imigrant\u016f.<\/p>\n<p>Britsk\u00e1 \u0161kola ru\u0161\u00ed velikono\u010dn\u00ed oslavy. M\u00edsto toho organizuje &#8222;t\u00fdden s uprchl\u00edky&#8220;. N\u00e1s to teprve \u010dek\u00e1 d\u00edky mafi\u00e1novu podpisu.<\/p>\n<p>Irsk\u00fd kandid\u00e1t na prezidenta bude obvin\u011bn ze \u0161\u00ed\u0159en\u00ed nen\u00e1visti.<\/p>\n<p>Belgie pl\u00e1nuje povinnou digit\u00e1ln\u00ed identitu pro p\u0159\u00edstup na soci\u00e1ln\u00ed s\u00edt\u011b.<\/p>\n<p>Zelen\u00e1\u010d zak\u00e1zal jeden\u00e1ct \/!\/ politick\u00fdch stran jako spr\u00e1vn\u00fd dikt\u00e1tor. Opozi\u010dn\u00ed politici jsou v\u011bzn\u011bni a mu\u010deni na rozkaz tohoto narkomana. V televizi v\u00e1m to ne\u0159eknou. Pr\u00fd u n\u00e1s nen\u00ed cenzura.<\/p>\n<p>USA ru\u0161\u00ed pr\u00e1vn\u00ed ochranu 500 000 imigrant\u016f z Latinsk\u00e9 Ameriky. Maj\u00ed m\u011bs\u00edc na opu\u0161t\u011bn\u00ed USA. Volebn\u00ed v\u00fdsledky u n\u00e1s uk\u00e1\u017eou, kolik voli\u010d\u016f si p\u0159eje zv\u00fd\u0161en\u00ed kriminality, p\u0159epad\u00e1v\u00e1n\u00ed \u017een a \u0159ez\u00e1n\u00ed hlav mu\u017e\u016fm.<\/p>\n<p>&#8222;V\u0161ichni ti, kte\u0159\u00ed t\u011b\u017e\u00ed z v\u00e1lky a p\u0159isp\u00edvaj\u00ed k jej\u00edmu vzniku, by m\u011bli b\u00fdt zast\u0159eleni hned prvn\u00ed den ob\u010dany sv\u00e9 zem\u011b.&#8220; Eh\u00e9min Gway.<\/p>\n<p>Provl\u00e1dn\u00ed d\u017eih\u00e1dist\u00e9 prov\u00e1d\u00ed srbskou genocidu. Vyrvali srdce je\u0161t\u011b \u017eiv\u00e9ho mu\u017ee a jedli ho p\u0159ed kamerou.<\/p>\n<p>Vl\u00e1da USA vyz\u00fdv\u00e1 Evropu k zastaven\u00ed cenzury. Pro\u010d ml\u010d\u00ed presstituti?<\/p>\n<p><a href=\"https:\/\/www.czechfreepress.cz\/dalsi-blogy\/mame-se-bat-ruska.html\">Miroslav Petr<\/a><\/p>\n<p>&nbsp;<\/p>\n<\/div>\n","protected":false},"excerpt":{"rendered":"<p>Poslanec Zaor\u00e1lek v televizi dok\u00e1zal, \u017ee jde jen a jen o divadlo a zbyte\u010dn\u00e9 stra\u0161en\u00ed,&#8230;<\/p>\n","protected":false},"author":2,"featured_media":68104,"comment_status":"closed","ping_status":"closed","sticky":false,"template":"","format":"standard","meta":[],"categories":[6],"tags":[283,1503,39,122,22],"_links":{"self":[{"href":"https:\/\/www.infokuryr.cz\/n\/wp-json\/wp\/v2\/posts\/75995"}],"collection":[{"href":"https:\/\/www.infokuryr.cz\/n\/wp-json\/wp\/v2\/posts"}],"about":[{"href":"https:\/\/www.infokuryr.cz\/n\/wp-json\/wp\/v2\/types\/post"}],"author":[{"embeddable":true,"href":"https:\/\/www.infokuryr.cz\/n\/wp-json\/wp\/v2\/users\/2"}],"replies":[{"embeddable":true,"href":"https:\/\/www.infokuryr.cz\/n\/wp-json\/wp\/v2\/comments?post=75995"}],"version-history":[{"count":1,"href":"https:\/\/www.infokuryr.cz\/n\/wp-json\/wp\/v2\/posts\/75995\/revisions"}],"predecessor-version":[{"id":75996,"href":"https:\/\/www.infokuryr.cz\/n\/wp-json\/wp\/v2\/posts\/75995\/revisions\/75996"}],"wp:featuredmedia":[{"embeddable":true,"href":"https:\/\/www.infokuryr.cz\/n\/wp-json\/wp\/v2\/media\/68104"}],"wp:attachment":[{"href":"https:\/\/www.infokuryr.cz\/n\/wp-json\/wp\/v2\/media?parent=75995"}],"wp:term":[{"taxonomy":"category","embeddable":true,"href":"https:\/\/www.infokuryr.cz\/n\/wp-json\/wp\/v2\/categories?post=75995"},{"taxonomy":"post_tag","embeddable":true,"href":"https:\/\/www.infokuryr.cz\/n\/wp-json\/wp\/v2\/tags?post=75995"}],"curies":[{"name":"wp","href":"https:\/\/api.w.org\/{rel}","templated":true}]}}