{"id":75960,"date":"2025-04-09T00:24:56","date_gmt":"2025-04-08T22:24:56","guid":{"rendered":"https:\/\/www.infokuryr.cz\/n\/?p=75960"},"modified":"2025-04-08T16:55:13","modified_gmt":"2025-04-08T14:55:13","slug":"polsko-jamajcan-zatcen-za-brutalni-pobodani-nahodneho-mistniho-obcana","status":"publish","type":"post","link":"https:\/\/www.infokuryr.cz\/n\/2025\/04\/09\/polsko-jamajcan-zatcen-za-brutalni-pobodani-nahodneho-mistniho-obcana\/","title":{"rendered":"Polsko: Jamaj\u010dan zat\u010den za brut\u00e1ln\u00ed pobod\u00e1n\u00ed n\u00e1hodn\u00e9ho m\u00edstn\u00edho ob\u010dana"},"content":{"rendered":"<div id=\"fb-root\"><\/div>\n<h3 class=\"s-tagline fw-tagline\"><span>Pobod\u00e1n\u00ed je v Evrop\u011b a\u017e p\u0159\u00edli\u0161 b\u011b\u017en\u00e9 a tento trend \u00fazce souvis\u00ed s migrac\u00ed<\/span><\/h3>\n<p><span>Policie v centru Var\u0161avy zadr\u017eela 50let\u00e9ho ob\u010dana Jamajky, kter\u00fd koncem b\u0159ezna na n\u00e1m\u011bst\u00ed Bankowy ve Var\u0161av\u011b za\u00fato\u010dil no\u017eem na n\u00e1hodn\u00e9ho 27let\u00e9ho mlad\u00edka. Podle\u00a0<\/span><a href=\"https:\/\/www.salon24.pl\/newsroom\/1436879,nozownik-z-placu-bankowego-w-rekach-policji-to-imigrant-z-dalekiego-kraju\"><span>Salon24<\/span><\/a><span>\u00a0k incidentu do\u0161lo po h\u00e1dce v tramvaji, kter\u00e1 na zast\u00e1vce p\u0159erostla ve fyzickou konfrontaci.<\/span><\/p>\n<p><span>Pachatel \u00fadajn\u011b &#8222;n\u011bkolikr\u00e1t bodl 27let\u00e9ho polsk\u00e9ho ob\u010dana. Zran\u011bn\u00fd mu\u017e byl s v\u00e1\u017en\u00fdmi zran\u011bn\u00edmi p\u0159evezen do nemocnice,&#8220; \u0159ekl RMF FM policejn\u00ed mluv\u010d\u00ed Jakub Pacyniak s t\u00edm, \u017ee zran\u011bn\u00ed hrudn\u00edku ho uvedlo do kritick\u00e9ho stavu.\u00a0<\/span><\/p>\n<p><span>\u00dato\u010dn\u00edk z m\u00edsta utekl, policie ho ale identifikovala d\u00edky z\u00e1b\u011br\u016fm z pouli\u010dn\u00edho dohledu a z\u00e1znam\u016fm tramvaj\u00ed. Byl vzat do vazby na dobu t\u0159\u00ed m\u011bs\u00edc\u016f, ale v p\u0159\u00edpad\u011b prok\u00e1z\u00e1n\u00ed viny mu hroz\u00ed a\u017e 20 let v\u011bzen\u00ed.\u00a0\u00a0<\/span><\/p>\n<p><span>Loni v listopadu byli v centru Var\u0161avy zat\u010deni \u010dty\u0159i ture\u010dt\u00ed st\u00e1tn\u00ed p\u0159\u00edslu\u0161n\u00edci v souvislosti s pobod\u00e1n\u00edm. Hlavn\u00ed podez\u0159el\u00fd byl obvin\u011bn z pokusu o t\u011b\u017ek\u00e9 ubl\u00ed\u017een\u00ed na zdrav\u00ed, dr\u017een\u00ed drog a \u0159\u00edzen\u00ed pod vlivem drog, zat\u00edmco dal\u0161\u00ed byl v Polsku neleg\u00e1ln\u011b.<\/span><\/p>\n<p><span>Evropa se stala ob\u011bt\u00ed bodav\u00e9ho \u0159\u00e1d\u011bn\u00ed, p\u0159i\u010dem\u017e ud\u00e1losti ve zpravodajsk\u00fdch cyklech jsou t\u00e9m\u011b\u0159 normou. Jen za posledn\u00ed dva m\u011bs\u00edce Remix News informoval o incidentech ve\u00a0<\/span><a href=\"https:\/\/rmx.news\/article\/france-african-migrant-on-trial-for-stabbing-female-colleague-17-times-with-butchers-knife\/\"><span>Francii<\/span><\/a><span>\u00a0,\u00a0<\/span><a href=\"https:\/\/rmx.news\/article\/moroccan-arrested-in-the-netherlands-for-stabbing-of-11-year-old-girl-in-broad-daylight\/\"><span>Nizozemsku<\/span><\/a><span>\u00a0a\u00a0<\/span><a href=\"https:\/\/rmx.news\/article\/five-north-africans-wanted-for-stabbing-of-italian-teen-in-milan\/\"><span>It\u00e1lii<\/span><\/a><span>\u00a0. A to jsou jen t\u0159i p\u0159\u00edklady. Pozoruhodn\u00e9 je, \u017ee ve v\u0161ech t\u0159ech t\u011bchto p\u0159\u00edb\u011bz\u00edch a v naprost\u00e9 v\u011bt\u0161in\u011b dal\u0161\u00edch jsou pachateli v\u0161ichni migranti.<\/span><\/p>\n<p><span>Nejot\u0159esn\u011bj\u0161\u00ed ned\u00e1vn\u00e9 pobod\u00e1n\u00ed se t\u00fdkalo Afgh\u00e1nce, kter\u00fd za\u00fato\u010dil na skupinu d\u011bt\u00ed z mate\u0159sk\u00e9 \u0161kolky v N\u011bmecku a zanechal po sob\u011b dva mrtv\u00e9, v\u010detn\u011b dvoulet\u00e9ho chlapce.<\/span><\/p>\n<p><span>Vzhledem k tomu, \u017ee n\u00e1siln\u00e1 kriminalita, v\u010detn\u011b \u00fatok\u016f no\u017eem, dos\u00e1hla\u00a0<\/span><a href=\"https:\/\/rmx.news\/article\/violent-crime-reaches-record-high-in-germany-foreigners-responsible-for-this-much-of-it\/\"><span>v N\u011bmecku rekordn\u00edho maxima pro rok 2024<\/span><\/a><span>\u00a0, mus\u00ed \u00fa\u0159edn\u00edci p\u0159iznat tvrdou pravdu. Data jasn\u011b ukazuj\u00ed, \u017ee 39 procent p\u0159\u00edpad\u016f se t\u00fdk\u00e1 podez\u0159el\u00fdch jin\u00fdch ne\u017e N\u011bmc\u016f, co\u017e je skok o v\u00edce ne\u017e 7 procent oproti roku 2023. Celkov\u011b jsou migranti zodpov\u011bdn\u00ed za p\u0159ibli\u017en\u011b 44 procent v\u0161ech n\u00e1siln\u00fdch trestn\u00fdch \u010din\u016f v N\u011bmecku.<\/span><\/p>\n<p><span>N\u011bmeck\u00e1 ministryn\u011b vnitra Nancy Faeserov\u00e1 p\u0159ipustila, \u017ee migrace je faktor, kter\u00fd je t\u0159eba \u0159e\u0161it. &#8222;Mus\u00edme o tom mluvit &#8211; bez ostychu, ale tak\u00e9 bez z\u00e1\u0161ti. Pokud nedodr\u017eujete pravidla, mus\u00edte odej\u00edt,&#8220; \u0159ekla minul\u00fd t\u00fdden.<\/span><\/p>\n<p><span>Navzdory tomu, \u017ee slibovala dal\u0161\u00ed deportace, jej\u00ed p\u016fsoben\u00ed ve funkci ministryn\u011b vnitra nezaznamenalo na t\u00e9to front\u011b prakticky \u017e\u00e1dnou akci. Ve skute\u010dnosti jsou cel\u00e9 zem\u011b jako Afgh\u00e1nist\u00e1n t\u00e9m\u011b\u0159 zcela osvobozeny od procesu deportace.<\/span><\/p>\n<p><img decoding=\"async\" loading=\"lazy\" class=\"alignnone size-full wp-image-71983\" src=\"http:\/\/www.infokuryr.cz\/n\/wp-content\/uploads\/2025\/02\/aaa.jpg\" alt=\"\" width=\"89\" height=\"23\" \/><\/p>\n<p>&nbsp;<\/p>\n","protected":false},"excerpt":{"rendered":"<p>Pobod\u00e1n\u00ed je v Evrop\u011b a\u017e p\u0159\u00edli\u0161 b\u011b\u017en\u00e9 a tento trend \u00fazce souvis\u00ed s migrac\u00ed Policie&#8230;<\/p>\n","protected":false},"author":2,"featured_media":75961,"comment_status":"closed","ping_status":"closed","sticky":false,"template":"","format":"standard","meta":[],"categories":[7],"tags":[551,369,6742,31],"_links":{"self":[{"href":"https:\/\/www.infokuryr.cz\/n\/wp-json\/wp\/v2\/posts\/75960"}],"collection":[{"href":"https:\/\/www.infokuryr.cz\/n\/wp-json\/wp\/v2\/posts"}],"about":[{"href":"https:\/\/www.infokuryr.cz\/n\/wp-json\/wp\/v2\/types\/post"}],"author":[{"embeddable":true,"href":"https:\/\/www.infokuryr.cz\/n\/wp-json\/wp\/v2\/users\/2"}],"replies":[{"embeddable":true,"href":"https:\/\/www.infokuryr.cz\/n\/wp-json\/wp\/v2\/comments?post=75960"}],"version-history":[{"count":0,"href":"https:\/\/www.infokuryr.cz\/n\/wp-json\/wp\/v2\/posts\/75960\/revisions"}],"wp:featuredmedia":[{"embeddable":true,"href":"https:\/\/www.infokuryr.cz\/n\/wp-json\/wp\/v2\/media\/75961"}],"wp:attachment":[{"href":"https:\/\/www.infokuryr.cz\/n\/wp-json\/wp\/v2\/media?parent=75960"}],"wp:term":[{"taxonomy":"category","embeddable":true,"href":"https:\/\/www.infokuryr.cz\/n\/wp-json\/wp\/v2\/categories?post=75960"},{"taxonomy":"post_tag","embeddable":true,"href":"https:\/\/www.infokuryr.cz\/n\/wp-json\/wp\/v2\/tags?post=75960"}],"curies":[{"name":"wp","href":"https:\/\/api.w.org\/{rel}","templated":true}]}}