{"id":75958,"date":"2025-04-09T00:23:22","date_gmt":"2025-04-08T22:23:22","guid":{"rendered":"https:\/\/www.infokuryr.cz\/n\/?p=75958"},"modified":"2025-04-08T16:52:28","modified_gmt":"2025-04-08T14:52:28","slug":"nemci-se-stale-vice-boji-vychazet-ven-vetsina-se-domniva-ze-policie-ztratila-kontrolu","status":"publish","type":"post","link":"https:\/\/www.infokuryr.cz\/n\/2025\/04\/09\/nemci-se-stale-vice-boji-vychazet-ven-vetsina-se-domniva-ze-policie-ztratila-kontrolu\/","title":{"rendered":"N\u011bmci se st\u00e1le v\u00edce boj\u00ed vych\u00e1zet ven, v\u011bt\u0161ina se domn\u00edv\u00e1, \u017ee policie \u201eztratila kontrolu\u201c"},"content":{"rendered":"<div id=\"fb-root\"><\/div>\n<h3 class=\"s-tagline fw-tagline\"><span>N\u011bmci jsou s ka\u017ed\u00fdm p\u0159ib\u00fdvaj\u00edc\u00edm rokem v\u00edce boj\u00e1cn\u00ed<\/span><\/h3>\n<p><span>Minul\u00fd t\u00fdden byly zve\u0159ejn\u011bny statistiky krimin\u00e1ln\u00ed policie za rok 2024, kter\u00e9 uk\u00e1zaly, \u017ee nejen n\u00e1siln\u00e1 kriminalita dos\u00e1hla v N\u011bmecku rekordn\u00edch v\u00fd\u0161in, ale \u017ee rekordn\u00ed pod\u00edl na t\u00e9to n\u00e1siln\u00e9 trestn\u00e9 \u010dinnosti maj\u00ed cizinci. Ot\u00e1zkou v\u0161ak nyn\u00ed je, jak se c\u00edt\u00ed N\u011bmci z hlediska bezpe\u010dnosti?<\/span><\/p>\n<p><span>Nov\u00fd pr\u016fzkum, kter\u00fd zadal Bild\u00a0<\/span><a href=\"https:\/\/www.bild.de\/politik\/inland\/anstieg-bei-gewalt-und-kriminalitaet-immer-mehr-deutsche-haben-draussen-angst-67f1a41234eeb05559bcfa01\"><span>a provedla Insa<\/span><\/a><span>\u00a0, ukazuje, \u017ee N\u011bmci se ve sv\u00e9 zemi c\u00edt\u00ed st\u00e1le nebezpe\u010dn\u011bji. Ve skute\u010dnosti v\u011bt\u0161ina z nich nyn\u00ed v\u011b\u0159\u00ed, \u017ee policie ztratila kontrolu, co\u017e sleduje se st\u00e1le klesaj\u00edc\u00edm pocitem bezpe\u010d\u00ed v posledn\u00edch letech.<\/span><\/p>\n<p><span>Nyn\u00ed 47 procent respondent\u016f uvedlo, \u017ee jejich pocit bezpe\u010d\u00ed na ve\u0159ejn\u00fdch prostranstv\u00edch a v ulic\u00edch za posledn\u00edch p\u011bt let poklesl. Pouze 23 procent tvrd\u00ed, \u017ee se N\u011bmecko c\u00edt\u00ed bezpe\u010dn\u011bji, zat\u00edmco 27 \u200b\u200bprocent nevn\u00edm\u00e1 \u017e\u00e1dnou zm\u011bnu.<\/span><\/p>\n<p><span>Pr\u016fzkum tak\u00e9 ukazuje, \u017ee 55 procent v\u011b\u0159\u00ed, \u017ee policie ztratila kontrolu, zat\u00edmco pouze 39 procent v\u011b\u0159\u00ed, \u017ee policie je schopna zajistit bezpe\u010dnost v N\u011bmecku.<\/span><\/p>\n<p><span>T\u0159icet procent dot\u00e1zan\u00fdch uvedlo, \u017ee se oni, p\u0159\u00edtel nebo \u010dlen rodiny stali ob\u011bt\u00ed trestn\u00e9ho \u010dinu.<\/span><\/p>\n<p><span>Pozoruhodn\u00e9 je, \u017ee voli\u010di stran CDU\/CSU, kte\u0159\u00ed jsou sp\u00ed\u0161e star\u0161\u00edmi N\u011bmci, m\u011bli mnohem ni\u017e\u0161\u00ed m\u00edru pov\u011bdom\u00ed o tom, \u017ee jsou ob\u011b\u0165mi, nebo znali n\u011bkoho, kdo se stal ob\u011bt\u00ed trestn\u00e9ho \u010dinu. U Levicov\u00e9 strany, kter\u00e1 m\u00e1 tendenci zahrnovat mnohem v\u00edce m\u011bstsk\u00fdch a mlad\u00fdch voli\u010d\u016f, 43 procent uvedlo, \u017ee se bu\u010f stali ob\u011bt\u00ed trestn\u00e9ho \u010dinu, nebo znaj\u00ed n\u011bkoho, kdo se stal ob\u011bt\u00ed trestn\u00e9ho \u010dinu.<\/span><\/p>\n<p><span>To by mohlo znamenat, \u017ee navzdory tomu, \u017ee mnoho n\u011bmeck\u00fdch m\u011bstsk\u00fdch mlad\u00fdch lid\u00ed je v\u00edce vystaveno zlo\u010dinu, zejm\u00e9na kv\u016fli jejich zv\u00fd\u0161en\u00fdm interakc\u00edm s cizinci, kte\u0159\u00ed tak\u00e9 b\u00fdvaj\u00ed mlad\u0161\u00ed, nemus\u00ed je to nutn\u011b v\u00e9st k tomu, aby volili pravicov\u00e9 strany.<\/span><\/p>\n<p><span>V roce 2018 uvedlo 28 procent respondent\u016f: \u201eBoj\u00edm se, \u017ee se stanu ob\u011bt\u00ed trestn\u00e9ho \u010dinu.\u201c Nyn\u00ed podle Insa 38 procent \u0159\u00edk\u00e1, \u017ee se toho boj\u00ed nebo velmi boj\u00ed. Pouze 23 procent odpov\u011bd\u011blo ano.<\/span><\/p>\n<p><span>Podobn\u00e9 pr\u016fzkumy do\u0161ly k podobn\u00fdm v\u00fdsledk\u016fm, v\u010detn\u011b pr\u016fzkumu ARD Deutschlandtrend proveden\u00e9ho v \u010dervenci 2024, kter\u00fd zjistil, \u017ee 40 procent se v N\u011bmecku c\u00edt\u00ed nebezpe\u010dn\u011b nebo velmi nebezpe\u010dn\u011b. V roce 2017 to uvedlo pouze 25 procent.<\/span><\/p>\n<p><span>Pro data se Insa 3. a 4. dubna 2025 dot\u00e1zala 1 004 ob\u010dan\u016f.<\/span><\/p>\n<p><span>\u00dadaje zve\u0159ejn\u011bn\u00e9 minul\u00fd t\u00fdden odhaluj\u00ed, \u017ee vzr\u016fstaj\u00edc\u00ed strach N\u011bmc\u016f p\u0159\u00edmo souvis\u00ed s realitou, p\u0159i\u010dem\u017e vra\u017edy a n\u00e1siln\u00e9 zlo\u010diny dosahuj\u00ed rekordn\u00edch v\u00fd\u0161in, p\u0159i\u010dem\u017e n\u00e1r\u016fst je zp\u016fsoben neuv\u011b\u0159iteln\u00fdm mno\u017estv\u00edm n\u00e1sil\u00ed poch\u00e1zej\u00edc\u00edho ze strany cizinc\u016f v zemi.<\/span><\/p>\n<p><img decoding=\"async\" loading=\"lazy\" class=\"alignnone size-full wp-image-71983\" src=\"http:\/\/www.infokuryr.cz\/n\/wp-content\/uploads\/2025\/02\/aaa.jpg\" alt=\"\" width=\"89\" height=\"23\" \/><\/p>\n<p>&nbsp;<\/p>\n","protected":false},"excerpt":{"rendered":"<p>N\u011bmci jsou s ka\u017ed\u00fdm p\u0159ib\u00fdvaj\u00edc\u00edm rokem v\u00edce boj\u00e1cn\u00ed Minul\u00fd t\u00fdden byly zve\u0159ejn\u011bny statistiky krimin\u00e1ln\u00ed policie&#8230;<\/p>\n","protected":false},"author":2,"featured_media":75959,"comment_status":"closed","ping_status":"closed","sticky":false,"template":"","format":"standard","meta":[],"categories":[7],"tags":[369,239,429,86,925],"_links":{"self":[{"href":"https:\/\/www.infokuryr.cz\/n\/wp-json\/wp\/v2\/posts\/75958"}],"collection":[{"href":"https:\/\/www.infokuryr.cz\/n\/wp-json\/wp\/v2\/posts"}],"about":[{"href":"https:\/\/www.infokuryr.cz\/n\/wp-json\/wp\/v2\/types\/post"}],"author":[{"embeddable":true,"href":"https:\/\/www.infokuryr.cz\/n\/wp-json\/wp\/v2\/users\/2"}],"replies":[{"embeddable":true,"href":"https:\/\/www.infokuryr.cz\/n\/wp-json\/wp\/v2\/comments?post=75958"}],"version-history":[{"count":0,"href":"https:\/\/www.infokuryr.cz\/n\/wp-json\/wp\/v2\/posts\/75958\/revisions"}],"wp:featuredmedia":[{"embeddable":true,"href":"https:\/\/www.infokuryr.cz\/n\/wp-json\/wp\/v2\/media\/75959"}],"wp:attachment":[{"href":"https:\/\/www.infokuryr.cz\/n\/wp-json\/wp\/v2\/media?parent=75958"}],"wp:term":[{"taxonomy":"category","embeddable":true,"href":"https:\/\/www.infokuryr.cz\/n\/wp-json\/wp\/v2\/categories?post=75958"},{"taxonomy":"post_tag","embeddable":true,"href":"https:\/\/www.infokuryr.cz\/n\/wp-json\/wp\/v2\/tags?post=75958"}],"curies":[{"name":"wp","href":"https:\/\/api.w.org\/{rel}","templated":true}]}}