{"id":75939,"date":"2025-04-09T00:13:38","date_gmt":"2025-04-08T22:13:38","guid":{"rendered":"https:\/\/www.infokuryr.cz\/n\/?p=75939"},"modified":"2025-04-08T16:04:00","modified_gmt":"2025-04-08T14:04:00","slug":"betar-krajne-pravicova-nenavistna-skupina-ktera-pomaha-trumpovi-deportovat-izraelske-kritiky","status":"publish","type":"post","link":"https:\/\/www.infokuryr.cz\/n\/2025\/04\/09\/betar-krajne-pravicova-nenavistna-skupina-ktera-pomaha-trumpovi-deportovat-izraelske-kritiky\/","title":{"rendered":"Betar: Krajn\u011b pravicov\u00e1 nen\u00e1vistn\u00e1 skupina, kter\u00e1 pom\u00e1h\u00e1 Trumpovi deportovat izraelsk\u00e9 kritiky"},"content":{"rendered":"<div id=\"fb-root\"><\/div>\n<div class=\"elementor-element elementor-element-1fb4c2c elementor-widget elementor-widget-theme-post-content\" data-id=\"1fb4c2c\" data-element_type=\"widget\" data-widget_type=\"theme-post-content.default\">\n<div class=\"elementor-widget-container\">\n<p><strong>Krajn\u011b pravicov\u00e1, proizraelsk\u00e1 skupina s histori\u00ed podpory terorismu a genocidy \u00fazce spolupracuje s Trumpovou administrativou a sestavuje spisy o tis\u00edc\u00edch propalestinsk\u00fdch jednotlivc\u016f, kter\u00e9 pl\u00e1nuje deportovat ze Spojen\u00fdch st\u00e1t\u016f. Betar US je zn\u00e1m\u00fd po\u0159\u00e1d\u00e1n\u00edm n\u011bkolika setk\u00e1n\u00ed s vysoce postaven\u00fdmi vl\u00e1dn\u00edmi \u00fa\u0159edn\u00edky a z\u00e1sluhou za zat\u010den\u00ed a zadr\u017een\u00ed Mahm\u00fada Khalila, v\u016fdce celon\u00e1rodn\u00edch studentsk\u00fdch protest\u016f proti genocid\u011b, kter\u00e9 za\u010daly na Kolumbijsk\u00e9 univerzit\u011b v lo\u0148sk\u00e9m roce.<\/strong><\/p>\n<p>Ross Glick, v\u00fdkonn\u00fd \u0159editel skupiny do minul\u00e9ho m\u011bs\u00edce, \u0159ekl, \u017ee se setkal s n\u011bkolika vlivn\u00fdmi z\u00e1konod\u00e1rci, v\u010detn\u011b demokratick\u00e9ho sen\u00e1tora Johna Fettermana a zam\u011bstnanc\u016f republik\u00e1nsk\u00fdch sen\u00e1tor\u016f Teda Cruze a Jamese Lankforda, a \u017ee v\u0161ichni podpo\u0159ili kampa\u0148 Betar US, kter\u00e1 m\u011bla zemi zbavit tis\u00edc\u016f \u201ep\u0159\u00edznivc\u016f terorismu\u201c.<\/p>\n<p>Kr\u00e1tce po Glickov\u011b cest\u011b do Washingtonu, DC, Trump podepsal exekutivn\u00ed p\u0159\u00edkaz nazvan\u00fd \u201eDal\u0161\u00ed akce k boji proti antisemitismu\u201c, kter\u00fd slibuje \u201edeportovat mimozem\u0161\u0165any, kte\u0159\u00ed poru\u0161uj\u00ed na\u0161e z\u00e1kony\u201c, \u201epotla\u010dit vandalismus a zastra\u0161ov\u00e1n\u00ed ze strany pro-Hamasov\u00fdch p\u0159\u00edznivc\u016f\u201c a \u201evy\u0161et\u0159it a potrestat proti\u017eidovsk\u00fd rasismus na levicov\u00fdch, protiamerick\u00fdch vysok\u00fdch \u0161kol\u00e1ch\u201c.<\/p>\n<p>Trump s\u00e1m ozn\u00e1mil, \u017ee Khalilovo zat\u010den\u00ed, kter\u00e9 se dostalo na titulky po cel\u00e9m sv\u011bt\u011b, \u201ebude prvn\u00ed z mnoha, kter\u00e9 p\u0159ijde\u201c. \u201eV\u00edme, \u017ee na Kolumbii a dal\u0161\u00edch univerzit\u00e1ch po cel\u00e9 zemi je je\u0161t\u011b v\u00edce student\u016f, kte\u0159\u00ed se zapojuj\u00ed do teroristick\u00fdch, antisemitsk\u00fdch a protiamerick\u00fdch aktivit, a Trumpova administrativa to nebude tolerovat,\u201c napsal na Truth Social. 45. a 47. prezident tak\u00e9 prohl\u00e1sil, \u017ee pl\u00e1nuj\u00ed vyhnat \u201ekomunisty\u201c a \u201emarxisty\u201c ze Spojen\u00fdch st\u00e1t\u016f, i kdy\u017e jsou ob\u010dany. Jde o eskalaci vl\u00e1dou podporovan\u00e9 represe disentu, kter\u00e1 nebyla pozorov\u00e1na od McCarthyho \u00e9ry ve 40. a 50. letech 20. stolet\u00ed.<\/p>\n<h3 class=\"has-medium-font-size\"><strong>Prov\u00e1d\u011bn\u00ed teroru, podpora genocidy<\/strong><\/h3>\n<p>Betar USA se popisuje jako \u201ehlasit\u00e9, hrd\u00e9, agresivn\u00ed a neomluviteln\u00e9 sionistick\u00e9\u201c hnut\u00ed v\u011bnovan\u00e9 \u201eobran\u011b legitimity Izraele a posilov\u00e1n\u00ed \u017eidovsk\u00e9ho spojen\u00ed se Zem\u00ed Izrael\u201c. Pat\u0159\u00ed sem tak\u00e9 \u201epodnik\u00e1n\u00ed tam, kde jin\u00ed ne\u010din\u00ed\u201c \u2013 pom\u011brn\u011b hroziv\u00e1 fr\u00e1ze vzhledem k agresivn\u00edm aktivit\u00e1m \u017eidovsk\u00fdch organizac\u00ed, kter\u00e9 ona o\u010der\u0148uje jako \u201epasivn\u00ed\u201c a slab\u00e9.<\/p>\n<p>Minul\u00fd t\u00fdden se skupina zjevn\u011b otev\u0159en\u011b pokusila zorganizovat pokus o atent\u00e1t na Francescu Albanese, zvl\u00e1\u0161tn\u00edho zpravodaje OSN pro okupovan\u00e1 palestinsk\u00e1 \u00fazem\u00ed. \u201eP\u0159ipojte se k n\u00e1m a dejte Francesce [emoji pageru] v \u00fater\u00fd v Lond\u00fdn\u011b,\u201c zve\u0159ejnila online, co\u017e je zjevn\u00fd odkaz na z\u00e1\u0159ijov\u00fd \u00fatok na pager na Libanon, kter\u00fd provedla izraelsk\u00e1 arm\u00e1da. P\u0159i incidentu byly zabity des\u00edtky lid\u00ed a dal\u0161\u00ed tis\u00edce civilist\u016f zran\u011bny. Byl \u0161iroce odsouzen \u2013 dokonce i b\u00fdval\u00fdm \u0159editelem CIA Leonem Panettou \u2013 jako akt mezin\u00e1rodn\u00edho terorismu.<\/p>\n<p>Minul\u00fd m\u011bs\u00edc vydal Betar USA podobnou hrozbu proti \u017eidovsko-americk\u00e9mu spisovateli Peteru Beinartovi. Pot\u00e9, co New York Times zve\u0159ejnily jeho \u010dl\u00e1nek kritizuj\u00edc\u00ed St\u00e1t Izrael, skupina vydala prohl\u00e1\u0161en\u00ed ve zn\u011bn\u00ed: &#8222;Vyz\u00fdv\u00e1me v\u0161echny \u017didy na Upper West Side, aby dali Peteru Beinartovi [emoji se t\u0159emi tv\u00e1\u0159emi]. Je to zr\u00e1dce, kapo, a my se mu mus\u00edme postavit.&#8220; Betar ho t\u00edm nejen pomluvil jako nacistick\u00e9ho kolaboranta (Kapo) a vyzval k jeho vra\u017ed\u011b, ale zjevn\u011b prozradil i Beinartovo bydli\u0161t\u011b.<\/p>\n<p>K podobn\u00e9mu incidentu do\u0161lo u politologa Normana Finkelsteina. Aby ho zastra\u0161il a uml\u010del, dal si \u010dlen Betaru do kapsy kab\u00e1tu pager a incident nato\u010dil. Pot\u00e9, co Finkelstein odm\u00edtl p\u0159estat kritizovat nespravedlnost na Bl\u00edzk\u00e9m v\u00fdchod\u011b, pokusila se skupina minul\u00fd v\u00edkend naru\u0161it jeho ve\u0159ejnou akci ve Washingtonu, DC.<\/p>\n<p>Snad nejv\u00edce pobu\u0159uj\u00edc\u00ed je, \u017ee Betar tak\u00e9 ve\u0159ejn\u011b vypsal odm\u011bnu na hlavu palestinsko-americk\u00e9 aktivistky Nerdeen Kiswani, kdy\u017e j\u00ed \u0159ekl: &#8222;Nen\u00e1vid\u00ed\u0161 Ameriku, nen\u00e1vid\u00ed\u0161 \u017didy a my jsme tady a nebudeme ml\u010det. 1800 $ ka\u017ed\u00e9mu, kdo d\u00e1 tomuto d\u017eih\u00e1distovi pager,&#8220; a pozd\u011bji nab\u00eddku zopakoval. Po celosv\u011btov\u00e9 opozici organizace smazala sv\u00e9 p\u0159\u00edsp\u011bvky vyz\u00fdvaj\u00edc\u00ed k politick\u00fdm vra\u017ed\u00e1m mezin\u00e1rodn\u00edch \u010dinitel\u016f a ob\u010dan\u016f USA.<\/p>\n<div class=\"twitter-tweet twitter-tweet-rendered\"><iframe id=\"twitter-widget-0\" class=\"\" title=\"X Post\" src=\"https:\/\/platform.twitter.com\/embed\/Tweet.html?dnt=false&amp;embedId=twitter-widget-0&amp;features=eyJ0ZndfdGltZWxpbmVfbGlzdCI6eyJidWNrZXQiOltdLCJ2ZXJzaW9uIjpudWxsfSwidGZ3X2ZvbGxvd2VyX2NvdW50X3N1bnNldCI6eyJidWNrZXQiOnRydWUsInZlcnNpb24iOm51bGx9LCJ0ZndfdHdlZXRfZWRpdF9iYWNrZW5kIjp7ImJ1Y2tldCI6Im9uIiwidmVyc2lvbiI6bnVsbH0sInRmd19yZWZzcmNfc2Vzc2lvbiI6eyJidWNrZXQiOiJvbiIsInZlcnNpb24iOm51bGx9LCJ0ZndfZm9zbnJfc29mdF9pbnRlcnZlbnRpb25zX2VuYWJsZWQiOnsiYnVja2V0Ijoib24iLCJ2ZXJzaW9uIjpudWxsfSwidGZ3X21peGVkX21lZGlhXzE1ODk3Ijp7ImJ1Y2tldCI6InRyZWF0bWVudCIsInZlcnNpb24iOm51bGx9LCJ0ZndfZXhwZXJpbWVudHNfY29va2llX2V4cGlyYXRpb24iOnsiYnVja2V0IjoxMjA5NjAwLCJ2ZXJzaW9uIjpudWxsfSwidGZ3X3Nob3dfYmlyZHdhdGNoX3Bpdm90c19lbmFibGVkIjp7ImJ1Y2tldCI6Im9uIiwidmVyc2lvbiI6bnVsbH0sInRmd19kdXBsaWNhdGVfc2NyaWJlc190b19zZXR0aW5ncyI6eyJidWNrZXQiOiJvbiIsInZlcnNpb24iOm51bGx9LCJ0ZndfdXNlX3Byb2ZpbGVfaW1hZ2Vfc2hhcGVfZW5hYmxlZCI6eyJidWNrZXQiOiJvbiIsInZlcnNpb24iOm51bGx9LCJ0ZndfdmlkZW9faGxzX2R5bmFtaWNfbWFuaWZlc3RzXzE1MDgyIjp7ImJ1Y2tldCI6InRydWVfYml0cmF0ZSIsInZlcnNpb24iOm51bGx9LCJ0ZndfbGVnYWN5X3RpbWVsaW5lX3N1bnNldCI6eyJidWNrZXQiOnRydWUsInZlcnNpb24iOm51bGx9LCJ0ZndfdHdlZXRfZWRpdF9mcm9udGVuZCI6eyJidWNrZXQiOiJvbiIsInZlcnNpb24iOm51bGx9fQ%3D%3D&amp;frame=false&amp;hideCard=false&amp;hideThread=false&amp;id=1903913477246431517&amp;lang=cs&amp;origin=https%3A%2F%2Funcutnews.ch%2Fbetar-die-rechtsextreme-hassgruppe-die-trump-dabei-hilft-israels-kritiker-abzuschieben%2F&amp;sessionId=a15c8f150ec9e4581e5edc7a4b8dfe993df335b5&amp;theme=light&amp;widgetsVersion=2615f7e52b7e0%3A1702314776716&amp;width=550px\" frameborder=\"0\" scrolling=\"no\" allowfullscreen=\"allowfullscreen\" data-tweet-id=\"1903913477246431517\" data-mce-fragment=\"1\"><\/iframe><\/div>\n<p><em><strong>P\u0159eklad \u201eX\u201c<\/strong>\u00a0: Je docela divok\u00e9, \u017ee terorist\u00e9 nyn\u00ed mohou na t\u00e9to platform\u011b otev\u0159en\u011b podn\u011bcovat a podn\u011bcovat teroristick\u00e9 \u010diny.<\/em><\/p>\n<p><em>&#8222;Smazali jsme p\u0159\u00edsp\u011bvky o p\u00edp\u00e1c\u00edch, proto\u017ee odv\u00e1d\u011bj\u00ed pozornost. Zam\u011b\u0159me se na zl\u00e9 d\u017eih\u00e1disty, kte\u0159\u00ed nen\u00e1vid\u00ed Ameriku a \u017didy. Tito n\u00e1silni\u010dt\u00ed d\u017eih\u00e1dist\u00e9 \u200b\u200bnemaj\u00ed v Americe m\u00edsto.&#8220;<\/em><\/p>\n<p>Krom\u011b toho se Betar pravideln\u011b pokou\u0161\u00ed zastra\u0161it nebo potla\u010dit hnut\u00ed nebo shrom\u00e1\u017ed\u011bn\u00ed, kter\u00e1 protestuj\u00ed proti izraelsk\u00fdm zlo\u010din\u016fm. Na studentsk\u00e9 akci na UCLA Betar ve\u0159ejn\u011b prohl\u00e1sil: &#8222;Po\u017eadujeme, aby policie tyto n\u00e1siln\u00edky okam\u017eit\u011b odstranila, a pokud tak neu\u010din\u00ed, budeme nuceni k tomu zorganizovat skupiny \u017did\u016f.&#8220;<\/p>\n<p>V lednu se Betar pokusila p\u0159eru\u0161it hl\u00eddku v New Yorku za Hind Rajab, p\u011btiletou palestinskou d\u00edvku, kter\u00e1 byla brut\u00e1ln\u011b zavra\u017ed\u011bna izraelsk\u00fdmi silami. \u010clenov\u00e9 Betar nat\u00e1\u010deli ud\u00e1lost, \u0159ekli \u00fa\u010dastn\u00edk\u016fm, \u017ee jsou z ICE, a pou\u017eili technologii rozpozn\u00e1v\u00e1n\u00ed obli\u010deje k ur\u010den\u00ed jejich identity, kter\u00e1 by pak byla pou\u017eita k jejich deportaci.<\/p>\n<p>V posledn\u00edch t\u00fddnech \u010dlenov\u00e9 Betaru tak\u00e9 skandovali nen\u00e1vistn\u00e9 projevy p\u0159ed banglad\u00e9\u0161skou me\u0161itou v New Yorku a napadali lidi protestuj\u00edc\u00ed proti neleg\u00e1ln\u00edmu prodeji pozemk\u016f na okupovan\u00e9m Z\u00e1padn\u00edm b\u0159ehu Jord\u00e1nu na aukci v Brooklynu.<\/p>\n<p>Nen\u00ed pochyb o tom, \u017ee Betar je nen\u00e1vistn\u00e1 skupina. Dokonce i notoricky zn\u00e1m\u00e9 proizraelsk\u00e9 skupiny jako Anti-Defamation League (organizace, kterou FBI kdysi ur\u010dila, je t\u00e9m\u011b\u0159 jist\u011b financovan\u00e1 izraelskou vl\u00e1dou), ji p\u0159idaly na sv\u016fj seznam extremistick\u00fdch nen\u00e1vistn\u00fdch organizac\u00ed. ADL poznamen\u00e1v\u00e1, \u017ee Betar pou\u017e\u00edv\u00e1 fa\u0161istick\u00fd kahanistick\u00fd slogan \u201eZa ka\u017ed\u00e9ho \u017dida .22\u201c (co\u017e znamen\u00e1, \u017ee \u017did\u00e9 by m\u011bli b\u00fdt vyzbrojeni pu\u0161kami .22) a nazna\u010dila, \u017ee chce spolupracovat s Proud Boys, krajn\u011b pravicov\u00fdm americk\u00fdm gangem.<\/p>\n<p>Betar se \u010dasto odd\u00e1v\u00e1 n\u00e1sil\u00ed proti civilist\u016fm a vyz\u00fdv\u00e1 ke genocid\u011b Palestinc\u016f. &#8222;Ser na p\u0159\u00edm\u011b\u0159\u00ed! \u00darove\u0148 Gazy!&#8220; prohl\u00e1sili minul\u00fd m\u011bs\u00edc. &#8222;Betar siln\u011b podporuje pl\u00e1n na odstran\u011bn\u00ed Palestinc\u016f z Gazy,&#8220; dodali. V reakci na p\u0159\u00edsp\u011bvek se seznamem velk\u00e9ho po\u010dtu palestinsk\u00fdch miminek zabit\u00fdch od 7. \u0159\u00edjna 2023 odpov\u011bd\u011bli: &#8222;Nesta\u010d\u00ed. Po\u017eadujeme krveprolit\u00ed v Gaze!&#8220;<\/p>\n<div class=\"twitter-tweet twitter-tweet-rendered\"><iframe id=\"twitter-widget-1\" class=\"\" title=\"X Post\" src=\"https:\/\/platform.twitter.com\/embed\/Tweet.html?dnt=false&amp;embedId=twitter-widget-1&amp;features=eyJ0ZndfdGltZWxpbmVfbGlzdCI6eyJidWNrZXQiOltdLCJ2ZXJzaW9uIjpudWxsfSwidGZ3X2ZvbGxvd2VyX2NvdW50X3N1bnNldCI6eyJidWNrZXQiOnRydWUsInZlcnNpb24iOm51bGx9LCJ0ZndfdHdlZXRfZWRpdF9iYWNrZW5kIjp7ImJ1Y2tldCI6Im9uIiwidmVyc2lvbiI6bnVsbH0sInRmd19yZWZzcmNfc2Vzc2lvbiI6eyJidWNrZXQiOiJvbiIsInZlcnNpb24iOm51bGx9LCJ0ZndfZm9zbnJfc29mdF9pbnRlcnZlbnRpb25zX2VuYWJsZWQiOnsiYnVja2V0Ijoib24iLCJ2ZXJzaW9uIjpudWxsfSwidGZ3X21peGVkX21lZGlhXzE1ODk3Ijp7ImJ1Y2tldCI6InRyZWF0bWVudCIsInZlcnNpb24iOm51bGx9LCJ0ZndfZXhwZXJpbWVudHNfY29va2llX2V4cGlyYXRpb24iOnsiYnVja2V0IjoxMjA5NjAwLCJ2ZXJzaW9uIjpudWxsfSwidGZ3X3Nob3dfYmlyZHdhdGNoX3Bpdm90c19lbmFibGVkIjp7ImJ1Y2tldCI6Im9uIiwidmVyc2lvbiI6bnVsbH0sInRmd19kdXBsaWNhdGVfc2NyaWJlc190b19zZXR0aW5ncyI6eyJidWNrZXQiOiJvbiIsInZlcnNpb24iOm51bGx9LCJ0ZndfdXNlX3Byb2ZpbGVfaW1hZ2Vfc2hhcGVfZW5hYmxlZCI6eyJidWNrZXQiOiJvbiIsInZlcnNpb24iOm51bGx9LCJ0ZndfdmlkZW9faGxzX2R5bmFtaWNfbWFuaWZlc3RzXzE1MDgyIjp7ImJ1Y2tldCI6InRydWVfYml0cmF0ZSIsInZlcnNpb24iOm51bGx9LCJ0ZndfbGVnYWN5X3RpbWVsaW5lX3N1bnNldCI6eyJidWNrZXQiOnRydWUsInZlcnNpb24iOm51bGx9LCJ0ZndfdHdlZXRfZWRpdF9mcm9udGVuZCI6eyJidWNrZXQiOiJvbiIsInZlcnNpb24iOm51bGx9fQ%3D%3D&amp;frame=false&amp;hideCard=false&amp;hideThread=false&amp;id=1892611426390364362&amp;lang=cs&amp;origin=https%3A%2F%2Funcutnews.ch%2Fbetar-die-rechtsextreme-hassgruppe-die-trump-dabei-hilft-israels-kritiker-abzuschieben%2F&amp;sessionId=a15c8f150ec9e4581e5edc7a4b8dfe993df335b5&amp;theme=light&amp;widgetsVersion=2615f7e52b7e0%3A1702314776716&amp;width=550px\" frameborder=\"0\" scrolling=\"no\" allowfullscreen=\"allowfullscreen\" data-tweet-id=\"1892611426390364362\" data-mce-fragment=\"1\"><\/iframe><\/div>\n<p><em><strong>P\u0159eklad \u201eX\u201c<\/strong>\u00a0: Seru na p\u0159\u00edm\u011b\u0159\u00ed! Sn\u00ed\u017eit Gazu na trosky a popel! Pro rodinu Bibasov\u00fdch! Mus\u00ed\u0161 j\u00edt!<\/em><\/p>\n<h3 class=\"has-medium-font-size\"><strong>Fa\u0161istick\u00e1 polovojensk\u00e1 organizace \u2013 ale \u017eidovsk\u00e1<\/strong><\/h3>\n<p>Po\u010d\u00e1tky Betaru sahaj\u00ed v\u00edce ne\u017e 100 let zp\u011bt. Skupinu zalo\u017eil ran\u00fd sionistick\u00fd v\u016fdce Ze&#8217;ev Jabotinsky jako krajn\u011b pravicovou polovojenskou s\u00edlu, kter\u00e1 se v\u00fdslovn\u011b stav\u011bla proti levicov\u00fdm \u017eidovsk\u00fdm skupin\u00e1m, kter\u00e9 dominovaly v dob\u011b, kdy \u201e\u017eidovsk\u00e9\u201c a \u201esocialistick\u00e9\u201c byly pro mnoh\u00e9 prakticky synonymy. Jabotinsk\u00fd v\u011b\u0159il, \u017ee z\u0159\u00edzen\u00ed st\u00e1tu v Palestin\u011b bude vy\u017eadovat vytvo\u0159en\u00ed toho, co naz\u00fdval \u201enov\u00fdm \u017didem\u201c, kter\u00fd by byl ochoten bojovat a zem\u0159\u00edt za sionismus. Za t\u00edmto \u00fa\u010delem byl Betar zalo\u017een jako bojov\u00e1 organizace a z\u00edskal \u0161t\u011bdrou finan\u010dn\u00ed podporu od konzervativn\u00edch mecen\u00e1\u0161\u016f.<\/p>\n<p>Jabotinsky na\u0159\u00eddil \u010dlen\u016fm, aby p\u0159\u00edsahali nenarozen\u00e9mu Izraeli: \u201eV\u011bnuji sv\u016fj \u017eivot znovuzrozen\u00ed \u017eidovsk\u00e9ho st\u00e1tu s \u017eidovskou v\u011bt\u0161inou na obou stran\u00e1ch Jord\u00e1nu. Vytvo\u0159en\u00ed takov\u00e9ho st\u00e1tu by proto vy\u017eadovalo masov\u00e9 vyhlazov\u00e1n\u00ed nebo vyhn\u00e1n\u00ed p\u016fvodn\u00edch obyvatel regionu.<\/p>\n<p>Ofici\u00e1ln\u00ed jm\u00e9no Betar bylo Brit Yosef Trumpeldor, pojmenovan\u00e9 po \u017eidovsk\u00e9m osadn\u00edkovi, kter\u00fd byl zabit v ran\u00e9 p\u0159est\u0159elce s Palestinci o sporn\u00e9 \u00fazem\u00ed v roce 1920. Byli to pr\u00e1v\u011b mu\u017ei jako Trumpeldor, kter\u00e9 Jabotinsk\u00fd pova\u017eoval za nutn\u00e9 vyhr\u00e1t, na rozd\u00edl od v\u011bt\u0161iny evropsk\u00fdch \u017did\u016f, kter\u00e9 pova\u017eoval za pasivn\u00ed a slab\u00e9.<\/p>\n<p>Ve dvac\u00e1t\u00fdch letech 20. stolet\u00ed Evropa za\u017eila obdob\u00ed rostouc\u00edho antisemitismu a navzdory sv\u00e9 vlastn\u00ed proti\u017eidovsk\u00e9 povaze mnoho konzervativn\u00edch \u017did\u016f obdivovalo discipl\u00ednu a organizaci fa\u0161istick\u00fdch polovojensk\u00fdch jednotek, jako byly Hitlerovy hn\u011bd\u00e9 ko\u0161ile. Betar se \u0159\u00eddil t\u011bmito skupinami, p\u0159i\u010dem\u017e Jabotinsk\u00fd v\u011b\u0159il, \u017ee \u00fasp\u011bch sionistick\u00e9ho projektu z\u00e1vis\u00ed na zalo\u017een\u00ed takov\u00fdch organizac\u00ed.<\/p>\n<p>Kv\u016fli jeho protikomunistick\u00e9mu a protid\u011blnick\u00e9mu postoji proudily konzervativn\u00ed prost\u0159edky do Betaru, kter\u00fd se stal ve 30. letech jednou z nejv\u011bt\u0161\u00edch a nejvlivn\u011bj\u0161\u00edch \u017eidovsk\u00fdch organizac\u00ed s asi 70 000 \u010dleny. V\u016fdci Betaru se pozd\u011bji stali kl\u00ed\u010dov\u00fdmi postavami izraelsk\u00e9 politiky. Pat\u0159ili mezi n\u011b premi\u00e9\u0159i Menachem Begin a Jicchak Shamir a tak\u00e9 Benzion Netanjahu, otec sou\u010dasn\u00e9ho premi\u00e9ra Benjamina Netanjahua.<\/p>\n<div class=\"wp-block-image\" style=\"text-align: center;\">\n<figure class=\"aligncenter size-large\"><img decoding=\"async\" loading=\"lazy\" class=\"aligncenter\" src=\"https:\/\/i0.wp.com\/www.mintpressnews.com\/wp-content\/uploads\/2025\/03\/Betar_youth_camp_1_edited.jpg?w=800&amp;ssl=1\" alt=\"\" width=\"774\" height=\"507\" data-recalc-dims=\"1\" \/><figcaption class=\"wp-element-caption\"><em>\u010clenov\u00e9 Betar se \u00fa\u010dastn\u00ed letn\u00edho t\u00e1bora ml\u00e1de\u017ee v polsk\u00e9m m\u011bst\u011b Zakopane v roce 1935. Foto | Public Domain<\/em><\/figcaption><\/figure>\n<\/div>\n<p>Toto zobrazen\u00ed Betara jako fa\u0161istick\u00e9 teroristick\u00e9 skupiny m\u016f\u017ee zn\u00edt zaujat\u011b nebo jednostrann\u011b, ale mnoho z t\u011bchto informac\u00ed poch\u00e1z\u00ed p\u0159\u00edmo od samotn\u00e9 organizace.<\/p>\n<p>Sekce \u201eN\u00e1\u0161 p\u0159\u00edb\u011bh\u201c na ofici\u00e1ln\u00edch str\u00e1nk\u00e1ch Betar uv\u00e1d\u00ed (zv\u00fdrazn\u011bn\u00ed p\u0159id\u00e1no):<\/p>\n<p><em>\u201eBetar se tak stal l\u00edhn\u00ed rozvoje pravicov\u00fdch sionistick\u00fdch my\u0161lenek a jeho n\u00e1sledovn\u00edci byli n\u011bkdy\u00a0<strong>naz\u00fdv\u00e1ni \u201e\u017eidovsk\u00fdmi fa\u0161isty\u201c.<\/strong>\u00a0V Palestin\u011b \u010dlenov\u00e9 Betar napom\u00e1hali ileg\u00e1ln\u00ed \u017eidovsk\u00e9 imigraci a byli aktivn\u00edmi podn\u011bcovateli nepokoj\u016f a n\u00e1sil\u00ed V reakci na \u00fatoky\u00a0<strong>\u010dasto bombardovali arabsk\u00e9 obytn\u00e9 oblasti<\/strong>\u00a0a vedli partyz\u00e1nskou v\u00e1lku proti Brit\u016fm.<\/em><\/p>\n<p>Organizace se proto ne\u0161t\u00edt\u00ed ozna\u010dit se za fa\u0161istickou a hrd\u011b prohla\u0161uje, \u017ee \u201e\u010dasto\u201c podnik\u00e1 teroristick\u00e9 \u00fatoky proti arabsk\u00fdm civilist\u016fm v Palestin\u011b. (N\u011bkdy minul\u00fd t\u00fdden, pot\u00e9, co \u010delil zv\u00fd\u0161en\u00e9 kontrole kv\u016fli sv\u00fdm vazb\u00e1m na Trumpovu administrativu, Betar odstranil jak \u201efa\u0161istick\u00e9\u201c ozna\u010den\u00ed, tak vychloub\u00e1n\u00ed o bombardov\u00e1n\u00ed Arab\u016f, ale p\u016fvodn\u00ed str\u00e1nku lze st\u00e1le zobrazit prost\u0159ednictv\u00edm internetov\u00e9ho archivu.<\/p>\n<p>Od 7. \u0159\u00edjna 2023 Betar v\u00fdrazn\u011b zv\u00fd\u0161il svou p\u0159\u00edtomnost ve Spojen\u00fdch st\u00e1tech d\u00edky krajn\u011b pravicov\u00e9mu izraelsko-americk\u00e9mu podnikateli Ronnu Torossianovi a v\u00fdkonn\u00e9mu \u0159editeli Rossi Glickovi. V \u010dervenci 2024 spole\u010dnost Betar \u00fasp\u011b\u0161n\u011b po\u017e\u00e1dala o status neziskov\u00e9 organizace osvobozen\u00e9 od dan\u011b, co\u017e znamen\u00e1, \u017ee je vl\u00e1dou klasifikov\u00e1na jako charitativn\u00ed organizace. &#8222;Od na\u0161eho o\u017eiven\u00ed v roce 2024 m\u00e1 Betar siln\u00fd dopad v USA a my jsme teprve na za\u010d\u00e1tku. Rekrutujeme, rozv\u00edj\u00edme a zmoc\u0148ujeme \u017didy, aby se stali nekompromisn\u00edmi sionistick\u00fdmi v\u016fdci \u2013 br\u00e1n\u00edc\u00edmi Izrael na akademick\u00e9 p\u016fd\u011b, v komunit\u00e1ch a na v\u0161ech platform\u00e1ch,&#8220; p\u00ed\u0161e Betar. Vy\u0161et\u0159ov\u00e1n\u00ed The Electronic Intifada v\u0161ak nazna\u010duje, \u017ee Betar mohl sb\u00edrat dary neleg\u00e1ln\u011b.<\/p>\n<p>Stejn\u00e1 zpr\u00e1va poukazuje na to, \u017ee Glick byl obvin\u011bn ze z\u00e1va\u017en\u00fdch sexu\u00e1ln\u00edch zlo\u010din\u016f. V roce 2019 jeho b\u00fdval\u00e1 p\u0159\u00edtelkyn\u011b na\u0161la sv\u00e9 nah\u00e9 fotky na ofici\u00e1ln\u00edch str\u00e1nk\u00e1ch sv\u00e9 spole\u010dnosti na Instagramu, Facebooku a Twitteru. Glick byl zat\u010den a obvin\u011bn z nez\u00e1konn\u00e9ho pou\u017e\u00edv\u00e1n\u00ed po\u010d\u00edta\u010de a nez\u00e1konn\u00e9ho zve\u0159ejn\u011bn\u00ed chl\u00edpn\u00fdch obr\u00e1zk\u016f. P\u0159iznal se k obt\u011b\u017eov\u00e1n\u00ed druh\u00e9ho stupn\u011b, t\u011b\u017ek\u00e9mu zlo\u010dinu, a zaplatil pokutu.<\/p>\n<p>Koment\u00e1to\u0159i nap\u0159\u00ed\u010d politick\u00fdm spektrem se shoduj\u00ed, \u017ee Trumpova administrativa tla\u010d\u00ed Spojen\u00e9 st\u00e1ty doprava a po\u0161lap\u00e1v\u00e1 \u00fastavn\u00ed ochrany a z\u00e1ruky. Na\u0161li spojence v mnoha kontroverzn\u00edch skupin\u00e1ch. Skute\u010dnost, \u017ee tak mal\u00e9 a nov\u00e9 hnut\u00ed jako Betar US ji\u017e m\u00e1 takov\u00fd vliv v B\u00edl\u00e9m dom\u011b, ji\u017e zvedla obo\u010d\u00ed. A vzhledem k odhodl\u00e1n\u00ed Izraele pokra\u010dovat ve sv\u00fdch genocidn\u00edch kampan\u00edch proti sv\u00fdm soused\u016fm \u2013 a Trumpov\u011b bezmezn\u00e9 podpo\u0159e sv\u00e9ho spojence \u2013 je pravd\u011bpodobn\u00e9, \u017ee moc Betaru za sou\u010dasn\u00e9 vl\u00e1dy jen poroste.<\/p>\n<p>Pokud je tomu tak, je to \u0161patn\u00e1 zpr\u00e1va pro ka\u017ed\u00e9ho, kdo si v\u00e1\u017e\u00ed pr\u00e1va na svobodu projevu a protestu. Je proto z\u00e1sadn\u00ed, aby tato skupina byla pochopena a zpochybn\u011bna, sp\u00ed\u0161e ne\u017e aby j\u00ed bylo umo\u017en\u011bno p\u016fsobit v tajnosti za zav\u0159en\u00fdmi dve\u0159mi.<\/p>\n<p><strong><em>Autor: Alan Macleod<\/em><\/strong><\/p>\n<\/div>\n<\/div>\n<div class=\"elementor-element elementor-element-8c57238 quelle dc-has-condition dc-condition-empty elementor-widget elementor-widget-heading\" data-id=\"8c57238\" data-element_type=\"widget\" data-widget_type=\"heading.default\">\n<div class=\"elementor-widget-container\">\n<h3 class=\"elementor-heading-title elementor-size-default\"><span style=\"font-size: 10pt;\"><a href=\"https:\/\/www.mintpressnews.com\/betar-the-far-right-hate-group-helping-trump-deport-israels-critics\/289301\/\" target=\"_blank\" rel=\"nofollow noopener\">Zdroj<\/a><\/span><\/h3>\n<\/div>\n<\/div>\n","protected":false},"excerpt":{"rendered":"<p>Krajn\u011b pravicov\u00e1, proizraelsk\u00e1 skupina s histori\u00ed podpory terorismu a genocidy \u00fazce spolupracuje s Trumpovou administrativou&#8230;<\/p>\n","protected":false},"author":2,"featured_media":75940,"comment_status":"closed","ping_status":"closed","sticky":false,"template":"","format":"standard","meta":[],"categories":[7],"tags":[8866,1650,404],"_links":{"self":[{"href":"https:\/\/www.infokuryr.cz\/n\/wp-json\/wp\/v2\/posts\/75939"}],"collection":[{"href":"https:\/\/www.infokuryr.cz\/n\/wp-json\/wp\/v2\/posts"}],"about":[{"href":"https:\/\/www.infokuryr.cz\/n\/wp-json\/wp\/v2\/types\/post"}],"author":[{"embeddable":true,"href":"https:\/\/www.infokuryr.cz\/n\/wp-json\/wp\/v2\/users\/2"}],"replies":[{"embeddable":true,"href":"https:\/\/www.infokuryr.cz\/n\/wp-json\/wp\/v2\/comments?post=75939"}],"version-history":[{"count":1,"href":"https:\/\/www.infokuryr.cz\/n\/wp-json\/wp\/v2\/posts\/75939\/revisions"}],"predecessor-version":[{"id":75941,"href":"https:\/\/www.infokuryr.cz\/n\/wp-json\/wp\/v2\/posts\/75939\/revisions\/75941"}],"wp:featuredmedia":[{"embeddable":true,"href":"https:\/\/www.infokuryr.cz\/n\/wp-json\/wp\/v2\/media\/75940"}],"wp:attachment":[{"href":"https:\/\/www.infokuryr.cz\/n\/wp-json\/wp\/v2\/media?parent=75939"}],"wp:term":[{"taxonomy":"category","embeddable":true,"href":"https:\/\/www.infokuryr.cz\/n\/wp-json\/wp\/v2\/categories?post=75939"},{"taxonomy":"post_tag","embeddable":true,"href":"https:\/\/www.infokuryr.cz\/n\/wp-json\/wp\/v2\/tags?post=75939"}],"curies":[{"name":"wp","href":"https:\/\/api.w.org\/{rel}","templated":true}]}}