{"id":75929,"date":"2025-04-08T07:22:58","date_gmt":"2025-04-08T05:22:58","guid":{"rendered":"https:\/\/www.infokuryr.cz\/n\/?p=75929"},"modified":"2025-04-08T07:22:58","modified_gmt":"2025-04-08T05:22:58","slug":"musk-salvinimu-manie-cenzury-a-regulace-je-zasadne-fasisticka","status":"publish","type":"post","link":"https:\/\/www.infokuryr.cz\/n\/2025\/04\/08\/musk-salvinimu-manie-cenzury-a-regulace-je-zasadne-fasisticka\/","title":{"rendered":"Musk Salvinimu: M\u00e1nie cenzury a regulace je \u201ez\u00e1sadn\u011b fa\u0161istick\u00e1\u201c"},"content":{"rendered":"<div id=\"fb-root\"><\/div>\n<p><strong><span>B\u011bhem stranick\u00e9ho kongresu italsk\u00e9 Lega Mattea Salviniho se Elon Musk p\u0159ipojil k rozhovoru. Hovo\u0159il o probl\u00e9mech jako masov\u00e1 migrace, cla, cenzura a p\u0159ehnan\u00e1 regulace ze strany EU. Miliard\u00e1\u0159 vid\u00ed v Evrop\u011b \u201ez\u00e1sadn\u011b fa\u0161istick\u00e9\u201c tendence.<\/span><\/strong><\/p>\n<p><span>Elon Musk stoj\u00ed za svobodou projevu, jak je to jen mo\u017en\u00e9. Uvedl to jasn\u011b b\u011bhem vyd\u00e1n\u00ed \u201eTwitter Files\u201c, kter\u00e9 odhalily rozs\u00e1hl\u00e9 snahy americk\u00e9 vl\u00e1dy o cenzuru. Nyn\u00ed tak\u00e9\u00a0<\/span><a href=\"https:\/\/x.com\/cb_doge\/status\/1908562827314405428\"><span>ost\u0159e kritizuje<\/span><\/a><span> EU, kter\u00e1 tak\u00e9 vol\u00e1 po re\u017eimu p\u0159\u00edsn\u00e9 cenzury a chce ulo\u017eit pokutu a\u017e do v\u00fd\u0161e jedn\u00e9 miliardy dolar\u016f spole\u010dnosti X. \u201eM\u016f\u017eete ur\u010dit, kter\u00e1 strana je dobr\u00e1 a kter\u00e1 \u0161patn\u00e1, kdy\u017e uvid\u00edte, kter\u00e1 strana chce omezit svobodu projevu,\u201c \u0159ekl Musk Salvinimu. &#8222;Hitlerov\u00e9, Stalinov\u00e9 a Mussoliniov\u00e9 tohoto sv\u011bta m\u011bli velmi p\u0159\u00edsnou cenzuru.&#8220;<\/span><\/p>\n<p><span>&#8222;Omezen\u00ed svobody projevu a velk\u00e9 vl\u00e1dy jsou z\u00e1sadn\u011b fa\u0161istick\u00e9. Je ironi\u00ed, \u017ee snaha o cenzuru velmi jasn\u011b ukazuje, \u017ee levice je stranou proti svobod\u011b,&#8220; dodal gener\u00e1ln\u00ed \u0159editel spole\u010dnost\u00ed Tesla a SpaceX. A skute\u010dn\u011b se zd\u00e1, \u017ee zejm\u00e9na pravicov\u00e9 a skute\u010dn\u011b konzervativn\u00ed strany jsou pro pos\u00edlen\u00ed svobody projevu, zat\u00edmco liber\u00e1lov\u00e9 a levice ji cht\u011bj\u00ed st\u00e1le v\u00edce omezovat.<\/span><\/p>\n<h3 id=\"h-eine-grosse-freihandelszone-als-ideal\" class=\"wp-block-heading\"><span>Velk\u00e1 z\u00f3na voln\u00e9ho obchodu jako ide\u00e1l<\/span><\/h3>\n<p><span>Na \u00farovni hospod\u00e1\u0159sk\u00e9 politiky podnikatel\u00a0<\/span><a href=\"https:\/\/x.com\/joshdcaplan\/status\/1908601730821914841\"><span>po\u017eadoval<\/span><\/a><span>\u00a0z\u00f3nu voln\u00e9ho obchodu mezi Evropou a Severn\u00ed Amerikou. &#8222;Douf\u00e1m, \u017ee Spojen\u00e9 st\u00e1ty a Evropa mohou v ide\u00e1ln\u00edm p\u0159\u00edpad\u011b podle m\u00e9ho n\u00e1zoru doj\u00edt k situaci bez cel. Efektivn\u011b vytvo\u0159it z\u00f3nu voln\u00e9ho obchodu mezi Evropou a Severn\u00ed Amerikou,&#8220; \u0159ekl Musk.\u00a0<\/span><strong><span>&#8222;V to douf\u00e1m a tak\u00e9 ve v\u011bt\u0161\u00ed svobodu pro lidi pendlovat mezi Evropou a USA. Pokud cht\u011bj\u00ed pracovat v Evrop\u011b nebo Americe, podle m\u00e9ho n\u00e1zoru by m\u011bli b\u00fdt schopni.<\/span><\/strong><span> To byla ur\u010dit\u011b moje rada prezidentovi,&#8220; dodal miliard\u00e1\u0159.<\/span><\/p>\n<p><span>Probl\u00e9mem pro n\u011bj ale nejsou jen cla, ale tak\u00e9 mnoh\u00e1 pravidla a p\u0159edpisy v Evropsk\u00e9 unii. &#8222;Evropa je p\u0159eregulovan\u00e1. Existuje p\u0159\u00edli\u0161 mnoho pravidel a regulac\u00ed, kter\u00e9 velmi zt\u011b\u017euj\u00ed zah\u00e1jen\u00ed podnik\u00e1n\u00ed a \u00fasp\u011bch,&#8220; \u0159ekl Musk Salvinimu. &#8222;Proto si mysl\u00edm, \u017ee je v Evrop\u011b nutn\u00e1 radik\u00e1ln\u00ed deregulace. A pokud to znamen\u00e1 odchod z EU, pak to znamen\u00e1 odchod z EU,&#8220; dodal bez obalu.<\/span><\/p>\n<h3 id=\"h-scharfe-kritik-an-der-massenzuwanderung\" class=\"wp-block-heading\"><span>Ostr\u00e1 kritika masov\u00e9 imigrace<\/span><\/h3>\n<p><span>Identita n\u00e1roda spo\u010d\u00edv\u00e1 v jeho lidech, ne v jeho hranic\u00edch,\u00a0<\/span><a href=\"https:\/\/x.com\/america\/status\/1908557679494054208\"><span>\u0159ekl Musk,<\/span><\/a><span>\u00a0kdy\u017e dojde na masovou migraci. Varoval, \u017ee neregulovan\u00e1 migrace m\u016f\u017ee v kone\u010dn\u00e9m d\u016fsledku zp\u016fsobit konec zem\u011b, proto\u017ee ztrat\u00ed svou identitu a soudr\u017enost.\u00a0<\/span><strong><span>\u201eMasov\u00e1 migrace je \u0161\u00edlen\u00e1 a povede ke zni\u010den\u00ed jak\u00e9koli zem\u011b, kter\u00e1 umo\u017e\u0148uje neomezenou masovou migraci \u2013 tato zem\u011b prost\u011b p\u0159estane existovat,\u201c varoval Musk.<\/span><\/strong><span> &#8222;Zem\u011b je jej\u00ed lid, ne jej\u00ed geografie. To je z\u00e1kladn\u00ed koncept.&#8220;<\/span><\/p>\n<p><span>Vzhledem k tomu, \u017ee v N\u011bmecku se od migra\u010dn\u00ed krize 2015\/2016 pou\u017e\u00edvaj\u00ed \u201emerkelsk\u00e9 patn\u00edky\u201c k ochran\u011b p\u0159ed \u00fatoky islamist\u016f a \u017ee ve\u0159ejn\u00e9 akce jako karnevalov\u00e9 pr\u016fvody jsou st\u00e1le \u010dast\u011bji ru\u0161eny pr\u00e1v\u011b kv\u016fli takov\u00fdm teroristick\u00fdm hrozb\u00e1m, Muskova prohl\u00e1\u0161en\u00ed nab\u00fdvaj\u00ed na v\u00e1ze. Na odpov\u00eddaj\u00edc\u00ed probl\u00e9my poukazuje i imigrace do soci\u00e1ln\u00edch syst\u00e9m\u016f, kter\u00e1 ji\u017e nyn\u00ed zp\u016fsobuje finan\u010dn\u00ed probl\u00e9my zdravotn\u00edm poji\u0161\u0165ovn\u00e1m a samospr\u00e1v\u00e1m.<\/span><\/p>\n<p><span>Elon Musk se sna\u017e\u00ed evropsk\u00fdm politik\u016fm otev\u0159\u00edt o\u010di. P\u0159inejmen\u0161\u00edm v It\u00e1lii jeho prohl\u00e1\u0161en\u00ed pravd\u011bpodobn\u011b vyvolaj\u00ed rozs\u00e1hlej\u0161\u00ed diskuse na politick\u00e9 \u00farovni \u2013 a dokonce rozv\u00ed\u0159\u00ed vlny a\u017e v Bruselu. Projev\u00ed v\u0161ak cenzuru chtiv\u00ed liber\u00e1lov\u00e9, levi\u010d\u00e1ci a eurokrat\u00e9 vhled? O tom lze pochybovat.<\/span><\/p>\n<p><img decoding=\"async\" loading=\"lazy\" class=\"alignnone size-full wp-image-71983\" src=\"http:\/\/www.infokuryr.cz\/n\/wp-content\/uploads\/2025\/02\/aaa.jpg\" alt=\"\" width=\"89\" height=\"23\" \/><\/p>\n<p>&nbsp;<\/p>\n","protected":false},"excerpt":{"rendered":"<p>B\u011bhem stranick\u00e9ho kongresu italsk\u00e9 Lega Mattea Salviniho se Elon Musk p\u0159ipojil k rozhovoru. Hovo\u0159il o&#8230;<\/p>\n","protected":false},"author":2,"featured_media":75930,"comment_status":"closed","ping_status":"closed","sticky":false,"template":"","format":"standard","meta":[],"categories":[7],"tags":[63,485,8865,553],"_links":{"self":[{"href":"https:\/\/www.infokuryr.cz\/n\/wp-json\/wp\/v2\/posts\/75929"}],"collection":[{"href":"https:\/\/www.infokuryr.cz\/n\/wp-json\/wp\/v2\/posts"}],"about":[{"href":"https:\/\/www.infokuryr.cz\/n\/wp-json\/wp\/v2\/types\/post"}],"author":[{"embeddable":true,"href":"https:\/\/www.infokuryr.cz\/n\/wp-json\/wp\/v2\/users\/2"}],"replies":[{"embeddable":true,"href":"https:\/\/www.infokuryr.cz\/n\/wp-json\/wp\/v2\/comments?post=75929"}],"version-history":[{"count":0,"href":"https:\/\/www.infokuryr.cz\/n\/wp-json\/wp\/v2\/posts\/75929\/revisions"}],"wp:featuredmedia":[{"embeddable":true,"href":"https:\/\/www.infokuryr.cz\/n\/wp-json\/wp\/v2\/media\/75930"}],"wp:attachment":[{"href":"https:\/\/www.infokuryr.cz\/n\/wp-json\/wp\/v2\/media?parent=75929"}],"wp:term":[{"taxonomy":"category","embeddable":true,"href":"https:\/\/www.infokuryr.cz\/n\/wp-json\/wp\/v2\/categories?post=75929"},{"taxonomy":"post_tag","embeddable":true,"href":"https:\/\/www.infokuryr.cz\/n\/wp-json\/wp\/v2\/tags?post=75929"}],"curies":[{"name":"wp","href":"https:\/\/api.w.org\/{rel}","templated":true}]}}